{"id":1022841,"date":"2026-09-05T14:42:35","date_gmt":"2026-09-05T18:42:35","guid":{"rendered":""},"modified":"2026-09-05T14:55:01","modified_gmt":"2026-09-05T18:55:01","slug":"discrepancia-entre-fortaleza-y-asg-sobre-a-quien-la-toca-aprobar-el-contrato-de-amas-de-llaves","status":"publish","type":"post","link":"https:\/\/noticel.com\/en\/noticias\/20260905\/discrepancia-entre-fortaleza-y-asg-sobre-a-quien-la-toca-aprobar-el-contrato-de-amas-de-llaves\/","title":{"rendered":"Discrepancia entre Fortaleza y ASG sobre a qui\u00e9n la toca aprobar el contrato de amas de llaves"},"content":{"rendered":"<p>El contrato de servicio de ama de llaves del Departamento de la Familia est\u00e1 en una controversia sobre cu\u00e1l entidad es la que tiene que dar su visto bueno.<\/p>\n\n\n\n<p>Por un lado, la gobernadora, Jenniffer Gonz\u00e1lez Col\u00f3n, sostiene que espera por la Junta Fiscal para otorgar un contrato multianual, mientras que la administradora de la Administraci\u00f3n de Servicios Generales, Karla Mercado Rivera, sentenci\u00f3 que la aprobaci\u00f3n le correspond\u00eda a su agencia.<\/p>\n\n\n\n<p>Seg\u00fan el comunicado de prensa emitido la gobernadora, se firm\u00f3 por un mes el contrato entre la Corporaci\u00f3n de Servicios de Ama de Llaves (COSALL) y el Departamento de la Familia, en lo que culmina el tr\u00e1mite del contrato multianual pendiente ante la Junta de Supervisi\u00f3n Fiscal (JSF) para su aprobaci\u00f3n final.<\/p>\n\n\n\n<p>Gonz\u00e1lez Col\u00f3n mencion\u00f3 que propuso que este servicio tuviera una continuidad de dos a\u00f1os. La propuesta de la gobernadora a\u00fan espera por la confirmaci\u00f3n final de la Junta Fiscal.<\/p>\n\n\n\n<p>El contrato multianual entre la Administraci\u00f3n de Familias y Ni\u00f1os (ADFAN) y COSALL se encuentra bajo evaluaci\u00f3n de la Junta, debido a que, por su cuant\u00eda de 18 millones de d\u00f3lares que costea el servicio de 1,500 amas de llaves por dos a\u00f1os, requiere la aprobaci\u00f3n de la entidad creada bajo la Ley Promesa.<\/p><div class=\"notic-content-middle\" id=\"notic-4165723765\"><div class=\"notic-adlabel\">Advertisements<\/div><a data-no-instant=\"1\" href=\"https:\/\/www.cst.pr.gov\/\" rel=\"noopener\" class=\"a2t-link\" target=\"_blank\" aria-label=\"970&#215;90\"><img loading=\"lazy\" decoding=\"async\" src=\"https:\/\/cdn.noticel.com\/2026\/09\/02204026\/970x90-1.jpg\" alt=\"\"  srcset=\"https:\/\/cdn.noticel.com\/2026\/09\/02204026\/970x90-1.jpg 970w, https:\/\/cdn.noticel.com\/2026\/09\/02204026\/970x90-1-300x28.jpg 300w, https:\/\/cdn.noticel.com\/2026\/09\/02204026\/970x90-1-768x71.jpg 768w, https:\/\/cdn.noticel.com\/2026\/09\/02204026\/970x90-1-18x2.jpg 18w\" sizes=\"(max-width: 970px) 100vw, 970px\" width=\"970\" height=\"90\"   \/><\/a><\/div>\n\n\n\n<p>Por su parte, la administradora de ASG aleg\u00f3 que el viernes se le dio autorizaci\u00f3n al DF para firmar el contrato luego de que intentaran contratar el servicio de manera directa sin facultad por una categorizaci\u00f3n incorrecta del servicio.<\/p>\n\n\n\n<p>\u201cLo que autorizamos es una contrataci\u00f3n directa que permita que el servicio contin\u00fae mientras se celebra un proceso de subasta con el rigor y la transparencia de todos los procesos que se realizan en la ASG, incluyendo que los procesos sean p\u00fablicos\u201d, expres\u00f3 la Administradora de la ASG en declaraciones escritas.<\/p>\n\n\n\n<p>\u201cUna compa\u00f1\u00eda que ofrece servicios de amas de llave no es un servicio profesional. Ese tipo de servicio tiene que contratarse bajo las reglas que corresponden a servicios no profesionales\u201d, a\u00f1adi\u00f3.<\/p>\n\n\n\n<p>\u201cEl Departamento de la Familia confirma el contrato, por un mes, del contrato de servicios de amas de llaves, garantizando as\u00ed la continuidad de la asistencia a los participantes mientras culminan los tr\u00e1mites administrativos correspondientes. Nuestra prioridad es que las familias y los participantes que dependen de estos servicios no se vean afectados. Hemos estado dando seguimiento directo y constante a la situaci\u00f3n y realizando todas las gestiones necesarias para procurar que los servicios contin\u00faen con normalidad\u201d, expres\u00f3 la secretaria de la Familia, Suzanne Roig Fuertes.<\/p>","protected":false},"excerpt":{"rendered":"<p>El contrato de servicio de ama de llaves del Departamento de la Familia est\u00e1 en una controversia sobre cu\u00e1l entidad es la que tiene que dar su visto bueno. Por un lado, la gobernadora, Jenniffer Gonz\u00e1lez Col\u00f3n, sostiene que espera por la Junta Fiscal para otorgar un contrato multianual, mientras que la administradora de la [&hellip;]<\/p>","protected":false},"author":101,"featured_media":1022842,"comment_status":"open","ping_status":"open","sticky":false,"template":"","format":"standard","meta":{"_acf_changed":false,"_monsterinsights_skip_tracking":false,"ep_exclude_from_search":false,"footnotes":""},"categories":[4,3],"tags":[5526,372,1126],"class_list":["post-1022841","post","type-post","status-publish","format-standard","has-post-thumbnail","hentry","category-gobierno","category-noticias","tag-ama-de-llaves","tag-contrato","tag-departamento-de-la-familia"],"acf":[],"aioseo_notices":[],"_links":{"self":[{"href":"https:\/\/noticel.com\/en\/wp-json\/wp\/v2\/posts\/1022841","targetHints":{"allow":["GET"]}}],"collection":[{"href":"https:\/\/noticel.com\/en\/wp-json\/wp\/v2\/posts"}],"about":[{"href":"https:\/\/noticel.com\/en\/wp-json\/wp\/v2\/types\/post"}],"author":[{"embeddable":true,"href":"https:\/\/noticel.com\/en\/wp-json\/wp\/v2\/users\/101"}],"replies":[{"embeddable":true,"href":"https:\/\/noticel.com\/en\/wp-json\/wp\/v2\/comments?post=1022841"}],"version-history":[{"count":1,"href":"https:\/\/noticel.com\/en\/wp-json\/wp\/v2\/posts\/1022841\/revisions"}],"predecessor-version":[{"id":1022843,"href":"https:\/\/noticel.com\/en\/wp-json\/wp\/v2\/posts\/1022841\/revisions\/1022843"}],"wp:featuredmedia":[{"embeddable":true,"href":"https:\/\/noticel.com\/en\/wp-json\/wp\/v2\/media\/1022842"}],"wp:attachment":[{"href":"https:\/\/noticel.com\/en\/wp-json\/wp\/v2\/media?parent=1022841"}],"wp:term":[{"taxonomy":"category","embeddable":true,"href":"https:\/\/noticel.com\/en\/wp-json\/wp\/v2\/categories?post=1022841"},{"taxonomy":"post_tag","embeddable":true,"href":"https:\/\/noticel.com\/en\/wp-json\/wp\/v2\/tags?post=1022841"}],"curies":[{"name":"wp","href":"https:\/\/api.w.org\/{rel}","templated":true}]}}