{"id":1022810,"date":"2026-09-05T12:23:33","date_gmt":"2026-09-05T16:23:33","guid":{"rendered":""},"modified":"2026-09-05T12:47:31","modified_gmt":"2026-09-05T16:47:31","slug":"rosalia-abarroto-el-coliseo-de-puerto-rico-con-su-lux-tour","status":"publish","type":"post","link":"https:\/\/noticel.com\/en\/entretenimiento\/20260905\/rosalia-abarroto-el-coliseo-de-puerto-rico-con-su-lux-tour\/","title":{"rendered":"Rosal\u00eda abarrot\u00f3 el Coliseo de Puerto Rico con su LUX Tour"},"content":{"rendered":"<p>Rosal\u00eda regres\u00f3, tras cuatro a\u00f1os de ausencia, al Coliseo de Puerto Rico para presentar el&nbsp;LUX TOUR<strong>,&nbsp;<\/strong>un espect\u00e1culo inspirado en el cuarto \u00e1lbum de la artista, originalmente grabado con la London Symphony Orchestra, bajo la direcci\u00f3n de Daniel Bjarnason.<\/p>\n\n\n\n<p>La cantante, compositora y productora, fue acompa\u00f1ada por una orquesta y los elementos referentes a la espiritualidad como el incienso, una pasarela en forma de cruz y el confesionario tambi\u00e9n exaltaron el concepto tem\u00e1tico de&nbsp;LUX TOUR<strong>.<\/strong> Muchos en el p\u00fablico aprovecharon para lucir sus vestuarios blancos, negros, tejidos y velos.&nbsp;<\/p>\n\n\n\n<p>El show se dividi\u00f3 en cuatro actos y un intermedio, en los cuales, la escenograf\u00eda, los efectos especiales, los cambios de vestuario y la ambientaci\u00f3n contribuyeron a mantener al p\u00fablico cautivo por dos horas. Ante un p\u00fablico euf\u00f3rico, la artista vestida de blanco y azul con zapatillas de ballet empez\u00f3 el espect\u00e1culo con los temas \u201cSexo, violencia y llantas\u201d, \u201cReliquia\u201d, \u201cPorcelana\u201d, \u201cDivinize\u201d en el que cant\u00f3 en catal\u00e1n e ingl\u00e9s y \u201cMio Cristo Piange Diamanti\u201d en italiano.&nbsp;<\/p>\n\n\n\n<p>Rosal\u00eda se dirigi\u00f3 al p\u00fablico para expresar su felicidad de volver a Puerto Rico, ya que su primera vez fue hace cuatro a\u00f1os en el mismo recinto, como parte del tour Motomami.&nbsp;La artista emocionada asegur\u00f3 \u201cgracias por no dejarme caer en Lux\u201d, y de igual manera agradeci\u00f3 a Ang\u00e9lica Negr\u00f3n, compositora y multiintrumentista puertorrique\u00f1a que colabor\u00f3 en los arreglos de la producci\u00f3n de LUX y se encontraba en el p\u00fablico.&nbsp;&nbsp;&nbsp;&nbsp;&nbsp;<\/p>\n\n\n\n<p>Tras m\u00e1s de siete meses de presentaciones, y a solo tres fechas de cerrar la gira m\u00e1s grande de su carrera, Rosal\u00eda afirm\u00f3 \u201cmi amor por esta Isla sigue siendo el mismo\u201d e invit\u00f3 al p\u00fablico a disfrutar.&nbsp;&nbsp;&nbsp;&nbsp;&nbsp;&nbsp;&nbsp;<\/p>\n\n\n\n<p>En el segundo acto, Rosal\u00eda subi\u00f3 al escenario con un traje negro y botas rojas, para interpretar en alem\u00e1n el tema \u201cBerghain\u201d acompa\u00f1ada por su cuerpo de baile.<\/p>\n\n\n\n<p>El espect\u00e1culo continu\u00f3 con uno de los \u00e9xitos de su pasado disco \u201cSaoko\u201d, que no pod\u00eda faltar en el repertorio de la meca del reggaet\u00f3n, como hizo referencia.&nbsp;En este acto incluy\u00f3 adem\u00e1s los \u00e9xitos \u201cLa fama\u201d y \u201cLa Combi Versace\u201d.&nbsp;&nbsp;&nbsp;<\/p>\n\n\n\n<p>En el tercer acto, Rosal\u00eda cambi\u00f3 a un vestido blanco con guantes rojos y apareci\u00f3 tras un cuadro, simulando obra de arte e interactu\u00f3 con la fanaticada que el equipo de producci\u00f3n subi\u00f3 al escenario mientras interpretaba \u201cCan\u00b4t Take My Eyes Off You\u201d.&nbsp;&nbsp;&nbsp;&nbsp;&nbsp;<\/p><div class=\"notic-content-middle\" id=\"notic-2642505486\"><div class=\"notic-adlabel\">Advertisements<\/div><a data-no-instant=\"1\" href=\"https:\/\/www.asegurate-bien.com\/\" rel=\"noopener\" class=\"a2t-link\" target=\"_blank\" aria-label=\"Acodese-Adaptaciones-Noticel-300&#215;600\"><img loading=\"lazy\" decoding=\"async\" src=\"https:\/\/cdn.noticel.com\/2026\/05\/30094652\/Acodese-Adaptaciones-Noticel-300x600-1.jpg\" alt=\"\"  srcset=\"https:\/\/cdn.noticel.com\/2026\/05\/30094652\/Acodese-Adaptaciones-Noticel-300x600-1.jpg 300w, https:\/\/cdn.noticel.com\/2026\/05\/30094652\/Acodese-Adaptaciones-Noticel-300x600-1-150x300.jpg 150w, https:\/\/cdn.noticel.com\/2026\/05\/30094652\/Acodese-Adaptaciones-Noticel-300x600-1-6x12.jpg 6w\" sizes=\"(max-width: 300px) 100vw, 300px\" width=\"300\" height=\"600\"   \/><\/a><\/div>\n\n\n\n<p>La parte m\u00e1s esperada del espect\u00e1culo lleg\u00f3 con la din\u00e1mica del confesionario y la participaci\u00f3n especial de la artista urbana Young Miko, quien relat\u00f3 su an\u00e9cdota de la chica que nunca lleg\u00f3 al \u201cdate\u201d en sus inicios en la Universidad.&nbsp;Seguido, el p\u00fablico acompa\u00f1\u00f3 a Rosal\u00eda con el \u00e9xito \u201cLa perla\u201d.&nbsp;&nbsp;&nbsp;&nbsp;&nbsp;&nbsp;&nbsp;<\/p>\n\n\n\n<p>Sobre un piano blanco, Rosal\u00eda realiz\u00f3 un brindis con coquito y brome\u00f3 con los efectos de la tradicional bebida puertorrique\u00f1a, antes de interpretar \u201cSauvignon Blanc\u201d. De igual manera, convers\u00f3 con el p\u00fablico para saber de qu\u00e9 pa\u00edses eran las personas que hab\u00edan viajado a Puerto Rico para ver el espect\u00e1culo. En el tema \u201cYugular\u201d la artista cant\u00f3 en \u00e1rabe.&nbsp;&nbsp;<\/p>\n\n\n\n<p>Durante el intermedio, en la pantalla gigante proyectaron algunos asistentes del p\u00fablico, quienes deb\u00edan imitar la pose de una obra de arte lo que le dio a la velada un toque de humor.&nbsp;Formaron parte del repertorio adem\u00e1s los temas \u201cDios es un Stalker\u201d, \u201cLa Rumba del perd\u00f3n\u201d, una rumba catalana de su natal Barcelona y \u201cCUUUUuuuuuute\u201d.&nbsp;&nbsp;<\/p>\n\n\n\n<p>Rosal\u00eda explic\u00f3 que la salsa, el reggaet\u00f3n y el flamenco tienen un denominador com\u00fan y es que los tres g\u00e9neros tienen \u201ccalle\u201d y a su vez, expres\u00f3 su admiraci\u00f3n por el fenecido salsero H\u00e9ctor Lavoe.&nbsp;&nbsp;&nbsp;<\/p>\n\n\n\n<p>Para el \u00faltimo acto, la vers\u00e1til artista complement\u00f3 su vestuario blanco con unas alas de \u00e1ngel y recorri\u00f3 el escenario en los temas \u201cBizcochito\u201d, \u201cDespecha\u201d, antes de dirigirse nuevamente al p\u00fablico para agradecer y expres\u00f3 \u201ccreo que me ha hecho tan feliz volver a ser testigo de la energ\u00eda tan \u00fanica\u201d.&nbsp;De igual manera, agradeci\u00f3 a todo el equipo que hace posible el show y su cuerpo de baile.&nbsp;&nbsp;&nbsp;&nbsp;<\/p>\n\n\n\n<p>Del espa\u00f1ol pas\u00f3 al siciliano con el tema \u201cFocu\u2019Ranni\u201d, tras la interpretaci\u00f3n la artista descalza se lanz\u00f3 al vac\u00edo desde las escaleras. Luego regres\u00f3 al escenario para culminar el \u201cLUX Tour\u201d con el tema \u201cMagnolias\u201d.<\/p>\n\n\n\n<p>Los once bailarines tambi\u00e9n se destacaron por sus coreograf\u00edas innovadoras, que acompa\u00f1aron a la artista, mientras el juego de luces logr\u00f3 la ilusi\u00f3n \u00f3ptica en varias ocasiones, elevando la experiencia del espectador.&nbsp;<\/p>\n\n\n\n<p>El evento producido por Live Nation, se ha presentado en Europa, Estados Unidos, Canad\u00e1, Centro y Sur Am\u00e9rica, y lleg\u00f3 a la Isla con el apoyo del equipo de producci\u00f3n de Paco L\u00f3pez y No Limit Entertainment.<\/p>\n\n\n\n<figure class=\"wp-block-image size-full\"><img loading=\"lazy\" decoding=\"async\" width=\"683\" height=\"1024\" src=\"https:\/\/cdn.noticel.com\/2026\/09\/05122739\/Foto-Concierto-Rosalia-3.jpeg\" alt=\"\" class=\"wp-image-1022812\" srcset=\"https:\/\/cdn.noticel.com\/2026\/09\/05122739\/Foto-Concierto-Rosalia-3.jpeg 683w, https:\/\/cdn.noticel.com\/2026\/09\/05122739\/Foto-Concierto-Rosalia-3-200x300.jpeg 200w, https:\/\/cdn.noticel.com\/2026\/09\/05122739\/Foto-Concierto-Rosalia-3-8x12.jpeg 8w\" sizes=\"auto, (max-width: 683px) 100vw, 683px\" \/><figcaption class=\"wp-element-caption\"><em>Foto suministrada.<\/em><\/figcaption><\/figure>","protected":false},"excerpt":{"rendered":"<p>Rosal\u00eda regres\u00f3, tras cuatro a\u00f1os de ausencia, al Coliseo de Puerto Rico para presentar el&nbsp;LUX TOUR,&nbsp;un espect\u00e1culo inspirado en el cuarto \u00e1lbum de la artista, originalmente grabado con la London Symphony Orchestra, bajo la direcci\u00f3n de Daniel Bjarnason. La cantante, compositora y productora, fue acompa\u00f1ada por una orquesta y los elementos referentes a la espiritualidad [&hellip;]<\/p>","protected":false},"author":99,"featured_media":1022811,"comment_status":"open","ping_status":"open","sticky":false,"template":"","format":"standard","meta":{"_acf_changed":false,"_monsterinsights_skip_tracking":false,"ep_exclude_from_search":false,"footnotes":""},"categories":[52,53],"tags":[612,2990],"class_list":["post-1022810","post","type-post","status-publish","format-standard","has-post-thumbnail","hentry","category-entretenimiento","category-musica","tag-concierto","tag-rosalia"],"acf":[],"aioseo_notices":[],"_links":{"self":[{"href":"https:\/\/noticel.com\/en\/wp-json\/wp\/v2\/posts\/1022810","targetHints":{"allow":["GET"]}}],"collection":[{"href":"https:\/\/noticel.com\/en\/wp-json\/wp\/v2\/posts"}],"about":[{"href":"https:\/\/noticel.com\/en\/wp-json\/wp\/v2\/types\/post"}],"author":[{"embeddable":true,"href":"https:\/\/noticel.com\/en\/wp-json\/wp\/v2\/users\/99"}],"replies":[{"embeddable":true,"href":"https:\/\/noticel.com\/en\/wp-json\/wp\/v2\/comments?post=1022810"}],"version-history":[{"count":1,"href":"https:\/\/noticel.com\/en\/wp-json\/wp\/v2\/posts\/1022810\/revisions"}],"predecessor-version":[{"id":1022813,"href":"https:\/\/noticel.com\/en\/wp-json\/wp\/v2\/posts\/1022810\/revisions\/1022813"}],"wp:featuredmedia":[{"embeddable":true,"href":"https:\/\/noticel.com\/en\/wp-json\/wp\/v2\/media\/1022811"}],"wp:attachment":[{"href":"https:\/\/noticel.com\/en\/wp-json\/wp\/v2\/media?parent=1022810"}],"wp:term":[{"taxonomy":"category","embeddable":true,"href":"https:\/\/noticel.com\/en\/wp-json\/wp\/v2\/categories?post=1022810"},{"taxonomy":"post_tag","embeddable":true,"href":"https:\/\/noticel.com\/en\/wp-json\/wp\/v2\/tags?post=1022810"}],"curies":[{"name":"wp","href":"https:\/\/api.w.org\/{rel}","templated":true}]}}