{"id":1022806,"date":"2026-09-05T12:01:14","date_gmt":"2026-09-05T16:01:14","guid":{"rendered":""},"modified":"2026-09-05T12:08:36","modified_gmt":"2026-09-05T16:08:36","slug":"la-coliceba-dedicara-su-temporada-2026-a-jesus-motora-feliciano","status":"publish","type":"post","link":"https:\/\/noticel.com\/en\/deportes\/20260905\/la-coliceba-dedicara-su-temporada-2026-a-jesus-motora-feliciano\/","title":{"rendered":"La Coliceba dedicar\u00e1 su temporada 2026 a Jes\u00fas \u201cMotora\u201d Feliciano"},"content":{"rendered":"<p>La presidenta de la Confederaci\u00f3n de la Liga Central de B\u00e9isbol Aficionado (Coliceba), Sandrelly C\u00f3rdova, anunci\u00f3 que la temporada 2026 ser\u00e1 dedicada al exlanzador y exdirigente Jes\u00fas \u201cMotora\u201d Feliciano, una de las figuras m\u00e1s destacadas del b\u00e9isbol puertorrique\u00f1o.<\/p>\n\n\n\n<p>Feliciano tuvo una extensa trayectoria tanto en la Coliceba como en la Liga de B\u00e9isbol Superior Doble A, destac\u00e1ndose como uno de los lanzadores m\u00e1s dominantes de su \u00e9poca.<\/p>\n\n\n\n<p>\u201cPara la Coliceba es un privilegio dedicarle nuestra temporada a una figura de la dimensi\u00f3n de Jes\u00fas \u2018Motora\u2019 Feliciano. Queremos hacer este reconocimiento en vida, para que pueda recibir el cari\u00f1o y la admiraci\u00f3n de nuestra gente y para que las nuevas generaciones conozcan y recuerden a una de las grandes glorias que ha dado Puerto Rico\u201d, dijo C\u00f3rdova.<\/p>\n\n\n\n<p>El zurdo tambi\u00e9n fue una figura prominente del Equipo Nacional, al que perteneci\u00f3 durante 16 a\u00f1os, y tuvo el honor de ser abanderado de la delegaci\u00f3n puertorrique\u00f1a en los Juegos Ol\u00edmpicos de Se\u00fal 1988.<\/p><div class=\"notic-content-middle\" id=\"notic-1780111433\"><div class=\"notic-adlabel\">Advertisements<\/div><a data-no-instant=\"1\" href=\"https:\/\/qrco.de\/bgxd5v\" rel=\"noopener\" class=\"a2t-link\" target=\"_blank\" aria-label=\"DisplayAds-970&#215;2503\"><img loading=\"lazy\" decoding=\"async\" src=\"https:\/\/cdn.noticel.com\/2026\/09\/02201056\/DisplayAds-970x2503-1.jpg\" alt=\"\"  srcset=\"https:\/\/cdn.noticel.com\/2026\/09\/02201056\/DisplayAds-970x2503-1.jpg 970w, https:\/\/cdn.noticel.com\/2026\/09\/02201056\/DisplayAds-970x2503-1-300x77.jpg 300w, https:\/\/cdn.noticel.com\/2026\/09\/02201056\/DisplayAds-970x2503-1-768x198.jpg 768w, https:\/\/cdn.noticel.com\/2026\/09\/02201056\/DisplayAds-970x2503-1-18x5.jpg 18w\" sizes=\"(max-width: 970px) 100vw, 970px\" width=\"970\" height=\"250\"   \/><\/a><\/div>\n\n\n\n<p>En la Doble A, Feliciano es el \u00fanico lanzador zurdo con m\u00e1s de 100 victorias. Finaliz\u00f3 su carrera con marca de por vida de 121-59 y efectividad de 2.31. Durante una carrera que se extendi\u00f3 por casi 20 temporadas entre la Doble A y la Coliceba, Feliciano se consolid\u00f3 como uno de los principales lanzadores de su generaci\u00f3n. Luego de su etapa como lanzador, tambi\u00e9n se destac\u00f3 como dirigente.<\/p>\n\n\n\n<p>Su trayectoria ha sido reconocida con su exaltaci\u00f3n al Pabell\u00f3n de la Fama del Deporte Puertorrique\u00f1o y al Recinto de los Inmortales del B\u00e9isbol.<\/p>\n\n\n\n<p>La dedicatoria formar\u00e1 parte de los actos inaugurales de la temporada 2026 de la Coliceba, pautada para comenzar el 18 de septiembre con un solo juego entre los Caciques de Orocovis y los campeones defensores Guapos de Dorado a las 7:00 p.m. en el Estadio Tom\u00e1s Palmares.<\/p>","protected":false},"excerpt":{"rendered":"<p>La presidenta de la Confederaci\u00f3n de la Liga Central de B\u00e9isbol Aficionado (Coliceba), Sandrelly C\u00f3rdova, anunci\u00f3 que la temporada 2026 ser\u00e1 dedicada al exlanzador y exdirigente Jes\u00fas \u201cMotora\u201d Feliciano, una de las figuras m\u00e1s destacadas del b\u00e9isbol puertorrique\u00f1o. Feliciano tuvo una extensa trayectoria tanto en la Coliceba como en la Liga de B\u00e9isbol Superior Doble [&hellip;]<\/p>","protected":false},"author":100,"featured_media":1022807,"comment_status":"open","ping_status":"open","sticky":false,"template":"","format":"standard","meta":{"_acf_changed":false,"_monsterinsights_skip_tracking":false,"ep_exclude_from_search":false,"footnotes":""},"categories":[32,31],"tags":[1093,6979,2505],"class_list":["post-1022806","post","type-post","status-publish","format-standard","has-post-thumbnail","hentry","category-beisbol","category-deportes","tag-coliceba","tag-dedicatoria","tag-temporada-2026"],"acf":[],"aioseo_notices":[],"_links":{"self":[{"href":"https:\/\/noticel.com\/en\/wp-json\/wp\/v2\/posts\/1022806","targetHints":{"allow":["GET"]}}],"collection":[{"href":"https:\/\/noticel.com\/en\/wp-json\/wp\/v2\/posts"}],"about":[{"href":"https:\/\/noticel.com\/en\/wp-json\/wp\/v2\/types\/post"}],"author":[{"embeddable":true,"href":"https:\/\/noticel.com\/en\/wp-json\/wp\/v2\/users\/100"}],"replies":[{"embeddable":true,"href":"https:\/\/noticel.com\/en\/wp-json\/wp\/v2\/comments?post=1022806"}],"version-history":[{"count":1,"href":"https:\/\/noticel.com\/en\/wp-json\/wp\/v2\/posts\/1022806\/revisions"}],"predecessor-version":[{"id":1022808,"href":"https:\/\/noticel.com\/en\/wp-json\/wp\/v2\/posts\/1022806\/revisions\/1022808"}],"wp:featuredmedia":[{"embeddable":true,"href":"https:\/\/noticel.com\/en\/wp-json\/wp\/v2\/media\/1022807"}],"wp:attachment":[{"href":"https:\/\/noticel.com\/en\/wp-json\/wp\/v2\/media?parent=1022806"}],"wp:term":[{"taxonomy":"category","embeddable":true,"href":"https:\/\/noticel.com\/en\/wp-json\/wp\/v2\/categories?post=1022806"},{"taxonomy":"post_tag","embeddable":true,"href":"https:\/\/noticel.com\/en\/wp-json\/wp\/v2\/tags?post=1022806"}],"curies":[{"name":"wp","href":"https:\/\/api.w.org\/{rel}","templated":true}]}}