{"id":1022804,"date":"2026-09-05T11:47:48","date_gmt":"2026-09-05T15:47:48","guid":{"rendered":""},"modified":"2026-09-05T11:52:28","modified_gmt":"2026-09-05T15:52:28","slug":"en-ponce-exceso-de-velocidad-cobra-la-vida-de-otro-conductor","status":"publish","type":"post","link":"https:\/\/noticel.com\/en\/noticias\/20260905\/en-ponce-exceso-de-velocidad-cobra-la-vida-de-otro-conductor\/","title":{"rendered":"En Ponce, exceso de velocidad cobra la vida de otro conductor"},"content":{"rendered":"<p>Un hombre muri\u00f3 en un accidente de tr\u00e1nsito a eso de las 11:48 de la noche del viernes, en la autopista PR-52, kil\u00f3metro 102.2, en Ponce.<\/p>\n\n\n\n<p>Seg\u00fan el reporte de la Polic\u00eda, el hombre manejaba un Audi, modelo 4, del a\u00f1o 2008, por el carril izquierdo de Ponce a Juana D\u00edaz a exceso de velocidad. Perdi\u00f3 el control e impact\u00f3 la valla de seguridad de la salida 101 B y termin\u00f3 en el \u00e1rea verde.<\/p><div class=\"notic-content-middle\" id=\"notic-797795672\"><div class=\"notic-adlabel\">Advertisements<\/div><a data-no-instant=\"1\" href=\"https:\/\/qrco.de\/bgxd5v\" rel=\"noopener\" class=\"a2t-link\" target=\"_blank\" aria-label=\"image002\"><img loading=\"lazy\" decoding=\"async\" src=\"https:\/\/cdn.noticel.com\/2026\/09\/04152516\/image002.jpg\" alt=\"\"  srcset=\"https:\/\/cdn.noticel.com\/2026\/09\/04152516\/image002.jpg 288w, https:\/\/cdn.noticel.com\/2026\/09\/04152516\/image002-14x12.jpg 14w\" sizes=\"(max-width: 288px) 100vw, 288px\" width=\"288\" height=\"240\"   \/><\/a><\/div>\n\n\n\n<p>Param\u00e9dicos de Emergencias M\u00e9dicas Estatal certificaron ausencia de signos vitales.<\/p>\n\n\n\n<p>El agente Luis D\u00e1vila Col\u00f3n y el fiscal Jorge Mercado investigan.<\/p>","protected":false},"excerpt":{"rendered":"<p>Un hombre muri\u00f3 en un accidente de tr\u00e1nsito a eso de las 11:48 de la noche del viernes, en la autopista PR-52, kil\u00f3metro 102.2, en Ponce. Seg\u00fan el reporte de la Polic\u00eda, el hombre manejaba un Audi, modelo 4, del a\u00f1o 2008, por el carril izquierdo de Ponce a Juana D\u00edaz a exceso de velocidad. [&hellip;]<\/p>","protected":false},"author":101,"featured_media":970079,"comment_status":"open","ping_status":"open","sticky":false,"template":"","format":"standard","meta":{"_acf_changed":false,"_monsterinsights_skip_tracking":false,"ep_exclude_from_search":false,"footnotes":""},"categories":[3,15],"tags":[786,461],"class_list":["post-1022804","post","type-post","status-publish","format-standard","has-post-thumbnail","hentry","category-noticias","category-policiacas","tag-muerte","tag-ponce"],"acf":[],"aioseo_notices":[],"_links":{"self":[{"href":"https:\/\/noticel.com\/en\/wp-json\/wp\/v2\/posts\/1022804","targetHints":{"allow":["GET"]}}],"collection":[{"href":"https:\/\/noticel.com\/en\/wp-json\/wp\/v2\/posts"}],"about":[{"href":"https:\/\/noticel.com\/en\/wp-json\/wp\/v2\/types\/post"}],"author":[{"embeddable":true,"href":"https:\/\/noticel.com\/en\/wp-json\/wp\/v2\/users\/101"}],"replies":[{"embeddable":true,"href":"https:\/\/noticel.com\/en\/wp-json\/wp\/v2\/comments?post=1022804"}],"version-history":[{"count":1,"href":"https:\/\/noticel.com\/en\/wp-json\/wp\/v2\/posts\/1022804\/revisions"}],"predecessor-version":[{"id":1022805,"href":"https:\/\/noticel.com\/en\/wp-json\/wp\/v2\/posts\/1022804\/revisions\/1022805"}],"wp:featuredmedia":[{"embeddable":true,"href":"https:\/\/noticel.com\/en\/wp-json\/wp\/v2\/media\/970079"}],"wp:attachment":[{"href":"https:\/\/noticel.com\/en\/wp-json\/wp\/v2\/media?parent=1022804"}],"wp:term":[{"taxonomy":"category","embeddable":true,"href":"https:\/\/noticel.com\/en\/wp-json\/wp\/v2\/categories?post=1022804"},{"taxonomy":"post_tag","embeddable":true,"href":"https:\/\/noticel.com\/en\/wp-json\/wp\/v2\/tags?post=1022804"}],"curies":[{"name":"wp","href":"https:\/\/api.w.org\/{rel}","templated":true}]}}