{"id":1022793,"date":"2026-09-05T11:26:53","date_gmt":"2026-09-05T15:26:53","guid":{"rendered":""},"modified":"2026-09-05T11:35:04","modified_gmt":"2026-09-05T15:35:04","slug":"presentan-cargos-contra-hombre-por-accidente-que-cobro-la-vida-de-tres-personas-en-canovanas","status":"publish","type":"post","link":"https:\/\/noticel.com\/en\/noticias\/20260905\/presentan-cargos-contra-hombre-por-accidente-que-cobro-la-vida-de-tres-personas-en-canovanas\/","title":{"rendered":"Presentan cargos contra hombre por accidente que cobr\u00f3 la vida de tres personas en Can\u00f3vanas"},"content":{"rendered":"<p>La Fiscal\u00eda de Carolina present\u00f3 cargos contra Yensuel Pizarro Morales por ocasionar un accidente de tr\u00e1nsito que result\u00f3 en la muerte de Ang\u00e9lica Mar\u00eda Lebr\u00f3n De Jes\u00fas, de 42 a\u00f1os, su hijo Jeyden Berm\u00fadez Lebr\u00f3n, de 14 a\u00f1os, y Kenny Yadiel Almonte Olea, de 16 a\u00f1os, en Can\u00f3vanas.<\/p>\n\n\n\n<p>Seg\u00fan la investigaci\u00f3n, el 23 de noviembre de 2025, Lebr\u00f3n De Jes\u00fas acompa\u00f1aba a su hijo y a su amigo, ambos menores de edad, mientras recaudaban fondos para un viaje deportivo de un equipo de baloncesto. En esas circunstancias, Pizarro Morales perdi\u00f3 el control del veh\u00edculo que conduc\u00eda y los atropell\u00f3 en la intersecci\u00f3n de las carreteras PR-3 y PR-188, en Can\u00f3vanas.<\/p>\n\n\n\n<p>Lebr\u00f3n De Jes\u00fas y Berm\u00fadez Lebr\u00f3n fallecieron en el lugar como consecuencia de las heridas recibidas. Almonte Olea fue transportado a una instituci\u00f3n hospitalaria, donde posteriormente falleci\u00f3.<\/p>\n\n\n\n<p>Por estos hechos, el fiscal Luis Rafael Carrau Lebr\u00f3n, de la Fiscal\u00eda de Carolina, present\u00f3 tres cargos al amparo del Art\u00edculo 5.07(c) de la Ley de Veh\u00edculos y Tr\u00e1nsito de Puerto Rico por ocasionar la muerte de las tres v\u00edctimas. Adem\u00e1s, formul\u00f3 un cargo bajo el Art\u00edculo 5.07(a) de la misma ley por el veh\u00edculo impactado.<\/p><div class=\"notic-content-middle\" id=\"notic-2824877002\"><div class=\"notic-adlabel\">Advertisements<\/div><a data-no-instant=\"1\" href=\"https:\/\/www.asegurate-bien.com\/\" rel=\"noopener\" class=\"a2t-link\" target=\"_blank\" aria-label=\"Acodese-Adaptaciones-Noticel-300&#215;600\"><img loading=\"lazy\" decoding=\"async\" src=\"https:\/\/cdn.noticel.com\/2026\/05\/30094652\/Acodese-Adaptaciones-Noticel-300x600-1.jpg\" alt=\"\"  srcset=\"https:\/\/cdn.noticel.com\/2026\/05\/30094652\/Acodese-Adaptaciones-Noticel-300x600-1.jpg 300w, https:\/\/cdn.noticel.com\/2026\/05\/30094652\/Acodese-Adaptaciones-Noticel-300x600-1-150x300.jpg 150w, https:\/\/cdn.noticel.com\/2026\/05\/30094652\/Acodese-Adaptaciones-Noticel-300x600-1-6x12.jpg 6w\" sizes=\"(max-width: 300px) 100vw, 300px\" width=\"300\" height=\"600\"   \/><\/a><\/div>\n\n\n\n<p>\u201cUna madre y dos menores perdieron la vida en un incidente que dej\u00f3 un dolor irreparable en sus familias y seres queridos. A las familias de Ang\u00e9lica, Kenny y Jeyden les expresamos nuestra solidaridad y respeto ante la dif\u00edcil p\u00e9rdida que han enfrentado. Este caso tambi\u00e9n nos recuerda la enorme responsabilidad que asumimos cada vez que conducimos un veh\u00edculo de motor y las consecuencias que puede tener una conducta imprudente en nuestras carreteras\u201d, expres\u00f3 la secretaria de Justicia, Lourdes G\u00f3mez Torres.<\/p>\n\n\n\n<p>La jueza Beatriz Varela R\u00edos, del Tribunal de Primera Instancia de Carolina, encontr\u00f3 causa por todos los cargos presentados por la Fiscal\u00eda y le impuso una fianza global de $20,000.<\/p>\n\n\n\n<p>La vista preliminar fue se\u00f1alada para el pr\u00f3ximo 16 de septiembre.<\/p>\n\n\n\n<p>La investigaci\u00f3n estuvo a cargo de la agente Yaritza Encarnaci\u00f3n, adscrita a la Divisi\u00f3n de Patrullas de Carreteras de Carolina.<\/p>","protected":false},"excerpt":{"rendered":"<p>La Fiscal\u00eda de Carolina present\u00f3 cargos contra Yensuel Pizarro Morales por ocasionar un accidente de tr\u00e1nsito que result\u00f3 en la muerte de Ang\u00e9lica Mar\u00eda Lebr\u00f3n De Jes\u00fas, de 42 a\u00f1os, su hijo Jeyden Berm\u00fadez Lebr\u00f3n, de 14 a\u00f1os, y Kenny Yadiel Almonte Olea, de 16 a\u00f1os, en Can\u00f3vanas. Seg\u00fan la investigaci\u00f3n, el 23 de noviembre [&hellip;]<\/p>","protected":false},"author":100,"featured_media":1022797,"comment_status":"open","ping_status":"open","sticky":false,"template":"","format":"standard","meta":{"_acf_changed":false,"_monsterinsights_skip_tracking":false,"ep_exclude_from_search":false,"footnotes":""},"categories":[3,13],"tags":[1339,973],"class_list":["post-1022793","post","type-post","status-publish","format-standard","has-post-thumbnail","hentry","category-noticias","category-tribunales","tag-cargos-criminales","tag-tribunal-de-primera-instancia"],"acf":[],"aioseo_notices":[],"_links":{"self":[{"href":"https:\/\/noticel.com\/en\/wp-json\/wp\/v2\/posts\/1022793","targetHints":{"allow":["GET"]}}],"collection":[{"href":"https:\/\/noticel.com\/en\/wp-json\/wp\/v2\/posts"}],"about":[{"href":"https:\/\/noticel.com\/en\/wp-json\/wp\/v2\/types\/post"}],"author":[{"embeddable":true,"href":"https:\/\/noticel.com\/en\/wp-json\/wp\/v2\/users\/100"}],"replies":[{"embeddable":true,"href":"https:\/\/noticel.com\/en\/wp-json\/wp\/v2\/comments?post=1022793"}],"version-history":[{"count":1,"href":"https:\/\/noticel.com\/en\/wp-json\/wp\/v2\/posts\/1022793\/revisions"}],"predecessor-version":[{"id":1022798,"href":"https:\/\/noticel.com\/en\/wp-json\/wp\/v2\/posts\/1022793\/revisions\/1022798"}],"wp:featuredmedia":[{"embeddable":true,"href":"https:\/\/noticel.com\/en\/wp-json\/wp\/v2\/media\/1022797"}],"wp:attachment":[{"href":"https:\/\/noticel.com\/en\/wp-json\/wp\/v2\/media?parent=1022793"}],"wp:term":[{"taxonomy":"category","embeddable":true,"href":"https:\/\/noticel.com\/en\/wp-json\/wp\/v2\/categories?post=1022793"},{"taxonomy":"post_tag","embeddable":true,"href":"https:\/\/noticel.com\/en\/wp-json\/wp\/v2\/tags?post=1022793"}],"curies":[{"name":"wp","href":"https:\/\/api.w.org\/{rel}","templated":true}]}}