{"id":1022784,"date":"2026-09-05T11:17:09","date_gmt":"2026-09-05T15:17:09","guid":{"rendered":""},"modified":"2026-09-05T11:23:41","modified_gmt":"2026-09-05T15:23:41","slug":"conductor-se-sale-de-autopista-y-cae-en-la-avenida-bairoa-en-caguas","status":"publish","type":"post","link":"https:\/\/noticel.com\/en\/noticias\/20260905\/conductor-se-sale-de-autopista-y-cae-en-la-avenida-bairoa-en-caguas\/","title":{"rendered":"Conductor se sale de autopista y cae en la Avenida Bairoa en Caguas"},"content":{"rendered":"<p>Un hombre muri\u00f3 en un accidente de tr\u00e1nsito a eso de las 4:21 de la tarde del viernes, en el expreso Luis A. Ferr\u00e9 en Caguas.<\/p>\n\n\n\n<p>Seg\u00fan el reporte de la Polic\u00eda, Rafael \u201cChe\u201d Rodr\u00edguez Pereira, de 47 a\u00f1os y residente del municipio de Juncos, manejaba un Hyundai, de color blanco. A la altura del kil\u00f3metro 17.7, cerca de los mini almacenes de Bairoa, se sali\u00f3 de la autopista y cay\u00f3 en la avenida Bairoa.<\/p><div class=\"notic-content-middle\" id=\"notic-680127510\"><div class=\"notic-adlabel\">Advertisements<\/div><a data-no-instant=\"1\" href=\"https:\/\/qrco.de\/bgxd5v\" rel=\"noopener\" class=\"a2t-link\" target=\"_blank\" aria-label=\"DisplayAds-300&#215;250\"><img loading=\"lazy\" decoding=\"async\" src=\"https:\/\/cdn.noticel.com\/2026\/09\/02200431\/DisplayAds-300x250-1.jpg\" alt=\"\"  srcset=\"https:\/\/cdn.noticel.com\/2026\/09\/02200431\/DisplayAds-300x250-1.jpg 300w, https:\/\/cdn.noticel.com\/2026\/09\/02200431\/DisplayAds-300x250-1-14x12.jpg 14w\" sizes=\"(max-width: 300px) 100vw, 300px\" width=\"300\" height=\"250\"   \/><\/a><\/div>\n\n\n\n<p>El hombre muri\u00f3 en el lugar.<\/p>\n\n\n\n<p>Personal de la Divisi\u00f3n de Patrullas de Carreteras y Autopista Caguas investigan.<\/p>\n\n\n\n<p><\/p>","protected":false},"excerpt":{"rendered":"<p>Un hombre muri\u00f3 en un accidente de tr\u00e1nsito a eso de las 4:21 de la tarde del viernes, en el expreso Luis A. Ferr\u00e9 en Caguas. Seg\u00fan el reporte de la Polic\u00eda, Rafael \u201cChe\u201d Rodr\u00edguez Pereira, de 47 a\u00f1os y residente del municipio de Juncos, manejaba un Hyundai, de color blanco. A la altura del [&hellip;]<\/p>","protected":false},"author":101,"featured_media":995234,"comment_status":"open","ping_status":"open","sticky":false,"template":"","format":"standard","meta":{"_acf_changed":false,"_monsterinsights_skip_tracking":false,"ep_exclude_from_search":false,"footnotes":""},"categories":[3,15],"tags":[402,786],"class_list":["post-1022784","post","type-post","status-publish","format-standard","has-post-thumbnail","hentry","category-noticias","category-policiacas","tag-accidente-de-auto","tag-muerte"],"acf":[],"aioseo_notices":[],"_links":{"self":[{"href":"https:\/\/noticel.com\/en\/wp-json\/wp\/v2\/posts\/1022784","targetHints":{"allow":["GET"]}}],"collection":[{"href":"https:\/\/noticel.com\/en\/wp-json\/wp\/v2\/posts"}],"about":[{"href":"https:\/\/noticel.com\/en\/wp-json\/wp\/v2\/types\/post"}],"author":[{"embeddable":true,"href":"https:\/\/noticel.com\/en\/wp-json\/wp\/v2\/users\/101"}],"replies":[{"embeddable":true,"href":"https:\/\/noticel.com\/en\/wp-json\/wp\/v2\/comments?post=1022784"}],"version-history":[{"count":1,"href":"https:\/\/noticel.com\/en\/wp-json\/wp\/v2\/posts\/1022784\/revisions"}],"predecessor-version":[{"id":1022787,"href":"https:\/\/noticel.com\/en\/wp-json\/wp\/v2\/posts\/1022784\/revisions\/1022787"}],"wp:featuredmedia":[{"embeddable":true,"href":"https:\/\/noticel.com\/en\/wp-json\/wp\/v2\/media\/995234"}],"wp:attachment":[{"href":"https:\/\/noticel.com\/en\/wp-json\/wp\/v2\/media?parent=1022784"}],"wp:term":[{"taxonomy":"category","embeddable":true,"href":"https:\/\/noticel.com\/en\/wp-json\/wp\/v2\/categories?post=1022784"},{"taxonomy":"post_tag","embeddable":true,"href":"https:\/\/noticel.com\/en\/wp-json\/wp\/v2\/tags?post=1022784"}],"curies":[{"name":"wp","href":"https:\/\/api.w.org\/{rel}","templated":true}]}}