{"id":1022771,"date":"2026-09-05T10:30:51","date_gmt":"2026-09-05T14:30:51","guid":{"rendered":""},"modified":"2026-09-05T10:41:54","modified_gmt":"2026-09-05T14:41:54","slug":"varias-muertes-violentas-y-heridos-de-bala-se-reportaron-durante-la-noche-y-madrugada","status":"publish","type":"post","link":"https:\/\/noticel.com\/en\/noticias\/20260905\/varias-muertes-violentas-y-heridos-de-bala-se-reportaron-durante-la-noche-y-madrugada\/","title":{"rendered":"Varias muertes violentas y heridos de bala se reportaron durante la noche y madrugada"},"content":{"rendered":"<p>Varias muertes violentas fueron reportadas durante la noche de ayer y esta madrugada, adem\u00e1s de heridos de bala, en hechos ocurridos en distintos lugares.<\/p>\n\n\n\n<p><strong>Lo tirotean y muere en el hospital<\/strong><\/p>\n\n\n\n<p>Una muerte violenta fue reportada a las 10:33 de la noche del viernes, en la barriada Bunker de Caguas.<\/p>\n\n\n\n<p>Seg\u00fan el reporte de la Polic\u00eda, una llamada al Sistema de Emergencias 9-1-1 alert\u00f3 la Polic\u00eda sobre unos disparos en un colmado de la calle Chile. Luego la polic\u00eda recibi\u00f3 otra llamada acerca de un hombre que hab\u00eda llegado herido de bala a un hospital y al corroborar la informaci\u00f3n se supo que varios individuos en motora llegaron hasta el lugar y dispararon contra la v\u00edctima que se encontraba en el balc\u00f3n del colmado.<\/p>\n\n\n\n<p>El sujeto fue transportado por una persona hasta el hospital donde certificaron su muerte. En el incidente result\u00f3 herida una mujer en la pierna y se encuentra en condici\u00f3n estable.<\/p>\n\n\n\n<p>El hombre fue identificado como \u00c1ngel Rodr\u00edguez Ruiz, de 42 a\u00f1os y residente de Caguas.<\/p>\n\n\n\n<p>Agentes adscritos a la Divisi\u00f3n de Homicidios del Cuerpo de Investigaciones Criminales de Caguas, el fiscal Dario Vissep\u00f3 y personal de Ciencias Forenses investigan.<\/p>\n\n\n\n<p><strong>Lo matan a tiros en Trujillo Alto<\/strong><\/p>\n\n\n\n<p>Un asesinato se report\u00f3 a eso de las 9:07 de la noche del viernes, en la calle 2, Parcelas de Carra\u00edzo, en Trujillo Alto.<\/p>\n\n\n\n<p>Seg\u00fan el reporte de la Polic\u00eda, una llamada en el Distrito de Trujillo Alto alert\u00f3 a la Uniformada sobre disparos en el lugar. Al llegar, los agentes encontraron en el pavimento el cad\u00e1ver de un hombre.<\/p>\n\n\n\n<p>La agente Johana L\u00f3pez Santiago, adscrita a la Divisi\u00f3n de Homicidios del Cuerpo de Investigaciones Criminales de Carolina y la fiscal Natalia Santiago Naranjo investigan.<\/p>\n\n\n\n<p><strong>Encuentran cad\u00e1ver de hombre en Caguas<\/strong><\/p>\n\n\n\n<p>Las autoridades investigan el hallazgo de un cad\u00e1ver, a eso de las 7:08 de la ma\u00f1ana del s\u00e1bado, en el sector la 25 de Bairoa en Caguas.<\/p><div class=\"notic-content-middle\" id=\"notic-2895752241\"><div class=\"notic-adlabel\">Advertisements<\/div><a data-no-instant=\"1\" href=\"https:\/\/qrco.de\/bgxd5v\" rel=\"noopener\" class=\"a2t-link\" target=\"_blank\" aria-label=\"DisplayAd-970&#215;90\"><img loading=\"lazy\" decoding=\"async\" src=\"https:\/\/cdn.noticel.com\/2026\/09\/02195840\/DisplayAd-970x90-1.jpg\" alt=\"\"  srcset=\"https:\/\/cdn.noticel.com\/2026\/09\/02195840\/DisplayAd-970x90-1.jpg 970w, https:\/\/cdn.noticel.com\/2026\/09\/02195840\/DisplayAd-970x90-1-300x28.jpg 300w, https:\/\/cdn.noticel.com\/2026\/09\/02195840\/DisplayAd-970x90-1-768x71.jpg 768w, https:\/\/cdn.noticel.com\/2026\/09\/02195840\/DisplayAd-970x90-1-18x2.jpg 18w\" sizes=\"(max-width: 970px) 100vw, 970px\" width=\"970\" height=\"90\"   \/><\/a><\/div>\n\n\n\n<p>Seg\u00fan el reporte de la Polic\u00eda, una llamada alert\u00f3 a la Polic\u00eda sobre un cuerpo a orillas de la carretera. Al llegar los agentes encontraron el cuerpo de un hombre que al momento se desconoce su identidad y las causas de su muerte.<\/p>\n\n\n\n<p>Agentes de la Divisi\u00f3n de Homicidios del Cuerpo de Investigaciones Criminales de Caguas investigan.<\/p>\n\n\n\n<p><strong>Dos heridos de bala en R\u00edo Piedras<\/strong><\/p>\n\n\n\n<p>Las autoridades investigan un incidente en el cual dos personas resultaron heridas de bala, a eso de las 2:15 de la madrugada del s\u00e1bado, en la calle 12, intersecci\u00f3n con la calle Del Parque, cerca del colmado Los Muchachos, en la barriada Capetillo, en San Juan.<\/p>\n\n\n\n<p>Seg\u00fan el reporte de la Polic\u00eda, los agentes que realizaban una ronda preventiva fueron alertados sobre varias personas heridas de bala. Al llegar al lugar, encontraron a un hombre y una mujer de 23 y 24 a\u00f1os, con heridas de bala en diferentes partes del cuerpo.<\/p>\n\n\n\n<p>Los perjudicados recibieron atenci\u00f3n m\u00e9dica inicial en el lugar y posteriormente fueron trasladados a un hospital, donde permanecen bajo atenci\u00f3n m\u00e9dica. Al momento, se desconoce su condici\u00f3n de salud.<\/p>\n\n\n\n<p>Personal de la Divisi\u00f3n de Homicidios del Cuerpo de Investigaciones Criminales (CIC) de San Juan, investigan.<\/p>\n\n\n\n<p><strong>Le disparan y lo hieren en la Baldorioty<\/strong><\/p>\n\n\n\n<p>Una agresi\u00f3n grave fue reportada a eso de las 2:40 de la madrugada de hoy, en hechos ocurridos en el expreso Rom\u00e1n Baldorioty de Castro, a la altura del Aeropuerto Internacional Luis Mu\u00f1oz Mar\u00edn, en Carolina.<\/p>\n\n\n\n<p>Seg\u00fan la informaci\u00f3n preliminar, una llamada recibida desde una instituci\u00f3n hospitalaria del \u00e1rea alert\u00f3 a las autoridades sobre un hombre que lleg\u00f3 en su auto herido de bala.<\/p>\n\n\n\n<p>Al llegar los agentes, el perjudicado manifest\u00f3 que, mientras transitaba por el lugar, un veh\u00edculo se le acerc\u00f3 y desde el mismo le realizaron varios disparos y result\u00f3 herido. Al momento, la v\u00edctima no ha sido identificada y su condici\u00f3n de salud fue descrita como estable.<\/p>\n\n\n\n<p>Personal de la Divisi\u00f3n de Agresiones del Cuerpo de Investigaciones Criminales (CIC) del \u00c1rea de Carolina se encuentra a cargo de la investigaci\u00f3n.<\/p>","protected":false},"excerpt":{"rendered":"<p>Varias muertes violentas fueron reportadas durante la noche de ayer y esta madrugada, adem\u00e1s de heridos de bala, en hechos ocurridos en distintos lugares. Lo tirotean y muere en el hospital Una muerte violenta fue reportada a las 10:33 de la noche del viernes, en la barriada Bunker de Caguas. Seg\u00fan el reporte de la [&hellip;]<\/p>","protected":false},"author":101,"featured_media":1002768,"comment_status":"open","ping_status":"open","sticky":false,"template":"","format":"standard","meta":{"_acf_changed":false,"_monsterinsights_skip_tracking":false,"ep_exclude_from_search":false,"footnotes":""},"categories":[3,15],"tags":[1880,1231,4753],"class_list":["post-1022771","post","type-post","status-publish","format-standard","has-post-thumbnail","hentry","category-noticias","category-policiacas","tag-asesinatos","tag-heridos-de-bala","tag-policia-de-pr"],"acf":[],"aioseo_notices":[],"_links":{"self":[{"href":"https:\/\/noticel.com\/en\/wp-json\/wp\/v2\/posts\/1022771","targetHints":{"allow":["GET"]}}],"collection":[{"href":"https:\/\/noticel.com\/en\/wp-json\/wp\/v2\/posts"}],"about":[{"href":"https:\/\/noticel.com\/en\/wp-json\/wp\/v2\/types\/post"}],"author":[{"embeddable":true,"href":"https:\/\/noticel.com\/en\/wp-json\/wp\/v2\/users\/101"}],"replies":[{"embeddable":true,"href":"https:\/\/noticel.com\/en\/wp-json\/wp\/v2\/comments?post=1022771"}],"version-history":[{"count":1,"href":"https:\/\/noticel.com\/en\/wp-json\/wp\/v2\/posts\/1022771\/revisions"}],"predecessor-version":[{"id":1022775,"href":"https:\/\/noticel.com\/en\/wp-json\/wp\/v2\/posts\/1022771\/revisions\/1022775"}],"wp:featuredmedia":[{"embeddable":true,"href":"https:\/\/noticel.com\/en\/wp-json\/wp\/v2\/media\/1002768"}],"wp:attachment":[{"href":"https:\/\/noticel.com\/en\/wp-json\/wp\/v2\/media?parent=1022771"}],"wp:term":[{"taxonomy":"category","embeddable":true,"href":"https:\/\/noticel.com\/en\/wp-json\/wp\/v2\/categories?post=1022771"},{"taxonomy":"post_tag","embeddable":true,"href":"https:\/\/noticel.com\/en\/wp-json\/wp\/v2\/tags?post=1022771"}],"curies":[{"name":"wp","href":"https:\/\/api.w.org\/{rel}","templated":true}]}}