{"id":1022765,"date":"2026-09-05T10:01:56","date_gmt":"2026-09-05T14:01:56","guid":{"rendered":""},"modified":"2026-09-05T10:09:02","modified_gmt":"2026-09-05T14:09:02","slug":"se-esperan-aguaceros-este-fin-de-semana-por-el-paso-de-una-onda-tropical","status":"publish","type":"post","link":"https:\/\/noticel.com\/en\/noticias\/20260905\/se-esperan-aguaceros-este-fin-de-semana-por-el-paso-de-una-onda-tropical\/","title":{"rendered":"Se esperan aguaceros este fin de semana por el paso de una onda tropical"},"content":{"rendered":"<p>Una onda tropical d\u00e9bil cruzar\u00e1 la regi\u00f3n hoy y aumentar\u00e1 la actividad de aguaceros, particularmente sobre el interior y oeste de Puerto Rico durante la tarde.<\/p>\n\n\n\n<p>La onda tropical continuar\u00e1 su desplazamiento y la humedad disponible en la atm\u00f3sfera aumentar\u00e1 hasta aproximadamente 1.9 pulgadas para esta noche.<\/p>\n\n\n\n<p>La humedad aumentar\u00e1 durante el fin de semana, lo que producir\u00e1 aguaceros m\u00e1s frecuentes y algunas tronadas, especialmente durante las tardes sobre el oeste de Puerto Rico.<\/p>\n\n\n\n<p>Hay una advertencia de calor vigente desde las 10:00 a. m. hasta las 5:00 p.m. para todo Puerto Rico.<\/p><div class=\"notic-content-middle\" id=\"notic-4079866583\"><div class=\"notic-adlabel\">Advertisements<\/div><a data-no-instant=\"1\" href=\"https:\/\/www.cst.pr.gov\/\" rel=\"noopener\" class=\"a2t-link\" target=\"_blank\" aria-label=\"300&#215;600\"><img loading=\"lazy\" decoding=\"async\" src=\"https:\/\/cdn.noticel.com\/2026\/09\/02203205\/300x600-1.jpg\" alt=\"\"  srcset=\"https:\/\/cdn.noticel.com\/2026\/09\/02203205\/300x600-1.jpg 300w, https:\/\/cdn.noticel.com\/2026\/09\/02203205\/300x600-1-150x300.jpg 150w, https:\/\/cdn.noticel.com\/2026\/09\/02203205\/300x600-1-6x12.jpg 6w\" sizes=\"(max-width: 300px) 100vw, 300px\" width=\"300\" height=\"600\"   \/><\/a><\/div>\n\n\n\n<p>Durante todo el fin de semana largo prevalecer\u00e1 un riesgo bajo de corrientes marinas en todas las playas.<\/p>\n\n\n\n<p>Para hoy, aguaceros dispersos, principalmente despu\u00e9s del mediod\u00eda. Mayormente soleado, con temperatura m\u00e1xima cercana a 91 \u00b0F. El \u00edndice de calor podr\u00eda alcanzar 105 \u00b0F. Viento del este entre 6 y 15 mph, con r\u00e1fagas de hasta 20 mph. Probabilidad de lluvia de 40%.<\/p>\n\n\n\n<p>Esta noche, aguaceros dispersos, principalmente entre las 9:00 p. m. y las 3:00 a. m. Parcialmente nublado, con temperatura m\u00ednima cercana a 80 \u00b0F. Viento del sureste entre 6 y 9 mph. Probabilidad de lluvia de 30 %.<\/p>","protected":false},"excerpt":{"rendered":"<p>Una onda tropical d\u00e9bil cruzar\u00e1 la regi\u00f3n hoy y aumentar\u00e1 la actividad de aguaceros, particularmente sobre el interior y oeste de Puerto Rico durante la tarde. La onda tropical continuar\u00e1 su desplazamiento y la humedad disponible en la atm\u00f3sfera aumentar\u00e1 hasta aproximadamente 1.9 pulgadas para esta noche. La humedad aumentar\u00e1 durante el fin de semana, [&hellip;]<\/p>","protected":false},"author":101,"featured_media":1022766,"comment_status":"open","ping_status":"open","sticky":false,"template":"","format":"standard","meta":{"_acf_changed":false,"_monsterinsights_skip_tracking":false,"ep_exclude_from_search":false,"footnotes":""},"categories":[18,3],"tags":[728],"class_list":["post-1022765","post","type-post","status-publish","format-standard","has-post-thumbnail","hentry","category-el-tiempo","category-noticias","tag-advertencia-de-calor"],"acf":[],"aioseo_notices":[],"_links":{"self":[{"href":"https:\/\/noticel.com\/en\/wp-json\/wp\/v2\/posts\/1022765","targetHints":{"allow":["GET"]}}],"collection":[{"href":"https:\/\/noticel.com\/en\/wp-json\/wp\/v2\/posts"}],"about":[{"href":"https:\/\/noticel.com\/en\/wp-json\/wp\/v2\/types\/post"}],"author":[{"embeddable":true,"href":"https:\/\/noticel.com\/en\/wp-json\/wp\/v2\/users\/101"}],"replies":[{"embeddable":true,"href":"https:\/\/noticel.com\/en\/wp-json\/wp\/v2\/comments?post=1022765"}],"version-history":[{"count":3,"href":"https:\/\/noticel.com\/en\/wp-json\/wp\/v2\/posts\/1022765\/revisions"}],"predecessor-version":[{"id":1022769,"href":"https:\/\/noticel.com\/en\/wp-json\/wp\/v2\/posts\/1022765\/revisions\/1022769"}],"wp:featuredmedia":[{"embeddable":true,"href":"https:\/\/noticel.com\/en\/wp-json\/wp\/v2\/media\/1022766"}],"wp:attachment":[{"href":"https:\/\/noticel.com\/en\/wp-json\/wp\/v2\/media?parent=1022765"}],"wp:term":[{"taxonomy":"category","embeddable":true,"href":"https:\/\/noticel.com\/en\/wp-json\/wp\/v2\/categories?post=1022765"},{"taxonomy":"post_tag","embeddable":true,"href":"https:\/\/noticel.com\/en\/wp-json\/wp\/v2\/tags?post=1022765"}],"curies":[{"name":"wp","href":"https:\/\/api.w.org\/{rel}","templated":true}]}}