{"id":1022685,"date":"2026-09-04T16:21:45","date_gmt":"2026-09-04T20:21:45","guid":{"rendered":""},"modified":"2026-09-04T16:34:25","modified_gmt":"2026-09-04T20:34:25","slug":"la-junta-aprueba-contrato-de-un-mes-para-servicio-de-ama-de-llaves","status":"publish","type":"post","link":"https:\/\/noticel.com\/en\/ultima-hora\/20260904\/la-junta-aprueba-contrato-de-un-mes-para-servicio-de-ama-de-llaves\/","title":{"rendered":"La Junta aprueba contrato de un mes para servicio de ama de llaves"},"content":{"rendered":"<p>La Junta de Supervisi\u00f3n Fiscal (JSF) aprob\u00f3 hoy un contrato por un mes de $1.5 millones entre la Administraci\u00f3n de Familia y Ni\u00f1os (ADFAN) y la Corporaci\u00f3n de Servicios de Ama de Llaves para brindarle servicio a sobre 1,600 adultos mayores.<\/p>\n\n\n\n<p>En una carta de la Junta a la jefa de ADFAN, Wilma Ortiz Rivera, se repasa como el 1 de septiembre la agencia present\u00f3 a la Junta un nuevo contrato y, al d\u00eda siguiente, notific\u00f3 que existe un pleito judicial en que se impugna otro contrato, este por sobre $50 millones, para brindar este servicio.<\/p><div class=\"notic-content-middle\" id=\"notic-3856036209\"><div class=\"notic-adlabel\">Advertisements<\/div><a data-no-instant=\"1\" href=\"https:\/\/qrco.de\/bgxd5v\" rel=\"noopener\" class=\"a2t-link\" target=\"_blank\" aria-label=\"DisplayAds-300&#215;250\"><img loading=\"lazy\" decoding=\"async\" src=\"https:\/\/cdn.noticel.com\/2026\/09\/02200431\/DisplayAds-300x250-1.jpg\" alt=\"\"  srcset=\"https:\/\/cdn.noticel.com\/2026\/09\/02200431\/DisplayAds-300x250-1.jpg 300w, https:\/\/cdn.noticel.com\/2026\/09\/02200431\/DisplayAds-300x250-1-14x12.jpg 14w\" sizes=\"(max-width: 300px) 100vw, 300px\" width=\"300\" height=\"250\"   \/><\/a><\/div>\n\n\n\n<p>Aunque la Junta sostiene que no tiene manera de determinar si el contrato a largo plazo e impugnado presentado cumple con el principio de competencia de mercado, s\u00ed instruy\u00f3 a ADFAN a presentar un contrato por un mes de duraci\u00f3n para garantizar los servicios a la poblaci\u00f3n de adultos mayores.<\/p>","protected":false},"excerpt":{"rendered":"<p>La Junta de Supervisi\u00f3n Fiscal (JSF) aprob\u00f3 hoy un contrato por un mes de $1.5 millones entre la Administraci\u00f3n de Familia y Ni\u00f1os (ADFAN) y la Corporaci\u00f3n de Servicios de Ama de Llaves para brindarle servicio a sobre 1,600 adultos mayores. En una carta de la Junta a la jefa de ADFAN, Wilma Ortiz Rivera, [&hellip;]<\/p>","protected":false},"author":2736,"featured_media":1022689,"comment_status":"open","ping_status":"open","sticky":false,"template":"","format":"standard","meta":{"_acf_changed":false,"_monsterinsights_skip_tracking":false,"ep_exclude_from_search":false,"footnotes":""},"categories":[4,3,2],"tags":[],"class_list":["post-1022685","post","type-post","status-publish","format-standard","has-post-thumbnail","hentry","category-gobierno","category-noticias","category-ultima-hora"],"acf":[],"aioseo_notices":[],"_links":{"self":[{"href":"https:\/\/noticel.com\/en\/wp-json\/wp\/v2\/posts\/1022685","targetHints":{"allow":["GET"]}}],"collection":[{"href":"https:\/\/noticel.com\/en\/wp-json\/wp\/v2\/posts"}],"about":[{"href":"https:\/\/noticel.com\/en\/wp-json\/wp\/v2\/types\/post"}],"author":[{"embeddable":true,"href":"https:\/\/noticel.com\/en\/wp-json\/wp\/v2\/users\/2736"}],"replies":[{"embeddable":true,"href":"https:\/\/noticel.com\/en\/wp-json\/wp\/v2\/comments?post=1022685"}],"version-history":[{"count":3,"href":"https:\/\/noticel.com\/en\/wp-json\/wp\/v2\/posts\/1022685\/revisions"}],"predecessor-version":[{"id":1022697,"href":"https:\/\/noticel.com\/en\/wp-json\/wp\/v2\/posts\/1022685\/revisions\/1022697"}],"wp:featuredmedia":[{"embeddable":true,"href":"https:\/\/noticel.com\/en\/wp-json\/wp\/v2\/media\/1022689"}],"wp:attachment":[{"href":"https:\/\/noticel.com\/en\/wp-json\/wp\/v2\/media?parent=1022685"}],"wp:term":[{"taxonomy":"category","embeddable":true,"href":"https:\/\/noticel.com\/en\/wp-json\/wp\/v2\/categories?post=1022685"},{"taxonomy":"post_tag","embeddable":true,"href":"https:\/\/noticel.com\/en\/wp-json\/wp\/v2\/tags?post=1022685"}],"curies":[{"name":"wp","href":"https:\/\/api.w.org\/{rel}","templated":true}]}}