{"id":1022677,"date":"2026-09-04T15:38:07","date_gmt":"2026-09-04T19:38:07","guid":{"rendered":""},"modified":"2026-09-04T15:57:35","modified_gmt":"2026-09-04T19:57:35","slug":"roig-le-responde-a-hector-joaquin-sanchez-y-pide-que-cese-lo-que-llama-persecucion-en-su-contra","status":"publish","type":"post","link":"https:\/\/noticel.com\/en\/ultima-hora\/20260904\/roig-le-responde-a-hector-joaquin-sanchez-y-pide-que-cese-lo-que-llama-persecucion-en-su-contra\/","title":{"rendered":"Roig le responde a H\u00e9ctor Joaqu\u00edn S\u00e1nchez y pide que cese lo que llama persecuci\u00f3n en su contra"},"content":{"rendered":"<p>La secretaria del Departamento de la Familia, Suzanne Roig Fuertes, pidi\u00f3 el viernes que cesen lo que describi\u00f3 como persecuciones y ataques en su contra, al tiempo que neg\u00f3 que exista una investigaci\u00f3n federal relacionada con procesos o proyectos que haya manejado durante su gesti\u00f3n.<\/p>\n\n\n\n<p>Se refiri\u00f3 a expresiones del senador penep\u00e9 H\u00e9ctor Joaqu\u00edn S\u00e1nchez, quien dijo en Radio Isla que las autoridades federales la investigan respecto a la propuesta preparada por dicha agencia y que otorga $38 millones en fondos federales TANF para el desarrollo de un programa dirigido a atender las necesidades de estudiantes con rezago acad\u00e9mico.<\/p>\n\n\n\n<p>Tambi\u00e9n opin\u00f3 que Roig Fuertes deber\u00eda renunciar.<\/p>\n\n\n\n<p>\u201cAprovecho la ocasi\u00f3n para solicitar que cesen las persecuciones, los ataques viciosos y totalmente infundados. Invito a quienes realizan estas acusaciones a que las sostengan bajo juramento y presenten las evidencias correspondientes conforme a derecho\u201d, expres\u00f3 Roig Fuertes en declaraciones escritas.<\/p>\n\n\n\n<p>La secretaria sostuvo que no ha sido objeto de una investigaci\u00f3n federal durante el tiempo que lleva al frente del Departamento de la Familia ni en ning\u00fan momento de su carrera profesional.<\/p><div class=\"notic-content-middle\" id=\"notic-653607270\"><div class=\"notic-adlabel\">Advertisements<\/div><a data-no-instant=\"1\" href=\"https:\/\/qrco.de\/bgxd5v\" rel=\"noopener\" class=\"a2t-link\" target=\"_blank\" aria-label=\"300X600-SEBUSCA2\"><img loading=\"lazy\" decoding=\"async\" src=\"https:\/\/cdn.noticel.com\/2026\/09\/02194415\/300X600-SEBUSCA2.jpg\" alt=\"\"  srcset=\"https:\/\/cdn.noticel.com\/2026\/09\/02194415\/300X600-SEBUSCA2.jpg 300w, https:\/\/cdn.noticel.com\/2026\/09\/02194415\/300X600-SEBUSCA2-150x300.jpg 150w, https:\/\/cdn.noticel.com\/2026\/09\/02194415\/300X600-SEBUSCA2-6x12.jpg 6w\" sizes=\"(max-width: 300px) 100vw, 300px\" width=\"300\" height=\"600\"   \/><\/a><\/div>\n\n\n\n<p>\u201cComo siempre he dicho y reitero, no ha existido, ni existe investigaci\u00f3n federal alguna sobre ning\u00fan proceso o proyecto manejado por esta servidora durante el tiempo que llevo ocupando la posici\u00f3n de secretaria del Departamento de la Familia, ni en ning\u00fan momento de mi carrera profesional\u201d, afirm\u00f3.<\/p>\n\n\n\n<p>Roig Fuertes asegur\u00f3 que siempre ha actuado \u201ccon verticalidad y bajo los m\u00e1s altos valores y est\u00e1ndares \u00e9ticos y legales\u201d.<\/p>\n\n\n\n<p>\u201cCualquier aseveraci\u00f3n contraria a lo expresado es, sin lugar a dudas, falsa, difamatoria y malintencionada\u201d, sostuvo.<\/p>\n\n\n\n<p>La funcionaria plante\u00f3 que los se\u00f1alamientos buscan afectar tanto su reputaci\u00f3n como la de empleados del Gobierno que trabajan con poblaciones vulnerables.<\/p>\n\n\n\n<p>\u201cEstas acusaciones son realizadas con el \u00fanico prop\u00f3sito de hacer da\u00f1o e intentar mancillar la reputaci\u00f3n de esta servidora p\u00fablica, as\u00ed como la de miles de compa\u00f1eros que laboran en este gobierno y que diariamente trabajan arduamente para ayudar y proteger a las poblaciones m\u00e1s vulnerables\u201d, expres\u00f3.<\/p>","protected":false},"excerpt":{"rendered":"<p>La secretaria del Departamento de la Familia, Suzanne Roig Fuertes, pidi\u00f3 el viernes que cesen lo que describi\u00f3 como persecuciones y ataques en su contra, al tiempo que neg\u00f3 que exista una investigaci\u00f3n federal relacionada con procesos o proyectos que haya manejado durante su gesti\u00f3n. Se refiri\u00f3 a expresiones del senador penep\u00e9 H\u00e9ctor Joaqu\u00edn S\u00e1nchez, [&hellip;]<\/p>","protected":false},"author":100,"featured_media":1013221,"comment_status":"open","ping_status":"open","sticky":false,"template":"","format":"standard","meta":{"_acf_changed":false,"_monsterinsights_skip_tracking":false,"ep_exclude_from_search":false,"footnotes":""},"categories":[4,3,2],"tags":[3725,1177,1609],"class_list":["post-1022677","post","type-post","status-publish","format-standard","has-post-thumbnail","hentry","category-gobierno","category-noticias","category-ultima-hora","tag-hector-joaquin-sanchez","tag-investigacion","tag-suzanne-roig"],"acf":[],"aioseo_notices":[],"_links":{"self":[{"href":"https:\/\/noticel.com\/en\/wp-json\/wp\/v2\/posts\/1022677","targetHints":{"allow":["GET"]}}],"collection":[{"href":"https:\/\/noticel.com\/en\/wp-json\/wp\/v2\/posts"}],"about":[{"href":"https:\/\/noticel.com\/en\/wp-json\/wp\/v2\/types\/post"}],"author":[{"embeddable":true,"href":"https:\/\/noticel.com\/en\/wp-json\/wp\/v2\/users\/100"}],"replies":[{"embeddable":true,"href":"https:\/\/noticel.com\/en\/wp-json\/wp\/v2\/comments?post=1022677"}],"version-history":[{"count":3,"href":"https:\/\/noticel.com\/en\/wp-json\/wp\/v2\/posts\/1022677\/revisions"}],"predecessor-version":[{"id":1022682,"href":"https:\/\/noticel.com\/en\/wp-json\/wp\/v2\/posts\/1022677\/revisions\/1022682"}],"wp:featuredmedia":[{"embeddable":true,"href":"https:\/\/noticel.com\/en\/wp-json\/wp\/v2\/media\/1013221"}],"wp:attachment":[{"href":"https:\/\/noticel.com\/en\/wp-json\/wp\/v2\/media?parent=1022677"}],"wp:term":[{"taxonomy":"category","embeddable":true,"href":"https:\/\/noticel.com\/en\/wp-json\/wp\/v2\/categories?post=1022677"},{"taxonomy":"post_tag","embeddable":true,"href":"https:\/\/noticel.com\/en\/wp-json\/wp\/v2\/tags?post=1022677"}],"curies":[{"name":"wp","href":"https:\/\/api.w.org\/{rel}","templated":true}]}}