{"id":1022669,"date":"2026-09-04T15:27:01","date_gmt":"2026-09-04T19:27:01","guid":{"rendered":""},"modified":"2026-09-04T18:55:13","modified_gmt":"2026-09-04T22:55:13","slug":"otro-fuego-forestal-en-el-area-del-jardin-botanico-de-la-upr","status":"publish","type":"post","link":"https:\/\/noticel.com\/en\/ultima-hora\/20260904\/otro-fuego-forestal-en-el-area-del-jardin-botanico-de-la-upr\/","title":{"rendered":"Otro fuego forestal en el \u00e1rea del Jard\u00edn Bot\u00e1nico de la UPR"},"content":{"rendered":"<p>Por segunda ocasi\u00f3n en tres semanas se ha reportado un fuego forestal en el \u00e1rea del Jard\u00edn Bot\u00e1nico de R\u00edo Piedras.<\/p>\n\n\n\n<p>Esta tarde bomberos trabajan en la extinci\u00f3n de un fuego forestal en el lugar. Personal de la Oficina Municipal para el Manejo de Emergencia (OMME) de San Juan est\u00e1 la escena con camiones cisternas. La Polic\u00eda tambi\u00e9n tiene presencia en el lugar y no se han reportado heridos, seg\u00fan report\u00f3 el Negociado de Bomberos.<\/p>\n\n\n\n<figure class=\"wp-block-image size-large\"><img loading=\"lazy\" decoding=\"async\" width=\"1024\" height=\"683\" src=\"https:\/\/cdn.noticel.com\/2026\/09\/04153529\/goski-1024x683.jpg\" alt=\"\" class=\"wp-image-1022674\" srcset=\"https:\/\/cdn.noticel.com\/2026\/09\/04153529\/goski-1024x683.jpg 1024w, https:\/\/cdn.noticel.com\/2026\/09\/04153529\/goski-300x200.jpg 300w, https:\/\/cdn.noticel.com\/2026\/09\/04153529\/goski-768x512.jpg 768w, https:\/\/cdn.noticel.com\/2026\/09\/04153529\/goski-1536x1024.jpg 1536w, https:\/\/cdn.noticel.com\/2026\/09\/04153529\/goski-18x12.jpg 18w, https:\/\/cdn.noticel.com\/2026\/09\/04153529\/goski.jpg 1620w\" sizes=\"auto, (max-width: 1024px) 100vw, 1024px\" \/><\/figure>\n\n\n\n<p><strong><em>Imagen del incendio de esta tarde. Juan R. Costa\/NotiCel.<\/em><\/strong><\/p>\n\n\n\n<p>El pasado 21 de agosto se report\u00f3 otro fuego en el lugar. <\/p><div class=\"notic-content-middle\" id=\"notic-153669004\"><div class=\"notic-adlabel\">Advertisements<\/div><a data-no-instant=\"1\" href=\"https:\/\/qrco.de\/bgxd5v\" rel=\"noopener\" class=\"a2t-link\" target=\"_blank\" aria-label=\"DisplayAd-970&#215;903\"><img loading=\"lazy\" decoding=\"async\" src=\"https:\/\/cdn.noticel.com\/2026\/09\/02200307\/DisplayAd-970x903-1.jpg\" alt=\"\"  srcset=\"https:\/\/cdn.noticel.com\/2026\/09\/02200307\/DisplayAd-970x903-1.jpg 970w, https:\/\/cdn.noticel.com\/2026\/09\/02200307\/DisplayAd-970x903-1-300x28.jpg 300w, https:\/\/cdn.noticel.com\/2026\/09\/02200307\/DisplayAd-970x903-1-768x71.jpg 768w, https:\/\/cdn.noticel.com\/2026\/09\/02200307\/DisplayAd-970x903-1-18x2.jpg 18w\" sizes=\"(max-width: 970px) 100vw, 970px\" width=\"970\" height=\"90\"   \/><\/a><\/div>\n\n\n\n<p>Por otro lado, agentes municipales de San Juan comenzaron las ordenes de evacuaci\u00f3n de residentes de la calle 8, en Villa Nevarez, porque sus casas colindan con el Jard\u00edn Bot\u00e1nico de la UPR. Actualmente, hay personal de bomberos en el \u00e1rea tratando de llegar al terreno para apagar las llamas, seg\u00fan informaron el agentes municipales a NotiCel.<\/p>\n\n\n\n<figure class=\"wp-block-image size-large\"><img loading=\"lazy\" decoding=\"async\" width=\"1024\" height=\"768\" src=\"https:\/\/cdn.noticel.com\/2026\/09\/04163559\/WhatsApp-Image-2026-09-04-at-4.16.20-PM-1024x768.jpeg\" alt=\"\" class=\"wp-image-1022696\" srcset=\"https:\/\/cdn.noticel.com\/2026\/09\/04163559\/WhatsApp-Image-2026-09-04-at-4.16.20-PM-1024x768.jpeg 1024w, https:\/\/cdn.noticel.com\/2026\/09\/04163559\/WhatsApp-Image-2026-09-04-at-4.16.20-PM-300x225.jpeg 300w, https:\/\/cdn.noticel.com\/2026\/09\/04163559\/WhatsApp-Image-2026-09-04-at-4.16.20-PM-768x576.jpeg 768w, https:\/\/cdn.noticel.com\/2026\/09\/04163559\/WhatsApp-Image-2026-09-04-at-4.16.20-PM-1536x1152.jpeg 1536w, https:\/\/cdn.noticel.com\/2026\/09\/04163559\/WhatsApp-Image-2026-09-04-at-4.16.20-PM-16x12.jpeg 16w, https:\/\/cdn.noticel.com\/2026\/09\/04163559\/WhatsApp-Image-2026-09-04-at-4.16.20-PM.jpeg 1600w\" sizes=\"auto, (max-width: 1024px) 100vw, 1024px\" \/><figcaption class=\"wp-element-caption\">El humo del fuego del Jard\u00edn Bot\u00e1nico invade residencias en Villa Nevarez. <\/figcaption><\/figure>\n\n\n\n<p>El Negociado de Bomberos inform\u00f3 a trav\u00e9s de sus redes sociales que los bomberos contin\u00faan trabajando la extinci\u00f3n del fuego forestal junto a la OMME y la Polic\u00eda. <\/p>\n\n\n\n<p>Est\u00e1n a cargo el comisionado auxiliar de Extinci\u00f3n, Billy Torres, junto al jefe de Brigadas Forestales del Negociado el teniente Joel Figueroa. <\/p>\n\n\n\n<p>Exhortaron a las comunidades cercanas a tomar medidas seguridad por la cantidad de humo en el lugar.<\/p>\n\n\n\n<p><\/p>","protected":false},"excerpt":{"rendered":"<p>Por segunda ocasi\u00f3n en tres semanas se ha reportado un fuego forestal en el \u00e1rea del Jard\u00edn Bot\u00e1nico de R\u00edo Piedras. Esta tarde bomberos trabajan en la extinci\u00f3n de un fuego forestal en el lugar. Personal de la Oficina Municipal para el Manejo de Emergencia (OMME) de San Juan est\u00e1 la escena con camiones cisternas. [&hellip;]<\/p>","protected":false},"author":100,"featured_media":1022723,"comment_status":"open","ping_status":"open","sticky":false,"template":"","format":"standard","meta":{"_acf_changed":false,"_monsterinsights_skip_tracking":false,"ep_exclude_from_search":false,"footnotes":""},"categories":[12,3,2],"tags":[580,5093,201],"class_list":["post-1022669","post","type-post","status-publish","format-standard","has-post-thumbnail","hentry","category-la-calle","category-noticias","category-ultima-hora","tag-fuego","tag-jardin-botanico","tag-upr"],"acf":[],"aioseo_notices":[],"_links":{"self":[{"href":"https:\/\/noticel.com\/en\/wp-json\/wp\/v2\/posts\/1022669","targetHints":{"allow":["GET"]}}],"collection":[{"href":"https:\/\/noticel.com\/en\/wp-json\/wp\/v2\/posts"}],"about":[{"href":"https:\/\/noticel.com\/en\/wp-json\/wp\/v2\/types\/post"}],"author":[{"embeddable":true,"href":"https:\/\/noticel.com\/en\/wp-json\/wp\/v2\/users\/100"}],"replies":[{"embeddable":true,"href":"https:\/\/noticel.com\/en\/wp-json\/wp\/v2\/comments?post=1022669"}],"version-history":[{"count":16,"href":"https:\/\/noticel.com\/en\/wp-json\/wp\/v2\/posts\/1022669\/revisions"}],"predecessor-version":[{"id":1022715,"href":"https:\/\/noticel.com\/en\/wp-json\/wp\/v2\/posts\/1022669\/revisions\/1022715"}],"wp:featuredmedia":[{"embeddable":true,"href":"https:\/\/noticel.com\/en\/wp-json\/wp\/v2\/media\/1022723"}],"wp:attachment":[{"href":"https:\/\/noticel.com\/en\/wp-json\/wp\/v2\/media?parent=1022669"}],"wp:term":[{"taxonomy":"category","embeddable":true,"href":"https:\/\/noticel.com\/en\/wp-json\/wp\/v2\/categories?post=1022669"},{"taxonomy":"post_tag","embeddable":true,"href":"https:\/\/noticel.com\/en\/wp-json\/wp\/v2\/tags?post=1022669"}],"curies":[{"name":"wp","href":"https:\/\/api.w.org\/{rel}","templated":true}]}}