{"id":1022642,"date":"2026-09-04T14:14:04","date_gmt":"2026-09-04T18:14:04","guid":{"rendered":""},"modified":"2026-09-04T14:25:18","modified_gmt":"2026-09-04T18:25:18","slug":"wisin-inaugura-la-universidad-del-perreo-un-homenaje-a-las-raices-del-reggaeton","status":"publish","type":"post","link":"https:\/\/noticel.com\/en\/entretenimiento\/20260904\/wisin-inaugura-la-universidad-del-perreo-un-homenaje-a-las-raices-del-reggaeton\/","title":{"rendered":"Wisin inaugura\u00a0\u00abLa Universidad del Perreo\u00bb, un homenaje a las ra\u00edces del reggaet\u00f3n"},"content":{"rendered":"<p>Wisin, una de las figuras fundamentales en la historia y evoluci\u00f3n de la m\u00fasica urbana latina, presenta hoy\u00a0<em>\u201cLa Universidad del Perreo\u201d<\/em>, un nuevo \u00e1lbum que regresa a las ra\u00edces del reggaet\u00f3n underground creado en Puerto Rico y rinde homenaje a los sonidos, artistas y c\u00f3digos que sentaron las bases de un movimiento que posteriormente conquistar\u00eda al mundo.<\/p>\n\n\n\n<p>Asumiendo su posici\u00f3n como \u201cdecano\u201d de\u00a0<em>La Universidad del Perreo<\/em>, Wisin convierte el proyecto en una c\u00e1tedra sobre la historia y evoluci\u00f3n del g\u00e9nero, convocando como \u201cprofesores\u201d a varias de las figuras que ayudaron a construir su legado. Los puertorrique\u00f1os\u00a0Ivy Queen,\u00a0Don Chezina,\u00a0Jowell &amp; Randy,\u00a0Jory Boy,\u00a0Franco \u201cEl Gorila\u201d,\u00a0Tr\u00e9bol Clan\u00a0y\u00a0Juanka El Problematik, junto al mexicano\u00a0El Bogueto, forman parte del claustro musical del \u00e1lbum, aportando sus estilos y experiencias a una producci\u00f3n concebida para preservar la esencia del perreo y proyectarla hacia el presente.<\/p>\n\n\n\n<p>La nueva generaci\u00f3n tambi\u00e9n ocupa un lugar dentro de esta instituci\u00f3n. El artista colombiano&nbsp;Kapo&nbsp;llega representando a una generaci\u00f3n que recibi\u00f3 la influencia de quienes construyeron el g\u00e9nero y que ahora contin\u00faa escribiendo su historia. Su participaci\u00f3n junto a Wisin en&nbsp;\u201cMu\u00e9velo pa\u2019 m\u00ed\u201d&nbsp;establece un puente entre el legado del reggaet\u00f3n y las nuevas voces que hoy impulsan el g\u00e9nero.<\/p>\n\n\n\n<p>A trav\u00e9s de 12 canciones, el \u00e1lbum propone un recorrido por la identidad sonora del reggaet\u00f3n, recuperando elementos del underground puertorrique\u00f1o y reinterpret\u00e1ndolos desde la perspectiva de uno de los artistas que protagoniz\u00f3 su transformaci\u00f3n en un fen\u00f3meno global. El \u00e1lbum abre con\u00a0\u201cProfesor Sandunga\u201d, una introducci\u00f3n en la que Wisin da la bienvenida a\u00a0<em>La Universidad del Perreo<\/em>, y contin\u00faa con temas como\u00a0\u201cTe guayo\u201d,\u00a0\u201cYak\u00e9ame\u201d\u00a0y\u00a0\u201cPa\u2019 bailarlo as\u00ed\u201d, adem\u00e1s de una serie de colaboraciones que funcionan como verdaderas clases del g\u00e9nero.<\/p><div class=\"notic-content-middle\" id=\"notic-1584536174\"><div class=\"notic-adlabel\">Advertisements<\/div><a data-no-instant=\"1\" href=\"https:\/\/qrco.de\/bgxd5v\" rel=\"noopener\" class=\"a2t-link\" target=\"_blank\" aria-label=\"image002\"><img loading=\"lazy\" decoding=\"async\" src=\"https:\/\/cdn.noticel.com\/2026\/09\/04152516\/image002.jpg\" alt=\"\"  srcset=\"https:\/\/cdn.noticel.com\/2026\/09\/04152516\/image002.jpg 288w, https:\/\/cdn.noticel.com\/2026\/09\/04152516\/image002-14x12.jpg 14w\" sizes=\"(max-width: 288px) 100vw, 288px\" width=\"288\" height=\"240\"   \/><\/a><\/div>\n\n\n\n<p>Entre ellas se encuentran&nbsp;\u201cRewind Selecta\u201d&nbsp;junto a Don Chezina;&nbsp;\u201cEl espejo\u201d&nbsp;con Jory Boy;&nbsp;\u201cHasta abajo\u201d&nbsp;junto a Ivy Queen;&nbsp;\u201cBounce\u201d&nbsp;con Jowell &amp; Randy;&nbsp;\u201cMi baby\u201d&nbsp;con El Bogueto;&nbsp;\u201cEn alta\u201d&nbsp;junto a Franco \u201cEl gorila\u201d y Tr\u00e9bol Clan; y&nbsp;\u201cUnderground\u201d, que re\u00fane a Don Chezina y Juanka El Problematik.<\/p>\n\n\n\n<p>Con&nbsp;<em>La Universidad del Perreo<\/em>, Wisin no solo revisita el sonido que marc\u00f3 sus comienzos, sino que reivindica la aportaci\u00f3n de Puerto Rico como cuna del reggaet\u00f3n y reconoce a quienes impartieron las primeras lecciones de un g\u00e9nero que pas\u00f3 del underground a convertirse en uno de los movimientos culturales de mayor alcance internacional.<\/p>\n\n\n\n<figure class=\"wp-block-embed is-type-video is-provider-youtube wp-block-embed-youtube wp-embed-aspect-16-9 wp-has-aspect-ratio\"><div class=\"wp-block-embed__wrapper\">\n<iframe loading=\"lazy\" title=\"Wisin, Kapo - Mu\u00e9velo Pa&#039; M\u00ed (Official Video)\" width=\"500\" height=\"281\" src=\"https:\/\/www.youtube.com\/embed\/toquQ7tHx8s?feature=oembed\" frameborder=\"0\" allow=\"accelerometer; autoplay; clipboard-write; encrypted-media; gyroscope; picture-in-picture; web-share\" referrerpolicy=\"strict-origin-when-cross-origin\" allowfullscreen><\/iframe>\n<\/div><\/figure>\n\n\n\n<p><strong>TRACKLIST<\/strong><\/p>\n\n\n\n<ol class=\"wp-block-list\">\n<li>\u201cProfesor Sandunga\u201d<\/li>\n\n\n\n<li>\u201cTe Guayo\u201d<\/li>\n\n\n\n<li>\u201cMu\u00e9velo Pa\u2019 M\u00ed\u201d con Kapo<\/li>\n\n\n\n<li>\u201cYak\u00e9ame\u201d<\/li>\n\n\n\n<li>\u201cRewind Selecta\u201d con Don Chezina<\/li>\n\n\n\n<li>\u201cEl Espejo\u201d con Jory Boy<\/li>\n\n\n\n<li>\u201cHasta Abajo\u201d con Ivy Queen<\/li>\n\n\n\n<li>\u201cBounce\u201d con Jowell &amp; Randy<\/li>\n\n\n\n<li>\u201cMi Baby\u201d con El Bogueto<\/li>\n\n\n\n<li>\u201cEn Alta\u201d con Franco \u201cEl Gorila\u201d y Tr\u00e9bol Clan<\/li>\n\n\n\n<li>\u201cUnderground\u201d con Don Chezina y Juanka El Problematik<\/li>\n\n\n\n<li>\u201cPa\u2019 Bailarlo As\u00ed\u201d<\/li>\n<\/ol>","protected":false},"excerpt":{"rendered":"<p>Wisin, una de las figuras fundamentales en la historia y evoluci\u00f3n de la m\u00fasica urbana latina, presenta hoy\u00a0\u201cLa Universidad del Perreo\u201d, un nuevo \u00e1lbum que regresa a las ra\u00edces del reggaet\u00f3n underground creado en Puerto Rico y rinde homenaje a los sonidos, artistas y c\u00f3digos que sentaron las bases de un movimiento que posteriormente conquistar\u00eda [&hellip;]<\/p>","protected":false},"author":100,"featured_media":1022643,"comment_status":"open","ping_status":"open","sticky":false,"template":"","format":"standard","meta":{"_acf_changed":false,"_monsterinsights_skip_tracking":false,"ep_exclude_from_search":false,"footnotes":""},"categories":[52,53],"tags":[1069,6046,6976],"class_list":["post-1022642","post","type-post","status-publish","format-standard","has-post-thumbnail","hentry","category-entretenimiento","category-musica","tag-disco","tag-regeton","tag-wisin"],"acf":[],"aioseo_notices":[],"_links":{"self":[{"href":"https:\/\/noticel.com\/en\/wp-json\/wp\/v2\/posts\/1022642","targetHints":{"allow":["GET"]}}],"collection":[{"href":"https:\/\/noticel.com\/en\/wp-json\/wp\/v2\/posts"}],"about":[{"href":"https:\/\/noticel.com\/en\/wp-json\/wp\/v2\/types\/post"}],"author":[{"embeddable":true,"href":"https:\/\/noticel.com\/en\/wp-json\/wp\/v2\/users\/100"}],"replies":[{"embeddable":true,"href":"https:\/\/noticel.com\/en\/wp-json\/wp\/v2\/comments?post=1022642"}],"version-history":[{"count":2,"href":"https:\/\/noticel.com\/en\/wp-json\/wp\/v2\/posts\/1022642\/revisions"}],"predecessor-version":[{"id":1022649,"href":"https:\/\/noticel.com\/en\/wp-json\/wp\/v2\/posts\/1022642\/revisions\/1022649"}],"wp:featuredmedia":[{"embeddable":true,"href":"https:\/\/noticel.com\/en\/wp-json\/wp\/v2\/media\/1022643"}],"wp:attachment":[{"href":"https:\/\/noticel.com\/en\/wp-json\/wp\/v2\/media?parent=1022642"}],"wp:term":[{"taxonomy":"category","embeddable":true,"href":"https:\/\/noticel.com\/en\/wp-json\/wp\/v2\/categories?post=1022642"},{"taxonomy":"post_tag","embeddable":true,"href":"https:\/\/noticel.com\/en\/wp-json\/wp\/v2\/tags?post=1022642"}],"curies":[{"name":"wp","href":"https:\/\/api.w.org\/{rel}","templated":true}]}}