{"id":1022636,"date":"2026-09-05T09:29:35","date_gmt":"2026-09-05T13:29:35","guid":{"rendered":""},"modified":"2026-09-05T09:30:23","modified_gmt":"2026-09-05T13:30:23","slug":"identifican-1200-variantes-geneticas-vinculadas-a-cinco-grandes-rasgos-de-la-personalidad","status":"publish","type":"post","link":"https:\/\/noticel.com\/en\/noticias\/20260905\/identifican-1200-variantes-geneticas-vinculadas-a-cinco-grandes-rasgos-de-la-personalidad\/","title":{"rendered":"Identifican 1,200 variantes gen\u00e9ticas vinculadas a cinco grandes rasgos de la personalidad"},"content":{"rendered":"<p>Redacci\u00f3n Ciencia (EFE).- La gen\u00e9tica y el entorno est\u00e1n interrelacionados a la hora de moldear la personalidad, cuyos rasgos est\u00e1n asociados con numerosas variantes gen\u00e9ticas de las que ahora se han identificado m\u00e1s de 1,200 relacionadas con cinco grandes formas de ser de una persona.<\/p>\n\n\n\n<p>La gen\u00e9tica de la personalidad es m\u00e1s relevante para la experiencia humana de lo que se pensaba, sugiere un estudio que publica&nbsp;<em>Nature<\/em>&nbsp;y que est\u00e1 liderado por la Universidad Estatal de Michigan (EE. UU.).<\/p>\n\n\n\n<p>Los resultados no indican que la personalidad pueda predecirse directamente a partir del ADN, sino que algunas variantes pueden influir en los rasgos de comportamiento, aunque otros factores ambientales pueden seguir teniendo un mayor impacto en el desarrollo de la personalidad.<\/p>\n\n\n\n<p>\u00abNo existe un \u00fanico &#8216;gen de la personalidad'\u00bb, sino que sus rasgos est\u00e1n asociados a numerosas variantes gen\u00e9ticas, pero incluso los efectos m\u00e1s importantes de las variantes gen\u00e9ticas individuales siguen siendo muy peque\u00f1os, explic\u00f3 el autor principal del art\u00edculo, Ted Schwaba, de la Universidad Estatal de Michigan.<\/p>\n\n\n\n<p>Sin embargo, aunque cada variante gen\u00e9tica individual tenga muy poca influencia en la personalidad, \u00ablos efectos de muchas variantes juntas pueden ser m\u00e1s significativos\u00bb.<\/p>\n\n\n\n<p>Los rasgos de personalidad describen diferencias estables en la forma en que las personas piensan, sienten y se comportan, as\u00ed como en la forma en que interact\u00faan con su entorno social y f\u00edsico y lo experimentan, revela el art\u00edculo.<\/p>\n\n\n\n<p>El estudio analiz\u00f3 los posibles v\u00ednculos entre las variaciones del ADN y las diferencias de personalidad centr\u00e1ndose en las conocidas como &#8216;las cinco grandes&#8217; categor\u00edas: neuroticismo, extraversi\u00f3n, amabilidad, apertura a la experiencia y responsabilidad.<\/p>\n\n\n\n<p>La extraversi\u00f3n incluye rasgos como la sociabilidad, la asertividad y el nivel de energ\u00eda; la amabilidad se vincula con la compasi\u00f3n, el respeto y la confianza; la conciencia con la&nbsp;organizaci\u00f3n, la productividad y la responsabilidad.<\/p>\n\n\n\n<p>El neuroticismo incluye rasgos como la ansiedad, la depresi\u00f3n y la volatilidad, y, por \u00faltimo, la apertura a la experiencia tiene que ver con la imaginaci\u00f3n, la curiosidad y la sensibilidad est\u00e9tica.<\/p><div class=\"notic-content-middle\" id=\"notic-1510744101\"><div class=\"notic-adlabel\">Advertisements<\/div><a data-no-instant=\"1\" href=\"https:\/\/www.asegurate-bien.com\/\" rel=\"noopener\" class=\"a2t-link\" target=\"_blank\" aria-label=\"Acodese-Adaptaciones-Noticel-728&#215;90\"><img loading=\"lazy\" decoding=\"async\" src=\"https:\/\/cdn.noticel.com\/2026\/07\/30095222\/Acodese-Adaptaciones-Noticel-728x90-1.jpg\" alt=\"\"  srcset=\"https:\/\/cdn.noticel.com\/2026\/07\/30095222\/Acodese-Adaptaciones-Noticel-728x90-1.jpg 728w, https:\/\/cdn.noticel.com\/2026\/07\/30095222\/Acodese-Adaptaciones-Noticel-728x90-1-300x37.jpg 300w, https:\/\/cdn.noticel.com\/2026\/07\/30095222\/Acodese-Adaptaciones-Noticel-728x90-1-18x2.jpg 18w\" sizes=\"(max-width: 728px) 100vw, 728px\" width=\"728\" height=\"90\"   \/><\/a><\/div>\n\n\n\n<p>El estudio es un metaan\u00e1lis de los resultados de estudios de asociaci\u00f3n del genoma completo (GWAS) de 46 cohortes de todo el mundo, que abarcan hasta 1.1 millones de participantes, dependiendo del rasgo estudiado.<\/p>\n\n\n\n<p>El equipo identific\u00f3 1,260 variantes gen\u00e9ticas asociadas a esos cinco grandes rasgos, de las cuales 824 que no se hab\u00edan relacionado anteriormente con la personalidad.<\/p>\n\n\n\n<p>Las muestras de ADN se relacionaron con las diferencias en los rasgos de personalidad de las personas y, mediante m\u00e9todos que comparaban a familiares entre s\u00ed, se confirm\u00f3 que esos v\u00ednculos gen\u00e9ticos no eran resultado de una educaci\u00f3n compartida.<\/p>\n\n\n\n<p>Las mismas variantes relacionadas con la extroversi\u00f3n en un adulto joven de los Pa\u00edses Bajos tambi\u00e9n la predec\u00edan en un jubilado de Estados Unidos.<\/p>\n\n\n\n<p>Las variantes relacionadas con la conciencia se asociaron a un mayor nivel de actividad durante el d\u00eda y las que ten\u00edan que ver con la apertura a la experiencia y la extraversi\u00f3n se relacionaron con una mayor tendencia a ser noct\u00e1mbulo.<\/p>\n\n\n\n<p>A pesar de estas asociaciones gen\u00e9ticas, descubrieron que el entorno sigue desempe\u00f1ando un papel fundamental a la hora de crear la personalidad y los resultados apuntan, seg\u00fan el equipo, a una relaci\u00f3n interconectada entre ambos factores.<\/p>\n\n\n\n<p>As\u00ed, las variantes vinculadas con la apertura a la experiencia predec\u00edan que una persona se mudar\u00eda a barrios m\u00e1s cosmopolitas y, a su vez, vivir en esos lugares puede reforzar y moldear a\u00fan m\u00e1s ese mismo rasgo.<\/p>\n\n\n\n<p>La personalidad parece ser \u00abrelevante pr\u00e1cticamente en cualquier \u00e1mbito\u00bb, as\u00ed las variantes asociadas al neuroticismo predicen una mayor estancia hospitalaria, \u00ablo cual es relevante para los m\u00e9dicos y los investigadores en el \u00e1mbito de la salud\u00bb, destac\u00f3 Schwaba.<\/p>\n\n\n\n<p>El equipo resalt\u00f3 adem\u00e1s la gran relevancia que tiene la gen\u00e9tica de la personalidad sobre otros aspectos de la experiencia humana. Las variantes gen\u00e9ticas que predicen la personalidad tambi\u00e9n predicen, en parte, la salud mental y f\u00edsica, la longevidad, la educaci\u00f3n, las trayectorias o los resultados profesionales.<\/p>","protected":false},"excerpt":{"rendered":"<p>Redacci\u00f3n Ciencia (EFE).- La gen\u00e9tica y el entorno est\u00e1n interrelacionados a la hora de moldear la personalidad, cuyos rasgos est\u00e1n asociados con numerosas variantes gen\u00e9ticas de las que ahora se han identificado m\u00e1s de 1,200 relacionadas con cinco grandes formas de ser de una persona. La gen\u00e9tica de la personalidad es m\u00e1s relevante para la [&hellip;]<\/p>","protected":false},"author":102,"featured_media":1022637,"comment_status":"open","ping_status":"open","sticky":false,"template":"","format":"standard","meta":{"_acf_changed":false,"_monsterinsights_skip_tracking":false,"ep_exclude_from_search":false,"footnotes":""},"categories":[80,3],"tags":[292,6975],"class_list":["post-1022636","post","type-post","status-publish","format-standard","has-post-thumbnail","hentry","category-ciencia","category-noticias","tag-ciencia","tag-genetica"],"acf":[],"aioseo_notices":[],"_links":{"self":[{"href":"https:\/\/noticel.com\/en\/wp-json\/wp\/v2\/posts\/1022636","targetHints":{"allow":["GET"]}}],"collection":[{"href":"https:\/\/noticel.com\/en\/wp-json\/wp\/v2\/posts"}],"about":[{"href":"https:\/\/noticel.com\/en\/wp-json\/wp\/v2\/types\/post"}],"author":[{"embeddable":true,"href":"https:\/\/noticel.com\/en\/wp-json\/wp\/v2\/users\/102"}],"replies":[{"embeddable":true,"href":"https:\/\/noticel.com\/en\/wp-json\/wp\/v2\/comments?post=1022636"}],"version-history":[{"count":2,"href":"https:\/\/noticel.com\/en\/wp-json\/wp\/v2\/posts\/1022636\/revisions"}],"predecessor-version":[{"id":1022758,"href":"https:\/\/noticel.com\/en\/wp-json\/wp\/v2\/posts\/1022636\/revisions\/1022758"}],"wp:featuredmedia":[{"embeddable":true,"href":"https:\/\/noticel.com\/en\/wp-json\/wp\/v2\/media\/1022637"}],"wp:attachment":[{"href":"https:\/\/noticel.com\/en\/wp-json\/wp\/v2\/media?parent=1022636"}],"wp:term":[{"taxonomy":"category","embeddable":true,"href":"https:\/\/noticel.com\/en\/wp-json\/wp\/v2\/categories?post=1022636"},{"taxonomy":"post_tag","embeddable":true,"href":"https:\/\/noticel.com\/en\/wp-json\/wp\/v2\/tags?post=1022636"}],"curies":[{"name":"wp","href":"https:\/\/api.w.org\/{rel}","templated":true}]}}