{"id":1022629,"date":"2026-09-04T13:14:20","date_gmt":"2026-09-04T17:14:20","guid":{"rendered":""},"modified":"2026-09-04T13:22:36","modified_gmt":"2026-09-04T17:22:36","slug":"diez-universitarios-boricuas-viajan-a-doha-para-participar-en-el-mundial-de-la-fisu","status":"publish","type":"post","link":"https:\/\/noticel.com\/en\/deportes\/20260904\/diez-universitarios-boricuas-viajan-a-doha-para-participar-en-el-mundial-de-la-fisu\/","title":{"rendered":"Diez universitarios boricuas viajan a Doha para participar en el Mundial de la FISU"},"content":{"rendered":"<p>Sus uniformes llevan las diez letras que la mayor\u00eda de los estudiantes-atletas quiere representar: Puerto Rico. Son muchos los caminos que se pueden tomar para representar a tu pa\u00eds; el de diez levantadores de pesas ha sido el Campeonato Mundial Universitario de la Federaci\u00f3n Internacional de Deporte Universitario (FISU) de halterofilia en Doha, Catar. Ya van en camino a competir del 8 al 12 de septiembre,&nbsp;&nbsp;en un evento que marcar\u00e1 sus vidas.&nbsp;<\/p>\n\n\n\n<p>La delegaci\u00f3n combina representantes de la Universidad Ana G. M\u00e9ndez (UAGM) y la Universidad de Puerto Rico en R\u00edo Piedras (UPR R\u00edo Piedras): Mileysa LeBron (49 kilos), Lisandra Arroyo (53 kilos), Carlyanis Santiago (57 kilos), Abraham D\u00edaz (110 kilos) de la UAGM y dirigidos por Luis Lamenza; Gabriela De Le\u00f3n (69 kilos), Yopatrick Peguero (69 kilos), M\u00f3nica Sotogras (77 kilos),\u00a0\u00a0Yadier Torres (65 kilos), \u00c1ngel Fraticelli (85 kilos), Jes\u00fas Morales (110 kilos) con su entrenador Rub\u00e9n Olmedo de la UPR R\u00edo Piedras.\u00a0\u00a0<\/p>\n\n\n\n<p>\u201cLa preparaci\u00f3n ha sido bien fuerte. Por mi parte, en la UPR de R\u00edo Piedras, mis estudiantes tuvieron doble sesi\u00f3n en verano, ya que en agosto iniciamos las clases donde su tiempo de estudio es bien importante\u201d, explic\u00f3 Olmedo, coach de la UPR R\u00edo Piedras.<\/p>\n\n\n\n<p>Seg\u00fan el entrenador de la UAGM, Lamenza, se les instruy\u00f3 a los estudiantes-atletas, a trav\u00e9s de una charla con la doctora y nutricionista Carmen Nevarez, del Centro de Salud y Medicina Deportiva del Albergue Ol\u00edmpico, a tener una buena planificaci\u00f3n alimentaria en precompetencia, durante la competencia y en la recuperaci\u00f3n luego de la competencia.\u00a0<\/p>\n\n\n\n<p>Los entrenadores adelantaron que la delegaci\u00f3n llegar\u00e1 a Doha&nbsp;antes que la mayor\u00eda de los pa\u00edses participantes, con el fin de facilitar el proceso de aclimataci\u00f3n al&nbsp;&nbsp;<em>jet lag<\/em>, producto de un viaje que incluye un vuelo de tres horas a Miami seguido de un tramo de 14 horas a Catar.&nbsp;<\/p>\n\n\n\n<p>Seg\u00fan Olmedo, la iniciativa de competir en el campeonato mundial nace del deseo de los entrenadores y exmedallistas internacionales de presentarles un escenario de alto nivel a los estudiantes-atletas universitarios. Para ello tuvieron que trabajar en equipo a diferencia de lo que se hace para la competencia de la LAI, que este a\u00f1o dar\u00e1 comienzo el 30 de noviembre.\u00a0<\/p>\n\n\n\n<p>\u201cHa sido muy f\u00e1cil trabajar con Lamenza, ya que nosotros nos conocemos desde la Selecci\u00f3n Nacional. Son muchos a\u00f1os de amistad. A nivel de entrenadores, la ri\u00f1a es distinta porque si vemos la LAI, la ri\u00f1a m\u00e1s grande entre todas las universidades es la de la UAGM y la UPR de R\u00edo Piedras. Somos dos universidades que dominamos el deporte\u201d, describi\u00f3 Olmedo su relaci\u00f3n con Lamenza.&nbsp;<\/p><div class=\"notic-content-middle\" id=\"notic-600262993\"><div class=\"notic-adlabel\">Advertisements<\/div><a data-no-instant=\"1\" href=\"https:\/\/qrco.de\/bgxd5v\" rel=\"noopener\" class=\"a2t-link\" target=\"_blank\" aria-label=\"DisplayAds-970&#215;250\"><img loading=\"lazy\" decoding=\"async\" src=\"https:\/\/cdn.noticel.com\/2026\/09\/02200716\/DisplayAds-970x250-1.jpg\" alt=\"\"  srcset=\"https:\/\/cdn.noticel.com\/2026\/09\/02200716\/DisplayAds-970x250-1.jpg 970w, https:\/\/cdn.noticel.com\/2026\/09\/02200716\/DisplayAds-970x250-1-300x77.jpg 300w, https:\/\/cdn.noticel.com\/2026\/09\/02200716\/DisplayAds-970x250-1-768x198.jpg 768w, https:\/\/cdn.noticel.com\/2026\/09\/02200716\/DisplayAds-970x250-1-18x5.jpg 18w\" sizes=\"(max-width: 970px) 100vw, 970px\" width=\"970\" height=\"250\"   \/><\/a><\/div>\n\n\n\n<p>El&nbsp;s\u00e1bado&nbsp;5 y el domingo 6 de septiembre llegar\u00e1n las delegaciones para hacer sus entrenamientos. El lunes 7 de septiembre ser\u00e1 la reuni\u00f3n t\u00e9cnica. Del martes 8 al s\u00e1bado 12 de septiembre ser\u00e1 la competencia.&nbsp;El calendario de competencia publicado por la FISU y donde competir\u00e1n los puertorrique\u00f1os es:<\/p>\n\n\n\n<p>Martes 8: Mileysa Lebr\u00f3n (49 kilos) y Lisandra Arroyo (53 kilos)<\/p>\n\n\n\n<p>Mi\u00e9rcoles 9:&nbsp;&nbsp;Carlyanis Santiago (57 kilos) y Yadier Torres (65 kilos)<\/p>\n\n\n\n<p>Jueves 10: Gabriela de Le\u00f3n (69 kilos) y&nbsp;&nbsp;Yopatrick Peguero (69 kilos)&nbsp;<\/p>\n\n\n\n<p>Viernes 11:&nbsp;&nbsp;M\u00f3nica Sotogras (77 kilos) y \u00c1ngel Fraticelli (85 kilos)&nbsp;<\/p>\n\n\n\n<p>S\u00e1bado 12: Jes\u00fas Morales (110 kilos) y Abraham D\u00edaz (110 kilos)&nbsp;<\/p>","protected":false},"excerpt":{"rendered":"<p>Sus uniformes llevan las diez letras que la mayor\u00eda de los estudiantes-atletas quiere representar: Puerto Rico. Son muchos los caminos que se pueden tomar para representar a tu pa\u00eds; el de diez levantadores de pesas ha sido el Campeonato Mundial Universitario de la Federaci\u00f3n Internacional de Deporte Universitario (FISU) de halterofilia en Doha, Catar. Ya [&hellip;]<\/p>","protected":false},"author":100,"featured_media":1022630,"comment_status":"open","ping_status":"open","sticky":false,"template":"","format":"standard","meta":{"_acf_changed":false,"_monsterinsights_skip_tracking":false,"ep_exclude_from_search":false,"footnotes":""},"categories":[31],"tags":[531,760],"class_list":["post-1022629","post","type-post","status-publish","format-standard","has-post-thumbnail","hentry","category-deportes","tag-campeonato-mundial","tag-halterofilia"],"acf":[],"aioseo_notices":[],"_links":{"self":[{"href":"https:\/\/noticel.com\/en\/wp-json\/wp\/v2\/posts\/1022629","targetHints":{"allow":["GET"]}}],"collection":[{"href":"https:\/\/noticel.com\/en\/wp-json\/wp\/v2\/posts"}],"about":[{"href":"https:\/\/noticel.com\/en\/wp-json\/wp\/v2\/types\/post"}],"author":[{"embeddable":true,"href":"https:\/\/noticel.com\/en\/wp-json\/wp\/v2\/users\/100"}],"replies":[{"embeddable":true,"href":"https:\/\/noticel.com\/en\/wp-json\/wp\/v2\/comments?post=1022629"}],"version-history":[{"count":1,"href":"https:\/\/noticel.com\/en\/wp-json\/wp\/v2\/posts\/1022629\/revisions"}],"predecessor-version":[{"id":1022631,"href":"https:\/\/noticel.com\/en\/wp-json\/wp\/v2\/posts\/1022629\/revisions\/1022631"}],"wp:featuredmedia":[{"embeddable":true,"href":"https:\/\/noticel.com\/en\/wp-json\/wp\/v2\/media\/1022630"}],"wp:attachment":[{"href":"https:\/\/noticel.com\/en\/wp-json\/wp\/v2\/media?parent=1022629"}],"wp:term":[{"taxonomy":"category","embeddable":true,"href":"https:\/\/noticel.com\/en\/wp-json\/wp\/v2\/categories?post=1022629"},{"taxonomy":"post_tag","embeddable":true,"href":"https:\/\/noticel.com\/en\/wp-json\/wp\/v2\/tags?post=1022629"}],"curies":[{"name":"wp","href":"https:\/\/api.w.org\/{rel}","templated":true}]}}