{"id":1022618,"date":"2026-09-04T12:33:02","date_gmt":"2026-09-04T16:33:02","guid":{"rendered":""},"modified":"2026-09-04T12:44:02","modified_gmt":"2026-09-04T16:44:02","slug":"seis-personas-presentan-sus-candidaturas-para-ser-el-nuevo-alcalde-o-alcaldesa-de-catano","status":"publish","type":"post","link":"https:\/\/noticel.com\/en\/ultima-hora\/20260904\/seis-personas-presentan-sus-candidaturas-para-ser-el-nuevo-alcalde-o-alcaldesa-de-catano\/","title":{"rendered":"Seis personas presentan sus candidaturas para ser el nuevo alcalde o alcaldesa de Cata\u00f1o"},"content":{"rendered":"<p>El comisionado electoral del Partido Nuevo Progresista (PNP), licenciado An\u00edbal Vega Borges, inform\u00f3 que, al mediod\u00eda de hoy, los seis candidatos que hab\u00edan manifestado su intenci\u00f3n de aspirar a la alcald\u00eda de Cata\u00f1o, en elecci\u00f3n especial, entregaron los documentos requeridos en ley, tal y como se estipul\u00f3 para estos efectos, en el reglamento ratificado por el directorio de la colectividad.<\/p>\n\n\n\n<p>Rafael Canino Torres, F\u00e9lix Mat\u00edas Rodr\u00edguez, Hiram Torres Montalvo, Bethzaida Rodr\u00edguez Torres, Jos\u00e9 Rodr\u00edguez Oca\u00f1a y Fernando Cintr\u00f3n Mercado son oficialmente los aspirantes a la poltrona municipal de Cata\u00f1o. No obstante, los documentos de estos seis aspirantes pasar\u00e1n a manos del comit\u00e9 evaluador, el que tendr\u00e1 hasta el 8 de septiembre para indicar cu\u00e1les de ellos cumplieron con los requisitos y se convertir\u00e1n en candidatos oficiales a la poltrona municipal de Cata\u00f1o.<\/p>\n\n\n\n<p>El 9 de septiembre se realizar\u00e1 el sorteo de posiciones en la papeleta; el 18 de septiembre cierra el registro electoral y el 25 de septiembre se recolectar\u00e1 el voto adelantado a los confinados. La elecci\u00f3n del nuevo alcalde de Cata\u00f1o se efectuar\u00e1 el domingo, 27 de septiembre, en horario de 9:00 de la ma\u00f1ana a 3:00 de la tarde.<\/p><div class=\"notic-content-middle\" id=\"notic-4062303142\"><div class=\"notic-adlabel\">Advertisements<\/div><a data-no-instant=\"1\" href=\"https:\/\/qrco.de\/bgxd5v\" rel=\"noopener\" class=\"a2t-link\" target=\"_blank\" aria-label=\"300X600-SEBUSCA3\"><img loading=\"lazy\" decoding=\"async\" src=\"https:\/\/cdn.noticel.com\/2026\/09\/02194515\/300X600-SEBUSCA3.jpg\" alt=\"\"  srcset=\"https:\/\/cdn.noticel.com\/2026\/09\/02194515\/300X600-SEBUSCA3.jpg 300w, https:\/\/cdn.noticel.com\/2026\/09\/02194515\/300X600-SEBUSCA3-150x300.jpg 150w, https:\/\/cdn.noticel.com\/2026\/09\/02194515\/300X600-SEBUSCA3-6x12.jpg 6w\" sizes=\"(max-width: 300px) 100vw, 300px\" width=\"300\" height=\"600\"   \/><\/a><\/div>\n\n\n\n<p>Esta elecci\u00f3n especial se realiza tras el fallecimiento de quien fuera el alcalde de Cata\u00f1o, Julio Alicea Vasallo. <\/p>\n\n\n\n<p>\u201cLuego de esta sentida p\u00e9rdida, el c\u00f3digo electoral nos impone la responsabilidad de realizar un proceso, el que hemos estado llevando a cabo, seg\u00fan el reglamento aprobado por el directorio del PNP. Los eventos se han estado ejecutando, como de costumbre, con la rigurosidad que corresponde y as\u00ed continuar\u00e1n hasta el d\u00eda de la elecci\u00f3n especial en Cata\u00f1o\u201d, expres\u00f3 el comisionado electoral de la Palma.<\/p>","protected":false},"excerpt":{"rendered":"<p>El comisionado electoral del Partido Nuevo Progresista (PNP), licenciado An\u00edbal Vega Borges, inform\u00f3 que, al mediod\u00eda de hoy, los seis candidatos que hab\u00edan manifestado su intenci\u00f3n de aspirar a la alcald\u00eda de Cata\u00f1o, en elecci\u00f3n especial, entregaron los documentos requeridos en ley, tal y como se estipul\u00f3 para estos efectos, en el reglamento ratificado por [&hellip;]<\/p>","protected":false},"author":100,"featured_media":1022619,"comment_status":"open","ping_status":"open","sticky":false,"template":"","format":"standard","meta":{"_acf_changed":false,"_monsterinsights_skip_tracking":false,"ep_exclude_from_search":false,"footnotes":""},"categories":[3,7,2],"tags":[555,260],"class_list":["post-1022618","post","type-post","status-publish","format-standard","has-post-thumbnail","hentry","category-noticias","category-politica","category-ultima-hora","tag-alcalde","tag-catano"],"acf":[],"aioseo_notices":[],"_links":{"self":[{"href":"https:\/\/noticel.com\/en\/wp-json\/wp\/v2\/posts\/1022618","targetHints":{"allow":["GET"]}}],"collection":[{"href":"https:\/\/noticel.com\/en\/wp-json\/wp\/v2\/posts"}],"about":[{"href":"https:\/\/noticel.com\/en\/wp-json\/wp\/v2\/types\/post"}],"author":[{"embeddable":true,"href":"https:\/\/noticel.com\/en\/wp-json\/wp\/v2\/users\/100"}],"replies":[{"embeddable":true,"href":"https:\/\/noticel.com\/en\/wp-json\/wp\/v2\/comments?post=1022618"}],"version-history":[{"count":2,"href":"https:\/\/noticel.com\/en\/wp-json\/wp\/v2\/posts\/1022618\/revisions"}],"predecessor-version":[{"id":1022624,"href":"https:\/\/noticel.com\/en\/wp-json\/wp\/v2\/posts\/1022618\/revisions\/1022624"}],"wp:featuredmedia":[{"embeddable":true,"href":"https:\/\/noticel.com\/en\/wp-json\/wp\/v2\/media\/1022619"}],"wp:attachment":[{"href":"https:\/\/noticel.com\/en\/wp-json\/wp\/v2\/media?parent=1022618"}],"wp:term":[{"taxonomy":"category","embeddable":true,"href":"https:\/\/noticel.com\/en\/wp-json\/wp\/v2\/categories?post=1022618"},{"taxonomy":"post_tag","embeddable":true,"href":"https:\/\/noticel.com\/en\/wp-json\/wp\/v2\/tags?post=1022618"}],"curies":[{"name":"wp","href":"https:\/\/api.w.org\/{rel}","templated":true}]}}