{"id":1022593,"date":"2026-09-04T11:10:11","date_gmt":"2026-09-04T15:10:11","guid":{"rendered":""},"modified":"2026-09-04T11:16:06","modified_gmt":"2026-09-04T15:16:06","slug":"a-vista-inicial-en-el-tribunal-federal-sospechoso-de-asesinato-en-medio-de-carjacking","status":"publish","type":"post","link":"https:\/\/noticel.com\/en\/ultima-hora\/20260904\/a-vista-inicial-en-el-tribunal-federal-sospechoso-de-asesinato-en-medio-de-carjacking\/","title":{"rendered":"A vista inicial en el tribunal federal sospechoso de asesinato en medio de carjacking"},"content":{"rendered":"<p>Jorge Castro Ramos, identificado por la Polic\u00eda como sospechoso del asesinato el maestro Sebasti\u00e1n Luicarl Martell Torres en medio de un intento de carjacking el s\u00e1bado fue movido al Tribunal Federal para su vista inicial.<\/p>\n\n\n\n<p>Castro Ramos fue arrestado anoche en Gurabo por agentes adscritos a la Divisi\u00f3n de Homicidios del Cuerpo de Investigaciones Criminales (CIC) de Carolina. La detenci\u00f3n ocurri\u00f3 en la urbanizaci\u00f3n El Vivero, en Gurabo<\/p>\n\n\n\n<p>El detenido tiene 55 a\u00f1os. El crimen de Martell Torres, de 26 a\u00f1os, residente en Carolina, ocurri\u00f3  frente a Building LLC. en Carolina, mientras manejaba un veh\u00edculo Kia Rio, azul, por la carretera PR-860. En el incidente result\u00f3 herido de bala su hermano Zacaris Martell, quien viajaba como pasajero.<\/p>\n\n\n\n<p>Como parte de la investigaci\u00f3n, agentes de la Divisi\u00f3n de Homicidios iniciaron la b\u00fasqueda del veh\u00edculo Toyota Corolla, en el que presuntamente viajaba\u00a0Castro Ramos,\u00a0sospechoso del caso. El hombre posteriormente fue localizado por la Polic\u00eda y puesto bajo arresto.<\/p><div class=\"notic-content-middle\" id=\"notic-1326760329\"><div class=\"notic-adlabel\">Advertisements<\/div><a data-no-instant=\"1\" href=\"https:\/\/www.cst.pr.gov\/\" rel=\"noopener\" class=\"a2t-link\" target=\"_blank\" aria-label=\"970&#215;90\"><img loading=\"lazy\" decoding=\"async\" src=\"https:\/\/cdn.noticel.com\/2026\/09\/02204026\/970x90-1.jpg\" alt=\"\"  srcset=\"https:\/\/cdn.noticel.com\/2026\/09\/02204026\/970x90-1.jpg 970w, https:\/\/cdn.noticel.com\/2026\/09\/02204026\/970x90-1-300x28.jpg 300w, https:\/\/cdn.noticel.com\/2026\/09\/02204026\/970x90-1-768x71.jpg 768w, https:\/\/cdn.noticel.com\/2026\/09\/02204026\/970x90-1-18x2.jpg 18w\" sizes=\"(max-width: 970px) 100vw, 970px\" width=\"970\" height=\"90\"   \/><\/a><\/div>\n\n\n\n<p>La investigaci\u00f3n estuvo a cargo del agente Karl McDaniel S\u00e1nchez, bajo la supervisi\u00f3n del sargento Robert Dulbrey, ambos adscritos a la Divisi\u00f3n de Homicidios del CIC de Carolina.<\/p>\n\n\n\n<p>Relacionado con estos hechos, personal del Negociado Federal de Investigaciones (FBI), incluyendo al agente Shaun Borland, asumir\u00e1 la jurisdicci\u00f3n del caso.<\/p>\n\n\n\n<p>Castro Ramos\u00a0posee expediente criminal por apropiaci\u00f3n ilegal del a\u00f1o 2011.<\/p>","protected":false},"excerpt":{"rendered":"<p>Jorge Castro Ramos, identificado por la Polic\u00eda como sospechoso del asesinato el maestro Sebasti\u00e1n Luicarl Martell Torres en medio de un intento de carjacking el s\u00e1bado fue movido al Tribunal Federal para su vista inicial. Castro Ramos fue arrestado anoche en Gurabo por agentes adscritos a la Divisi\u00f3n de Homicidios del Cuerpo de Investigaciones Criminales [&hellip;]<\/p>","protected":false},"author":100,"featured_media":1022596,"comment_status":"open","ping_status":"open","sticky":false,"template":"","format":"standard","meta":{"_acf_changed":false,"_monsterinsights_skip_tracking":false,"ep_exclude_from_search":false,"footnotes":""},"categories":[3,15,2],"tags":[339,729,861],"class_list":["post-1022593","post","type-post","status-publish","format-standard","has-post-thumbnail","hentry","category-noticias","category-policiacas","category-ultima-hora","tag-carjacking","tag-carolina","tag-sospechoso"],"acf":[],"aioseo_notices":[],"_links":{"self":[{"href":"https:\/\/noticel.com\/en\/wp-json\/wp\/v2\/posts\/1022593","targetHints":{"allow":["GET"]}}],"collection":[{"href":"https:\/\/noticel.com\/en\/wp-json\/wp\/v2\/posts"}],"about":[{"href":"https:\/\/noticel.com\/en\/wp-json\/wp\/v2\/types\/post"}],"author":[{"embeddable":true,"href":"https:\/\/noticel.com\/en\/wp-json\/wp\/v2\/users\/100"}],"replies":[{"embeddable":true,"href":"https:\/\/noticel.com\/en\/wp-json\/wp\/v2\/comments?post=1022593"}],"version-history":[{"count":1,"href":"https:\/\/noticel.com\/en\/wp-json\/wp\/v2\/posts\/1022593\/revisions"}],"predecessor-version":[{"id":1022597,"href":"https:\/\/noticel.com\/en\/wp-json\/wp\/v2\/posts\/1022593\/revisions\/1022597"}],"wp:featuredmedia":[{"embeddable":true,"href":"https:\/\/noticel.com\/en\/wp-json\/wp\/v2\/media\/1022596"}],"wp:attachment":[{"href":"https:\/\/noticel.com\/en\/wp-json\/wp\/v2\/media?parent=1022593"}],"wp:term":[{"taxonomy":"category","embeddable":true,"href":"https:\/\/noticel.com\/en\/wp-json\/wp\/v2\/categories?post=1022593"},{"taxonomy":"post_tag","embeddable":true,"href":"https:\/\/noticel.com\/en\/wp-json\/wp\/v2\/tags?post=1022593"}],"curies":[{"name":"wp","href":"https:\/\/api.w.org\/{rel}","templated":true}]}}