{"id":1022590,"date":"2026-09-04T11:07:54","date_gmt":"2026-09-04T15:07:54","guid":{"rendered":""},"modified":"2026-09-04T11:13:53","modified_gmt":"2026-09-04T15:13:53","slug":"con-dos-marcas-nacionales-arranca-la-temporada-de-piscina-corta","status":"publish","type":"post","link":"https:\/\/noticel.com\/en\/deportes\/20260904\/con-dos-marcas-nacionales-arranca-la-temporada-de-piscina-corta\/","title":{"rendered":"Con dos marcas nacionales arranca la temporada de piscina corta"},"content":{"rendered":"<p>Con dos nuevas marcas nacionales comenz\u00f3 la temporada 2026 de piscina corta de la Federaci\u00f3n Puertorrique\u00f1a de Nataci\u00f3n.<\/p>\n\n\n\n<p>El evento se celebr\u00f3 en la piscina de Vega Baja con una participaci\u00f3n de 596 nadadores en la jornada del s\u00e1bado y 611 el domingo.<\/p>\n\n\n\n<p>Andr\u00e9s Sierra, participando en 100 metros pecho 9-10 a\u00f1os, del equipo Loyola Athletic Club, registr\u00f3 tiempo de&nbsp;1:22.66, mientras, Zaymihaly Zalduondo en 200m pecho categor\u00eda 11-12, del club Encantada, detuvo el cron\u00f3metro en 2:44.74.<\/p><div class=\"notic-content-middle\" id=\"notic-2817898991\"><div class=\"notic-adlabel\">Advertisements<\/div><a data-no-instant=\"1\" href=\"https:\/\/www.asegurate-bien.com\/\" rel=\"noopener\" class=\"a2t-link\" target=\"_blank\" aria-label=\"Acodese-Adaptaciones-Noticel-300&#215;250\"><img loading=\"lazy\" decoding=\"async\" src=\"https:\/\/cdn.noticel.com\/2026\/05\/30094423\/Acodese-Adaptaciones-Noticel-300x250-1.jpg\" alt=\"\"  srcset=\"https:\/\/cdn.noticel.com\/2026\/05\/30094423\/Acodese-Adaptaciones-Noticel-300x250-1.jpg 300w, https:\/\/cdn.noticel.com\/2026\/05\/30094423\/Acodese-Adaptaciones-Noticel-300x250-1-14x12.jpg 14w\" sizes=\"(max-width: 300px) 100vw, 300px\" width=\"300\" height=\"250\"   \/><\/a><\/div>\n\n\n\n<p>\u201cFue un excelente comienzo, adem\u00e1s de las dos marcas nacionales hubo una excelente participaci\u00f3n. Esperamos que el entusiasmo contin\u00fae en los pr\u00f3ximos eventos\u201d, se\u00f1al\u00f3 Yelitza Torres, de la Comisi\u00f3n de Nataci\u00f3n de Piscina de la Federaci\u00f3n.<\/p>\n\n\n\n<p>El club Loyola de R\u00edo Piedras domin\u00f3 la tabla global por equipos al acumular 1,509 puntos; le sigui\u00f3 Caparra con 1,449 y Streamline Swim Academy con 998.<\/p>\n\n\n\n<p>El pr\u00f3ximo evento de piscina corta ser\u00e1 el 19 y 20 de septiembre.<\/p>\n\n\n\n<figure class=\"wp-block-image size-large\"><img loading=\"lazy\" decoding=\"async\" width=\"819\" height=\"1024\" src=\"https:\/\/cdn.noticel.com\/2026\/09\/04111003\/1000109100-819x1024.jpg\" alt=\"\" class=\"wp-image-1022592\" srcset=\"https:\/\/cdn.noticel.com\/2026\/09\/04111003\/1000109100-819x1024.jpg 819w, https:\/\/cdn.noticel.com\/2026\/09\/04111003\/1000109100-240x300.jpg 240w, https:\/\/cdn.noticel.com\/2026\/09\/04111003\/1000109100-768x960.jpg 768w, https:\/\/cdn.noticel.com\/2026\/09\/04111003\/1000109100-10x12.jpg 10w, https:\/\/cdn.noticel.com\/2026\/09\/04111003\/1000109100.jpg 1080w\" sizes=\"auto, (max-width: 819px) 100vw, 819px\" \/><\/figure>\n\n\n\n<figure class=\"wp-block-image size-large\"><img loading=\"lazy\" decoding=\"async\" width=\"819\" height=\"1024\" src=\"https:\/\/cdn.noticel.com\/2026\/09\/04111016\/1000109099-819x1024.jpg\" alt=\"\" class=\"wp-image-1022594\" srcset=\"https:\/\/cdn.noticel.com\/2026\/09\/04111016\/1000109099-819x1024.jpg 819w, https:\/\/cdn.noticel.com\/2026\/09\/04111016\/1000109099-240x300.jpg 240w, https:\/\/cdn.noticel.com\/2026\/09\/04111016\/1000109099-768x960.jpg 768w, https:\/\/cdn.noticel.com\/2026\/09\/04111016\/1000109099-10x12.jpg 10w, https:\/\/cdn.noticel.com\/2026\/09\/04111016\/1000109099.jpg 1080w\" sizes=\"auto, (max-width: 819px) 100vw, 819px\" \/><\/figure>\n\n\n\n<p><\/p>","protected":false},"excerpt":{"rendered":"<p>Con dos nuevas marcas nacionales comenz\u00f3 la temporada 2026 de piscina corta de la Federaci\u00f3n Puertorrique\u00f1a de Nataci\u00f3n. El evento se celebr\u00f3 en la piscina de Vega Baja con una participaci\u00f3n de 596 nadadores en la jornada del s\u00e1bado y 611 el domingo. Andr\u00e9s Sierra, participando en 100 metros pecho 9-10 a\u00f1os, del equipo Loyola [&hellip;]<\/p>","protected":false},"author":100,"featured_media":1022591,"comment_status":"open","ping_status":"open","sticky":false,"template":"","format":"standard","meta":{"_acf_changed":false,"_monsterinsights_skip_tracking":false,"ep_exclude_from_search":false,"footnotes":""},"categories":[31],"tags":[1958,1086,1087],"class_list":["post-1022590","post","type-post","status-publish","format-standard","has-post-thumbnail","hentry","category-deportes","tag-marca-nacional","tag-natacion","tag-piscina-corta"],"acf":[],"aioseo_notices":[],"_links":{"self":[{"href":"https:\/\/noticel.com\/en\/wp-json\/wp\/v2\/posts\/1022590","targetHints":{"allow":["GET"]}}],"collection":[{"href":"https:\/\/noticel.com\/en\/wp-json\/wp\/v2\/posts"}],"about":[{"href":"https:\/\/noticel.com\/en\/wp-json\/wp\/v2\/types\/post"}],"author":[{"embeddable":true,"href":"https:\/\/noticel.com\/en\/wp-json\/wp\/v2\/users\/100"}],"replies":[{"embeddable":true,"href":"https:\/\/noticel.com\/en\/wp-json\/wp\/v2\/comments?post=1022590"}],"version-history":[{"count":1,"href":"https:\/\/noticel.com\/en\/wp-json\/wp\/v2\/posts\/1022590\/revisions"}],"predecessor-version":[{"id":1022595,"href":"https:\/\/noticel.com\/en\/wp-json\/wp\/v2\/posts\/1022590\/revisions\/1022595"}],"wp:featuredmedia":[{"embeddable":true,"href":"https:\/\/noticel.com\/en\/wp-json\/wp\/v2\/media\/1022591"}],"wp:attachment":[{"href":"https:\/\/noticel.com\/en\/wp-json\/wp\/v2\/media?parent=1022590"}],"wp:term":[{"taxonomy":"category","embeddable":true,"href":"https:\/\/noticel.com\/en\/wp-json\/wp\/v2\/categories?post=1022590"},{"taxonomy":"post_tag","embeddable":true,"href":"https:\/\/noticel.com\/en\/wp-json\/wp\/v2\/tags?post=1022590"}],"curies":[{"name":"wp","href":"https:\/\/api.w.org\/{rel}","templated":true}]}}