{"id":1022586,"date":"2026-09-04T10:48:03","date_gmt":"2026-09-04T14:48:03","guid":{"rendered":""},"modified":"2026-09-04T10:57:44","modified_gmt":"2026-09-04T14:57:44","slug":"envian-a-prision-a-hombre-por-hurto-de-espejo-retrovisor-en-plaza-del-sol","status":"publish","type":"post","link":"https:\/\/noticel.com\/en\/ultima-hora\/20260904\/envian-a-prision-a-hombre-por-hurto-de-espejo-retrovisor-en-plaza-del-sol\/","title":{"rendered":"Env\u00edan a prisi\u00f3n a hombre por hurto de espejo retrovisor en Plaza del Sol"},"content":{"rendered":"<p>La Fiscal\u00eda radic\u00f3 cargos contra \u00c1ngel Mel\u00e9ndez Ferrer, de 44 a\u00f1os, por apropiarse de un espejo retrovisor de un veh\u00edculo estacionado en el centro comercial Plaza del Sol, inform\u00f3 el viernes la Polic\u00eda.<\/p>\n\n\n\n<p>Seg\u00fan la Uniformada, los hechos ocurrieron durante la tarde del 2 de septiembre, cuando Mel\u00e9ndez Ferrer sustrajo la pieza de un autom\u00f3vil estacionado en el centro comercial.<\/p>\n\n\n\n<p>El caso fue investigado por la agente Fransheska Negr\u00f3n, adscrita a la Divisi\u00f3n de Veh\u00edculos Hurtados de Bayam\u00f3n, y consultado con el fiscal Gustavo V\u00e9lez, quien instruy\u00f3 la radicaci\u00f3n de cargos por apropiaci\u00f3n ilegal de una pieza de veh\u00edculo de motor y da\u00f1os agravados.<\/p><div class=\"notic-content-middle\" id=\"notic-1523487877\"><div class=\"notic-adlabel\">Advertisements<\/div><a data-no-instant=\"1\" href=\"https:\/\/qrco.de\/bgxd5v\" rel=\"noopener\" class=\"a2t-link\" target=\"_blank\" aria-label=\"DisplayAd-728&#215;90\"><img loading=\"lazy\" decoding=\"async\" src=\"https:\/\/cdn.noticel.com\/2026\/09\/02195051\/DisplayAd-728x90-1.jpg\" alt=\"\"  srcset=\"https:\/\/cdn.noticel.com\/2026\/09\/02195051\/DisplayAd-728x90-1.jpg 728w, https:\/\/cdn.noticel.com\/2026\/09\/02195051\/DisplayAd-728x90-1-300x37.jpg 300w, https:\/\/cdn.noticel.com\/2026\/09\/02195051\/DisplayAd-728x90-1-18x2.jpg 18w\" sizes=\"(max-width: 728px) 100vw, 728px\" width=\"728\" height=\"90\"   \/><\/a><\/div>\n\n\n\n<p>La prueba fue presentada ante el juez Juan Portell, del Tribunal de Bayam\u00f3n, quien determin\u00f3 causa para arresto y fij\u00f3 una fianza global de 15 mil d\u00f3lares.<\/p>\n\n\n\n<p>Mel\u00e9ndez Ferrer no prest\u00f3 la fianza y fue ingresado en la Instituci\u00f3n Penal 705 del Complejo Correccional de Bayam\u00f3n.<\/p>","protected":false},"excerpt":{"rendered":"<p>La Fiscal\u00eda radic\u00f3 cargos contra \u00c1ngel Mel\u00e9ndez Ferrer, de 44 a\u00f1os, por apropiarse de un espejo retrovisor de un veh\u00edculo estacionado en el centro comercial Plaza del Sol, inform\u00f3 el viernes la Polic\u00eda. Seg\u00fan la Uniformada, los hechos ocurrieron durante la tarde del 2 de septiembre, cuando Mel\u00e9ndez Ferrer sustrajo la pieza de un autom\u00f3vil [&hellip;]<\/p>","protected":false},"author":101,"featured_media":1022587,"comment_status":"open","ping_status":"open","sticky":false,"template":"","format":"standard","meta":{"_acf_changed":false,"_monsterinsights_skip_tracking":false,"ep_exclude_from_search":false,"footnotes":""},"categories":[4,3,2],"tags":[6971,6972],"class_list":["post-1022586","post","type-post","status-publish","format-standard","has-post-thumbnail","hentry","category-gobierno","category-noticias","category-ultima-hora","tag-plaza-del-sol","tag-retrovisor"],"acf":[],"aioseo_notices":[],"_links":{"self":[{"href":"https:\/\/noticel.com\/en\/wp-json\/wp\/v2\/posts\/1022586","targetHints":{"allow":["GET"]}}],"collection":[{"href":"https:\/\/noticel.com\/en\/wp-json\/wp\/v2\/posts"}],"about":[{"href":"https:\/\/noticel.com\/en\/wp-json\/wp\/v2\/types\/post"}],"author":[{"embeddable":true,"href":"https:\/\/noticel.com\/en\/wp-json\/wp\/v2\/users\/101"}],"replies":[{"embeddable":true,"href":"https:\/\/noticel.com\/en\/wp-json\/wp\/v2\/comments?post=1022586"}],"version-history":[{"count":1,"href":"https:\/\/noticel.com\/en\/wp-json\/wp\/v2\/posts\/1022586\/revisions"}],"predecessor-version":[{"id":1022588,"href":"https:\/\/noticel.com\/en\/wp-json\/wp\/v2\/posts\/1022586\/revisions\/1022588"}],"wp:featuredmedia":[{"embeddable":true,"href":"https:\/\/noticel.com\/en\/wp-json\/wp\/v2\/media\/1022587"}],"wp:attachment":[{"href":"https:\/\/noticel.com\/en\/wp-json\/wp\/v2\/media?parent=1022586"}],"wp:term":[{"taxonomy":"category","embeddable":true,"href":"https:\/\/noticel.com\/en\/wp-json\/wp\/v2\/categories?post=1022586"},{"taxonomy":"post_tag","embeddable":true,"href":"https:\/\/noticel.com\/en\/wp-json\/wp\/v2\/tags?post=1022586"}],"curies":[{"name":"wp","href":"https:\/\/api.w.org\/{rel}","templated":true}]}}