{"id":1022570,"date":"2026-09-04T09:54:49","date_gmt":"2026-09-04T13:54:49","guid":{"rendered":""},"modified":"2026-09-04T10:13:57","modified_gmt":"2026-09-04T14:13:57","slug":"san-juan-implanta-nuevo-sistema-de-facturacion-de-contratistas-y-suplidores","status":"publish","type":"post","link":"https:\/\/noticel.com\/en\/noticias\/20260904\/san-juan-implanta-nuevo-sistema-de-facturacion-de-contratistas-y-suplidores\/","title":{"rendered":"San Juan implanta nuevo sistema de facturaci\u00f3n de contratistas y suplidores"},"content":{"rendered":"<p>El municipio de San Juan comenz\u00f3 una transformaci\u00f3n de sus procesos administrativos con la implementaci\u00f3n de un sistema que permitir\u00e1 manejar electr\u00f3nicamente el ciclo de facturaci\u00f3n de sus suplidores y contratistas.<\/p>\n\n\n\n<p>La herramienta comenzar\u00e1 a operar oficialmente el 2 de noviembre, luego de un plan piloto iniciado en mayo y de un per\u00edodo de transici\u00f3n que incluye notificaci\u00f3n formal, material educativo y varias semanas de orientaci\u00f3n para facilitar su adopci\u00f3n.<\/p>\n\n\n\n<p>\u201cEn San Juan seguimos apostando a una administraci\u00f3n moderna, \u00e1gil y capaz de utilizar la tecnolog\u00eda para mejorar la manera en que ofrecemos servicios y manejamos nuestros procesos internos. Este es otro paso en esa direcci\u00f3n. Pero tan importante como transformar nuestros sistemas es hacerlo de manera ordenada, dando a nuestros suplidores y contratistas el tiempo, la informaci\u00f3n y el apoyo que necesitan para adaptarse a esta nueva forma de trabajar\u201d, expres\u00f3 el alcalde, Miguel Romero Lugo.<\/p>\n\n\n\n<p>A trav\u00e9s del Portal de Suplidores, los usuarios podr\u00e1n registrar y someter sus facturas asociadas a \u00f3rdenes de compra, consultar su estatus en tiempo real y acceder al historial de facturas y \u00f3rdenes de compra. Esta modalidad permitir\u00e1 centralizar digitalmente gestiones que forman parte del ciclo de facturaci\u00f3n y facilitar el seguimiento de cada tr\u00e1mite.<\/p><div class=\"notic-content-middle\" id=\"notic-300146304\"><div class=\"notic-adlabel\">Advertisements<\/div><a data-no-instant=\"1\" href=\"https:\/\/qrco.de\/bgxd5v\" rel=\"noopener\" class=\"a2t-link\" target=\"_blank\" aria-label=\"DisplayAds-970&#215;250\"><img loading=\"lazy\" decoding=\"async\" src=\"https:\/\/cdn.noticel.com\/2026\/09\/02200716\/DisplayAds-970x250-1.jpg\" alt=\"\"  srcset=\"https:\/\/cdn.noticel.com\/2026\/09\/02200716\/DisplayAds-970x250-1.jpg 970w, https:\/\/cdn.noticel.com\/2026\/09\/02200716\/DisplayAds-970x250-1-300x77.jpg 300w, https:\/\/cdn.noticel.com\/2026\/09\/02200716\/DisplayAds-970x250-1-768x198.jpg 768w, https:\/\/cdn.noticel.com\/2026\/09\/02200716\/DisplayAds-970x250-1-18x5.jpg 18w\" sizes=\"(max-width: 970px) 100vw, 970px\" width=\"970\" height=\"250\"   \/><\/a><\/div>\n\n\n\n<p>Previo a su entrada en vigor, la Oficina de Finanzas Municipales notific\u00f3 formalmente a los suplidores y contratistas sobre el cambio y distribuy\u00f3 material informativo con las instrucciones necesarias para utilizar la plataforma. La gu\u00eda detalla el proceso de registro, acceso al sistema, selecci\u00f3n de \u00f3rdenes de compra, ingreso de la informaci\u00f3n de facturaci\u00f3n, presentaci\u00f3n de los documentos requeridos y consulta posterior del estatus de cada factura.<\/p>\n\n\n\n<p>Como parte de esa preparaci\u00f3n, del 9 de septiembre al 28 de octubre de 2026 se ofrecer\u00e1n sesiones de orientaci\u00f3n todos los mi\u00e9rcoles, de 2:00 p.m. a 4:00 p.m., en el piso 15 de la Torre Municipal. Las sesiones permitir\u00e1n a los participantes aclarar dudas y familiarizarse con el funcionamiento de la plataforma antes de su implementaci\u00f3n oficial.<\/p>\n\n\n\n<p>\u201cQueremos aprovechar la tecnolog\u00eda no solamente para simplificar procesos, sino tambi\u00e9n para ofrecer mayor visibilidad sobre las gestiones que se realizan con el municipio. Un suplidor podr\u00e1 consultar el estatus de su factura y darle seguimiento desde una misma plataforma. Eso representa eficiencia, transparencia y una mejor manera de relacionarnos con quienes hacen negocios con la Ciudad Capital\u201d, a\u00f1adi\u00f3 el alcalde.<\/p>\n\n\n\n<p>Los suplidores que a\u00fan no tengan una cuenta deber\u00e1n registrarse en el Portal de Suplidores. Desde all\u00ed podr\u00e1n acceder al \u00e1rea de facturaci\u00f3n, identificar la orden de compra correspondiente, ingresar los datos requeridos, anejar la documentaci\u00f3n y someter la factura electr\u00f3nicamente. La gu\u00eda distribuida por el municipio recoge cada uno de estos pasos para facilitar el proceso.<\/p>","protected":false},"excerpt":{"rendered":"<p>El municipio de San Juan comenz\u00f3 una transformaci\u00f3n de sus procesos administrativos con la implementaci\u00f3n de un sistema que permitir\u00e1 manejar electr\u00f3nicamente el ciclo de facturaci\u00f3n de sus suplidores y contratistas. La herramienta comenzar\u00e1 a operar oficialmente el 2 de noviembre, luego de un plan piloto iniciado en mayo y de un per\u00edodo de transici\u00f3n [&hellip;]<\/p>","protected":false},"author":100,"featured_media":1022573,"comment_status":"open","ping_status":"open","sticky":false,"template":"","format":"standard","meta":{"_acf_changed":false,"_monsterinsights_skip_tracking":false,"ep_exclude_from_search":false,"footnotes":""},"categories":[4,3],"tags":[3928,5200,135],"class_list":["post-1022570","post","type-post","status-publish","format-standard","has-post-thumbnail","hentry","category-gobierno","category-noticias","tag-contratistas","tag-facturacion","tag-san-juan"],"acf":[],"aioseo_notices":[],"_links":{"self":[{"href":"https:\/\/noticel.com\/en\/wp-json\/wp\/v2\/posts\/1022570","targetHints":{"allow":["GET"]}}],"collection":[{"href":"https:\/\/noticel.com\/en\/wp-json\/wp\/v2\/posts"}],"about":[{"href":"https:\/\/noticel.com\/en\/wp-json\/wp\/v2\/types\/post"}],"author":[{"embeddable":true,"href":"https:\/\/noticel.com\/en\/wp-json\/wp\/v2\/users\/100"}],"replies":[{"embeddable":true,"href":"https:\/\/noticel.com\/en\/wp-json\/wp\/v2\/comments?post=1022570"}],"version-history":[{"count":1,"href":"https:\/\/noticel.com\/en\/wp-json\/wp\/v2\/posts\/1022570\/revisions"}],"predecessor-version":[{"id":1022579,"href":"https:\/\/noticel.com\/en\/wp-json\/wp\/v2\/posts\/1022570\/revisions\/1022579"}],"wp:featuredmedia":[{"embeddable":true,"href":"https:\/\/noticel.com\/en\/wp-json\/wp\/v2\/media\/1022573"}],"wp:attachment":[{"href":"https:\/\/noticel.com\/en\/wp-json\/wp\/v2\/media?parent=1022570"}],"wp:term":[{"taxonomy":"category","embeddable":true,"href":"https:\/\/noticel.com\/en\/wp-json\/wp\/v2\/categories?post=1022570"},{"taxonomy":"post_tag","embeddable":true,"href":"https:\/\/noticel.com\/en\/wp-json\/wp\/v2\/tags?post=1022570"}],"curies":[{"name":"wp","href":"https:\/\/api.w.org\/{rel}","templated":true}]}}