{"id":1022569,"date":"2026-09-04T10:09:50","date_gmt":"2026-09-04T14:09:50","guid":{"rendered":""},"modified":"2026-09-04T10:10:42","modified_gmt":"2026-09-04T14:10:42","slug":"la-plata-no-logra-recuperarse-sigue-bajando-sin-senales-de-mejoria","status":"publish","type":"post","link":"https:\/\/noticel.com\/en\/noticias\/20260904\/la-plata-no-logra-recuperarse-sigue-bajando-sin-senales-de-mejoria\/","title":{"rendered":"La Plata no logra recuperarse: sigue bajando sin se\u00f1ales de mejor\u00eda"},"content":{"rendered":"<p>La mayor\u00eda de los embalses registraron leves descensos en sus niveles de agua hoy, afectando a ocho de los 19 embalses de la Isla, seg\u00fan el monitoreo diario realizado por la Autoridad de Acueductos y Alcantarillados (AAA).<\/p>\n\n\n\n<p>Aunque leve, Carra\u00edzo en Trujillo Alto registr\u00f3 una baja de 0.02 m, coloc\u00e1ndolo en 39.09 metros. El embalse contin\u00faa en alerta de observaci\u00f3n despu\u00e9s de haber recibido aumentos en su nivel durante cuatro d\u00edas.<\/p>\n\n\n\n<p>La Plata no ha logrado recibir ning\u00fan aumento en sus niveles de agua durante los \u00faltimos d\u00edas y hoy descendi\u00f3 0.02 m. El embalse se encuentra en alerta de ajustes con 44.57 metros.<\/p>\n\n\n\n<p>El descenso m\u00e1s notable fue de 0.08 m en Dos Bocas en Arecibo, que se encuentra en alerta de desborde con 89.96 metros de agua.<\/p>\n\n\n\n<p>A los embalses con bajas en sus niveles de agua se a\u00f1aden R\u00edo Blanco en Naguabo (0.02 m), Fajardo (0.03 m), Carite en Guayama (0.01 m), Guayabal en Juana D\u00edaz (0.02 m) y Luchetti en Yauco (0.01 m).<\/p><div class=\"notic-content-middle\" id=\"notic-3029314490\"><div class=\"notic-adlabel\">Advertisements<\/div><a data-no-instant=\"1\" href=\"https:\/\/www.asegurate-bien.com\/\" rel=\"noopener\" class=\"a2t-link\" target=\"_blank\" aria-label=\"Acodese-Adaptaciones-Noticel-728&#215;90\"><img loading=\"lazy\" decoding=\"async\" src=\"https:\/\/cdn.noticel.com\/2026\/07\/30095222\/Acodese-Adaptaciones-Noticel-728x90-1.jpg\" alt=\"\"  srcset=\"https:\/\/cdn.noticel.com\/2026\/07\/30095222\/Acodese-Adaptaciones-Noticel-728x90-1.jpg 728w, https:\/\/cdn.noticel.com\/2026\/07\/30095222\/Acodese-Adaptaciones-Noticel-728x90-1-300x37.jpg 300w, https:\/\/cdn.noticel.com\/2026\/07\/30095222\/Acodese-Adaptaciones-Noticel-728x90-1-18x2.jpg 18w\" sizes=\"(max-width: 728px) 100vw, 728px\" width=\"728\" height=\"90\"   \/><\/a><\/div>\n\n\n\n<p>Entre las mejor\u00edas m\u00e1s notables est\u00e1n las de Guayo en Lares y Caonillas en Utuado, que recibieron, cada uno, 0.14 metros de agua.<\/p>\n\n\n\n<p>Los otros embalses que recibieron mejor\u00edas leves son Matrullas en Orocovis (0.07 m), Garzas en Adjuntas (0.02 m), Loco en Yauco (0.01 m) y Cerrillos en Ponce (0.03 m).<\/p>\n\n\n\n<p>Por otro lado, los cuatro embalses que no recibieron ni perdieron agua fueron Cidra, Patillas, Toa Vaca en Villalba y Guajataca en Quebradillas.<\/p>\n\n\n\n<p>Seg\u00fan la actualizaci\u00f3n del Monitor de Sequ\u00eda del 3 de septiembre, la lluvia de los remanentes de Dolly a principios de esta semana trajo cierto alivio al noreste y sureste de Puerto Rico. Sin embargo, el 41% de la Isla, incluyendo Vieques y Culebra, permanece bajo Sequ\u00eda Extrema. <\/p>\n\n\n\n<figure class=\"wp-block-image size-large\"><img loading=\"lazy\" decoding=\"async\" width=\"1024\" height=\"576\" src=\"https:\/\/cdn.noticel.com\/2026\/09\/04100107\/4-1024x576.png\" alt=\"\" class=\"wp-image-1022576\" srcset=\"https:\/\/cdn.noticel.com\/2026\/09\/04100107\/4-1024x576.png 1024w, https:\/\/cdn.noticel.com\/2026\/09\/04100107\/4-300x169.png 300w, https:\/\/cdn.noticel.com\/2026\/09\/04100107\/4-768x432.png 768w, https:\/\/cdn.noticel.com\/2026\/09\/04100107\/4-1536x864.png 1536w, https:\/\/cdn.noticel.com\/2026\/09\/04100107\/4-18x10.png 18w, https:\/\/cdn.noticel.com\/2026\/09\/04100107\/4.png 1920w\" sizes=\"auto, (max-width: 1024px) 100vw, 1024px\" \/><\/figure>\n\n\n\n<p>Por otro lado, el Servicio Nacional de Meteorolog\u00eda (NWS, por sus siglas en ingl\u00e9s) record\u00f3 que, basado en la climatolog\u00eda, septiembre marca el pico de la temporada de huracanes, y la formaci\u00f3n de ciclones tropicales favorece el Atl\u00e1ntico tropical hacia el oeste a trav\u00e9s del Caribe y el Golfo. <\/p>\n\n\n\n<figure class=\"wp-block-image size-large\"><img loading=\"lazy\" decoding=\"async\" width=\"1024\" height=\"576\" src=\"https:\/\/cdn.noticel.com\/2026\/09\/04100132\/5-1024x576.png\" alt=\"\" class=\"wp-image-1022577\" srcset=\"https:\/\/cdn.noticel.com\/2026\/09\/04100132\/5-1024x576.png 1024w, https:\/\/cdn.noticel.com\/2026\/09\/04100132\/5-300x169.png 300w, https:\/\/cdn.noticel.com\/2026\/09\/04100132\/5-768x432.png 768w, https:\/\/cdn.noticel.com\/2026\/09\/04100132\/5-1536x864.png 1536w, https:\/\/cdn.noticel.com\/2026\/09\/04100132\/5-18x10.png 18w, https:\/\/cdn.noticel.com\/2026\/09\/04100132\/5.png 1920w\" sizes=\"auto, (max-width: 1024px) 100vw, 1024px\" \/><\/figure>","protected":false},"excerpt":{"rendered":"<p>La mayor\u00eda de los embalses registraron leves descensos en sus niveles de agua hoy, afectando a ocho de los 19 embalses de la Isla, seg\u00fan el monitoreo diario realizado por la Autoridad de Acueductos y Alcantarillados (AAA). Aunque leve, Carra\u00edzo en Trujillo Alto registr\u00f3 una baja de 0.02 m, coloc\u00e1ndolo en 39.09 metros. El embalse [&hellip;]<\/p>","protected":false},"author":4077,"featured_media":1022574,"comment_status":"open","ping_status":"open","sticky":false,"template":"","format":"standard","meta":{"_acf_changed":false,"_monsterinsights_skip_tracking":false,"ep_exclude_from_search":false,"footnotes":""},"categories":[18,3],"tags":[6908,4776],"class_list":["post-1022569","post","type-post","status-publish","format-standard","has-post-thumbnail","hentry","category-el-tiempo","category-noticias","tag-embalses","tag-la-plata"],"acf":[],"aioseo_notices":[],"_links":{"self":[{"href":"https:\/\/noticel.com\/en\/wp-json\/wp\/v2\/posts\/1022569","targetHints":{"allow":["GET"]}}],"collection":[{"href":"https:\/\/noticel.com\/en\/wp-json\/wp\/v2\/posts"}],"about":[{"href":"https:\/\/noticel.com\/en\/wp-json\/wp\/v2\/types\/post"}],"author":[{"embeddable":true,"href":"https:\/\/noticel.com\/en\/wp-json\/wp\/v2\/users\/4077"}],"replies":[{"embeddable":true,"href":"https:\/\/noticel.com\/en\/wp-json\/wp\/v2\/comments?post=1022569"}],"version-history":[{"count":2,"href":"https:\/\/noticel.com\/en\/wp-json\/wp\/v2\/posts\/1022569\/revisions"}],"predecessor-version":[{"id":1022581,"href":"https:\/\/noticel.com\/en\/wp-json\/wp\/v2\/posts\/1022569\/revisions\/1022581"}],"wp:featuredmedia":[{"embeddable":true,"href":"https:\/\/noticel.com\/en\/wp-json\/wp\/v2\/media\/1022574"}],"wp:attachment":[{"href":"https:\/\/noticel.com\/en\/wp-json\/wp\/v2\/media?parent=1022569"}],"wp:term":[{"taxonomy":"category","embeddable":true,"href":"https:\/\/noticel.com\/en\/wp-json\/wp\/v2\/categories?post=1022569"},{"taxonomy":"post_tag","embeddable":true,"href":"https:\/\/noticel.com\/en\/wp-json\/wp\/v2\/tags?post=1022569"}],"curies":[{"name":"wp","href":"https:\/\/api.w.org\/{rel}","templated":true}]}}