{"id":1022564,"date":"2026-09-04T09:30:21","date_gmt":"2026-09-04T13:30:21","guid":{"rendered":""},"modified":"2026-09-04T10:06:46","modified_gmt":"2026-09-04T14:06:46","slug":"jefa-de-luma-dice-a-alcaldes-y-legisladores-que-no-hay-dinero-para-reemplazar-luminarias","status":"publish","type":"post","link":"https:\/\/noticel.com\/en\/ultima-hora\/20260904\/jefa-de-luma-dice-a-alcaldes-y-legisladores-que-no-hay-dinero-para-reemplazar-luminarias\/","title":{"rendered":"Jefa de LUMA dice a alcaldes y legisladores que no hay dinero para reemplazar luminarias"},"content":{"rendered":"<p>La senadora por el Distrito de Ponce,\u00a0Jamie Barlucea Rodr\u00edguez, convoc\u00f3 este jueves una reuni\u00f3n de trabajo entre alcaldes de su distrito y la principal oficial ejecutiva (CEO) de LUMA Energy, Janisse Qui\u00f1ones, y miembros de su equipo, quien reconoci\u00f3 que la empresa privatizadora no tiene dinero pare reparar luminarias en los pueblos.<\/p>\n\n\n\n<p>La admisi\u00f3n fue revelada hoy por la oficina de Barlucea Rodr\u00edguez. A la reuni\u00f3n se presentaron los alcaldes de\u00a0Ponce, Pe\u00f1uelas, Guayanilla, Gu\u00e1nica y Lajas, as\u00ed como un representante del Municipio de Ciales. Tambi\u00e9n particip\u00f3 la representante del Distrito 21,\u00a0Omayra Mart\u00ednez, quien present\u00f3 preocupaciones relacionadas con los mecanismos de comunicaci\u00f3n con LUMA y situaciones identificadas en el Municipio de Sabana Grande.<\/p>\n\n\n\n<p>Durante el encuentro, los alcaldes presentaron situaciones particulares relacionadas con\u00a0luminarias, bajo voltaje, aver\u00edas recurrentes, infraestructura el\u00e9ctrica, falta de brigadas, mantenimiento de vegetaci\u00f3n, dificultades para radicar y dar seguimiento a querellas y problemas de comunicaci\u00f3n con LUMA. Tambi\u00e9n se discuti\u00f3 el cumplimiento de contratistas privados de LUMA con obligaciones municipales relacionadas con arbitrios y patentes. Uno de los asuntos en los que hubo mayor coincidencia fue la\u00a0lentitud en la reparaci\u00f3n y sustituci\u00f3n de luminarias, as\u00ed como la falta de iluminaci\u00f3n en carreteras que representa un riesgo para conductores y peatones.<\/p>\n\n\n\n<p>\u00abUno de los planteamientos que mayor preocupaci\u00f3n gener\u00f3 durante la reuni\u00f3n surgi\u00f3 cuando la CEO de LUMA indic\u00f3 que\u00a0no hab\u00eda fondos disponibles para la instalaci\u00f3n de luminarias, contrario a informaci\u00f3n y conversaciones previas sostenidas en un foro entre el Negociado de Energ\u00eda y la C\u00e1mara de Representantes con municipios sobre recursos que estar\u00edan disponibles para atender este tipo de trabajos\u00bb, lee el comunicado de Barlucea Rodr\u00edguez<\/p>\n\n\n\n<p>Como alternativa, durante la reuni\u00f3n se plante\u00f3 que LUMA eval\u00fae la posibilidad de\u00a0proveer materiales y equipos a aquellos municipios que cuenten con personal debidamente capacitado, de manera que puedan atender determinados trabajos relacionados con luminarias con mayor rapidez y reducir los tiempos de espera. La propuesta tendr\u00eda que considerar los aspectos t\u00e9cnicos, de seguridad y responsabilidad correspondientes. <\/p>\n\n\n\n<p>\u201cNosotros nos comunicamos con el Negociado de Energ\u00eda y nos indicaron que los fondos federales deben ser gestionados por LUMA y la Autoridad de Energ\u00eda El\u00e9ctrica.\u00a0Los alcaldes necesitan certeza y que haya acciones concretas, tienen que saber qu\u00e9 puede hacer LUMA, qu\u00e9 recursos existen y cu\u00e1l ser\u00e1 la agenda de trabajo para atender las luminarias que llevan meses y, en algunos casos, m\u00e1s tiempo esperando por reparaci\u00f3n o sustituci\u00f3n\u201d, manifest\u00f3 la senadora.<\/p>\n\n\n\n<p>Otro de los asuntos que provoc\u00f3 preocupaci\u00f3n fue la falta de claridad sobre la jurisdicci\u00f3n y responsabilidad de determinados postes y luminarias ubicados en carreteras estatales. Ante preguntas de Barlucea relacionadas espec\u00edficamente con las\u00a0carreteras PR-9 y PR-10, surgieron versiones encontradas sobre si la responsabilidad corresponde a LUMA o a las entidades de transportaci\u00f3n.<\/p><div class=\"notic-content-middle\" id=\"notic-111464946\"><div class=\"notic-adlabel\">Advertisements<\/div><a data-no-instant=\"1\" href=\"https:\/\/qrco.de\/bgxd5v\" rel=\"noopener\" class=\"a2t-link\" target=\"_blank\" aria-label=\"300X600-SEBUSCA3\"><img loading=\"lazy\" decoding=\"async\" src=\"https:\/\/cdn.noticel.com\/2026\/09\/02194515\/300X600-SEBUSCA3.jpg\" alt=\"\"  srcset=\"https:\/\/cdn.noticel.com\/2026\/09\/02194515\/300X600-SEBUSCA3.jpg 300w, https:\/\/cdn.noticel.com\/2026\/09\/02194515\/300X600-SEBUSCA3-150x300.jpg 150w, https:\/\/cdn.noticel.com\/2026\/09\/02194515\/300X600-SEBUSCA3-6x12.jpg 6w\" sizes=\"(max-width: 300px) 100vw, 300px\" width=\"300\" height=\"600\"   \/><\/a><\/div>\n\n\n\n<p>\u201cUna agencia dice que los postes son responsabilidad de LUMA y LUMA dice que son del Departamento de Transportaci\u00f3n y Obras P\u00fablicas. \u00bfA qui\u00e9n le creemos? Mientras se pasan la responsabilidad de un lado a otro, las carreteras siguen oscuras y el ciudadano sigue enfrentando el peligro\u201d, cuestion\u00f3 Barlucea.<\/p>\n\n\n\n<p>La senadora adelant\u00f3 que someter\u00e1 requerimientos de informaci\u00f3n a los distintos entes involucrados\u00a0para\u00a0establecer claramente qu\u00e9 entidad tiene jurisdicci\u00f3n y responsabilidad sobre los postes y luminarias en las carreteras de Puerto Rico y para tener certeza sobre los fondos federales disponibles para las luminarias.<\/p>\n\n\n\n<p>La alcaldesa de Ponce present\u00f3 un desglose de v\u00edas que enfrentan problemas de iluminaci\u00f3n, entre ellas la\u00a0PR-9, PR-52 y la avenida Santiago de los Caballeros, y explic\u00f3 el riesgo que representan los tramos oscuros para la seguridad vial. Adem\u00e1s, inform\u00f3 que el Municipio cuenta con un\u00a0censo o inventario de luminarias\u00a0que puede poner a disposici\u00f3n de LUMA para facilitar la identificaci\u00f3n y seguimiento de los trabajos pendientes.<\/p>\n\n\n\n<p>Por su parte, el alcalde de Guayanilla present\u00f3 una preocupaci\u00f3n relacionada directamente con el suministro de agua. Durante la reuni\u00f3n explic\u00f3 que el municipio cuenta con una sola planta de filtraci\u00f3n y que aproximadamente\u00a0el 75% del suministro de agua depende de pozos. Seg\u00fan plante\u00f3, las bombas vinculadas a esos sistemas han experimentado problemas de bajo voltaje, situaci\u00f3n que podr\u00eda afectar su funcionamiento y, por consiguiente, el servicio de agua a las comunidades. Ante el planteamiento, se solicit\u00f3 a LUMA inspeccionar la infraestructura el\u00e9ctrica que alimenta dichas bombas y atender los problemas de voltaje. El equipo de LUMA indic\u00f3 que\u00a0investigar\u00eda espec\u00edficamente la situaci\u00f3n presentada por el Municipio de Guayanilla.<\/p>\n\n\n\n<p>El alcalde de Gu\u00e1nica, entretanto, concentr\u00f3 sus reclamos en la falta de informaci\u00f3n sobre proyectos de LUMA, el procedimiento y seguimiento de querellas, la disponibilidad de brigadas, las luminarias, el mantenimiento de vegetaci\u00f3n y la necesidad de contar con recursos adicionales para atender las aver\u00edas. Tambi\u00e9n plante\u00f3 la necesidad de mejorar la iluminaci\u00f3n en tramos de la\u00a0PR-116 en direcci\u00f3n de Sabana Grande hacia Gu\u00e1nica y de la PR-2, ante las preocupaciones de seguridad que provocan los sectores que permanecen oscuros.<\/p>\n\n\n\n<p>De manera general, los municipios coincidieron en la necesidad de mejorar significativamente los mecanismos de comunicaci\u00f3n con LUMA, particularmente cuando enfrentan aver\u00edas que afectan comunidades completas o infraestructura cr\u00edtica. Entre los principales problemas discutidos figuraron la\u00a0falta de un canal prioritario para los gobiernos municipales; desconocimiento sobre proyectos programados; demoras en querellas; falta de informaci\u00f3n sobre aver\u00edas y restauraciones; insuficiencia de brigadas; problemas recurrentes de voltaje; interrupciones aun despu\u00e9s de m\u00faltiples reclamaciones; falta de luminarias; mantenimiento de vegetaci\u00f3n; y falta de coordinaci\u00f3n entre LUMA y otras entidades gubernamentales.<\/p>","protected":false},"excerpt":{"rendered":"<p>La senadora por el Distrito de Ponce,\u00a0Jamie Barlucea Rodr\u00edguez, convoc\u00f3 este jueves una reuni\u00f3n de trabajo entre alcaldes de su distrito y la principal oficial ejecutiva (CEO) de LUMA Energy, Janisse Qui\u00f1ones, y miembros de su equipo, quien reconoci\u00f3 que la empresa privatizadora no tiene dinero pare reparar luminarias en los pueblos. La admisi\u00f3n fue [&hellip;]<\/p>","protected":false},"author":100,"featured_media":1022565,"comment_status":"open","ping_status":"open","sticky":false,"template":"","format":"standard","meta":{"_acf_changed":false,"_monsterinsights_skip_tracking":false,"ep_exclude_from_search":false,"footnotes":""},"categories":[4,3,2],"tags":[5310,147,1544],"class_list":["post-1022564","post","type-post","status-publish","format-standard","has-post-thumbnail","hentry","category-gobierno","category-noticias","category-ultima-hora","tag-jamie-barlucea","tag-luma","tag-municipios"],"acf":[],"aioseo_notices":[],"_links":{"self":[{"href":"https:\/\/noticel.com\/en\/wp-json\/wp\/v2\/posts\/1022564","targetHints":{"allow":["GET"]}}],"collection":[{"href":"https:\/\/noticel.com\/en\/wp-json\/wp\/v2\/posts"}],"about":[{"href":"https:\/\/noticel.com\/en\/wp-json\/wp\/v2\/types\/post"}],"author":[{"embeddable":true,"href":"https:\/\/noticel.com\/en\/wp-json\/wp\/v2\/users\/100"}],"replies":[{"embeddable":true,"href":"https:\/\/noticel.com\/en\/wp-json\/wp\/v2\/comments?post=1022564"}],"version-history":[{"count":3,"href":"https:\/\/noticel.com\/en\/wp-json\/wp\/v2\/posts\/1022564\/revisions"}],"predecessor-version":[{"id":1022572,"href":"https:\/\/noticel.com\/en\/wp-json\/wp\/v2\/posts\/1022564\/revisions\/1022572"}],"wp:featuredmedia":[{"embeddable":true,"href":"https:\/\/noticel.com\/en\/wp-json\/wp\/v2\/media\/1022565"}],"wp:attachment":[{"href":"https:\/\/noticel.com\/en\/wp-json\/wp\/v2\/media?parent=1022564"}],"wp:term":[{"taxonomy":"category","embeddable":true,"href":"https:\/\/noticel.com\/en\/wp-json\/wp\/v2\/categories?post=1022564"},{"taxonomy":"post_tag","embeddable":true,"href":"https:\/\/noticel.com\/en\/wp-json\/wp\/v2\/tags?post=1022564"}],"curies":[{"name":"wp","href":"https:\/\/api.w.org\/{rel}","templated":true}]}}