{"id":1022559,"date":"2026-09-04T09:21:32","date_gmt":"2026-09-04T13:21:32","guid":{"rendered":""},"modified":"2026-09-04T09:33:15","modified_gmt":"2026-09-04T13:33:15","slug":"amado-y-cristian-los-hermanos-que-han-hallado-miles-de-fosiles-de-megafauna-en-costa-rica","status":"publish","type":"post","link":"https:\/\/noticel.com\/en\/noticias\/20260904\/amado-y-cristian-los-hermanos-que-han-hallado-miles-de-fosiles-de-megafauna-en-costa-rica\/","title":{"rendered":"Amado y Cristian, los hermanos que han hallado miles de f\u00f3siles de megafauna en Costa Rica"},"content":{"rendered":"<p>Douglas Mar\u00edn<\/p>\n\n\n\n<p>Coto Brus (Costa Rica), (EFE).- Cuando apenas eran unos ni\u00f1os, Cristian y Amado Vargas comenzaron a recolectar piedras extra\u00f1as en una quebrada a la que sol\u00edan ir a jugar y pescar, sin imaginarse que tres d\u00e9cadas despu\u00e9s tendr\u00edan en su poder cerca de 10,000 piezas f\u00f3siles correspondientes a animales que hace miles de a\u00f1os habitaron lo que hoy es Costa Rica.<\/p>\n\n\n\n<p>\u00abTrabajando en la agricultura \u00edbamos a una finca ganadera y ayud\u00e1bamos a un se\u00f1or a pastar el ganado y en el transcurso de eso ten\u00edamos la oportunidad de estar en una quebrada. Desde peque\u00f1os ve\u00edamos objetos diferentes que pod\u00edan ser piedras pero eran extra\u00f1os, entonces los empezamos a recolectar y con el tiempo nos dimos cuenta que eran restos de animales prehist\u00f3ricos, f\u00f3siles ya\u00bb, explic\u00f3 a EFE Amado Vargas.<\/p>\n\n\n\n<p>Mientras sostiene un dedo fosilizado de un perezoso gigante, Amado Vargas relata c\u00f3mo junto a su hermano ha explorado diversas \u00e1reas del cant\u00f3n de Coto Brus, provincia de Puntarenas, en el sur de Costa Rica, en busca de f\u00f3siles que hoy exhiben en un aposento de su humilde vivienda, donde ambos sue\u00f1an con construir un museo para que la poblaci\u00f3n local y los turistas puedan conocer de la paleontolog\u00eda.<\/p>\n\n\n\n<p>\u00abEn la juventud nuestros compa\u00f1eros eran de ir a turnos (fiestas), bailes a centros deportivos y nosotros los fines de semana nos \u00edbamos para la quebrada. Fue como un hobby desde peque\u00f1os. Nos \u00edbamos, nos llev\u00e1bamos una sart\u00e9n, una cuerda, pesc\u00e1bamos, com\u00edamos, y nos pon\u00edamos a buscar piezas\u00bb, record\u00f3 Amado Vargas.<\/p>\n\n\n\n<p>Con la ayuda de expertos de la Universidad de Costa Rica y de paleont\u00f3logos de pa\u00edses como Alemania, Italia, Estados Unidos, Colombia y Panam\u00e1, los hermanos Vargas han logrado identificar numerosas especies, una de ellas una enorme boa constrictor que vivi\u00f3 en la \u00e9poca del mioceno superior, un registro \u00fanico para Centroam\u00e9rica conseguido a partir de v\u00e9rtebras fosilizadas.<\/p><div class=\"notic-content-middle\" id=\"notic-2661908908\"><div class=\"notic-adlabel\">Advertisements<\/div><a data-no-instant=\"1\" href=\"https:\/\/qrco.de\/bgxd5v\" rel=\"noopener\" class=\"a2t-link\" target=\"_blank\" aria-label=\"DisplayAd-970&#215;902\"><img loading=\"lazy\" decoding=\"async\" src=\"https:\/\/cdn.noticel.com\/2026\/09\/02200210\/DisplayAd-970x902-1.jpg\" alt=\"\"  srcset=\"https:\/\/cdn.noticel.com\/2026\/09\/02200210\/DisplayAd-970x902-1.jpg 970w, https:\/\/cdn.noticel.com\/2026\/09\/02200210\/DisplayAd-970x902-1-300x28.jpg 300w, https:\/\/cdn.noticel.com\/2026\/09\/02200210\/DisplayAd-970x902-1-768x71.jpg 768w, https:\/\/cdn.noticel.com\/2026\/09\/02200210\/DisplayAd-970x902-1-18x2.jpg 18w\" sizes=\"(max-width: 970px) 100vw, 970px\" width=\"970\" height=\"90\"   \/><\/a><\/div>\n\n\n\n<figure class=\"wp-block-image size-large\"><img loading=\"lazy\" decoding=\"async\" width=\"1024\" height=\"683\" src=\"https:\/\/cdn.noticel.com\/2026\/09\/04092507\/b867303443e8a86458d66bc9252cb36269ac42a1-1024x683.jpg\" alt=\"\" class=\"wp-image-1022561\" srcset=\"https:\/\/cdn.noticel.com\/2026\/09\/04092507\/b867303443e8a86458d66bc9252cb36269ac42a1-1024x683.jpg 1024w, https:\/\/cdn.noticel.com\/2026\/09\/04092507\/b867303443e8a86458d66bc9252cb36269ac42a1-300x200.jpg 300w, https:\/\/cdn.noticel.com\/2026\/09\/04092507\/b867303443e8a86458d66bc9252cb36269ac42a1-768x512.jpg 768w, https:\/\/cdn.noticel.com\/2026\/09\/04092507\/b867303443e8a86458d66bc9252cb36269ac42a1-1536x1024.jpg 1536w, https:\/\/cdn.noticel.com\/2026\/09\/04092507\/b867303443e8a86458d66bc9252cb36269ac42a1-18x12.jpg 18w, https:\/\/cdn.noticel.com\/2026\/09\/04092507\/b867303443e8a86458d66bc9252cb36269ac42a1.jpg 1600w\" sizes=\"auto, (max-width: 1024px) 100vw, 1024px\" \/><figcaption class=\"wp-element-caption\"><em>Fotograf\u00eda que muestra un dedo de perezoso gigante fosilizado encontrado por los hermanos Cristian y Amado Vargas en Coto Brus (Costa Rica). EFE\/ Douglas Mar\u00edn<\/em><\/figcaption><\/figure>\n\n\n\n<p>Las 10,000 piezas que han recolectado estos hermanos costarricenses han permitido determinar la presencia de Megatherium (perezoso gigante), Pampatherium (armadillo gigante), cam\u00e9lidos, caballos, serpientes, capibaras, elefantes, cocodrilos, felinos, mastodontes, rayas, tiburones, crust\u00e1ceos, delfines de agua dulce, tortugas, entre otras.<\/p>\n\n\n\n<p>\u00abTodo esto nos puede dar pistas de qu\u00e9 fue lo que sucedi\u00f3, c\u00f3mo las bestias de m\u00e1s grande tama\u00f1o se extinguieron. Tambi\u00e9n nos da una pista de qu\u00e9 podemos hacer para resguardar lo que tenemos ahora porque cada d\u00eda se pierde una especie en el mundo\u00bb, declar\u00f3 Amado Vargas.<\/p>\n\n\n\n<p>Cristian, quien recuerda que sus amigos de infancia nunca quisieron unirse a sus expediciones a la quebrada, explic\u00f3 que el \u00faltimo gran hallazgo que han realizado y que est\u00e1 en estudios cient\u00edficos para su confirmaci\u00f3n, es el de un carn\u00edvoro, posiblemente un felino, del que no existen registros en Costa Rica y que se lograr\u00eda a partir de un pedazo de mand\u00edbula.<\/p>\n\n\n\n<p>Los hermanos Vargas dirigen en el cant\u00f3n de Coto Brus un emprendimiento tur\u00edstico llamado Finca Mastodonte, mediante el cual muestran a los visitantes las piezas que han recolectado, les explican su significado e importancia y hasta les organizan visitas a sitios donde pueden participar en la b\u00fasqueda de nuevas piezas.<\/p>\n\n\n\n<p>La vinculaci\u00f3n entre ciencia y turismo es una herramienta importante para avanzar en el sue\u00f1o de construir un museo en la propiedad, con el fin de continuar divulgando la importancia de la paleontolog\u00eda y tratar de contribuir a m\u00e1s hallazgos cient\u00edficos.<\/p>\n\n\n\n<p>\u00ab\u00bfQui\u00e9n no nace so\u00f1ando con los dinosaurios? Nosotros ten\u00edamos la oportunidad de ir a buscar f\u00f3siles, tal vez no como los dinosaurios, pero s\u00ed antiguos, y fue una pasi\u00f3n mutua que va a ser para toda la vida, hasta el d\u00eda que nos muramos\u00bb, expres\u00f3 Cristian Vargas.<\/p>\n\n\n\n<figure class=\"wp-block-image size-large\"><img loading=\"lazy\" decoding=\"async\" width=\"1024\" height=\"683\" src=\"https:\/\/cdn.noticel.com\/2026\/09\/04092547\/2cd8caa8b6c325a670a1ff12342a0ce69a07ace4-1024x683.jpg\" alt=\"\" class=\"wp-image-1022562\" srcset=\"https:\/\/cdn.noticel.com\/2026\/09\/04092547\/2cd8caa8b6c325a670a1ff12342a0ce69a07ace4-1024x683.jpg 1024w, https:\/\/cdn.noticel.com\/2026\/09\/04092547\/2cd8caa8b6c325a670a1ff12342a0ce69a07ace4-300x200.jpg 300w, https:\/\/cdn.noticel.com\/2026\/09\/04092547\/2cd8caa8b6c325a670a1ff12342a0ce69a07ace4-768x512.jpg 768w, https:\/\/cdn.noticel.com\/2026\/09\/04092547\/2cd8caa8b6c325a670a1ff12342a0ce69a07ace4-1536x1024.jpg 1536w, https:\/\/cdn.noticel.com\/2026\/09\/04092547\/2cd8caa8b6c325a670a1ff12342a0ce69a07ace4-18x12.jpg 18w, https:\/\/cdn.noticel.com\/2026\/09\/04092547\/2cd8caa8b6c325a670a1ff12342a0ce69a07ace4.jpg 1600w\" sizes=\"auto, (max-width: 1024px) 100vw, 1024px\" \/><figcaption class=\"wp-element-caption\"><em>Fotograf\u00eda que muestra un fragmento de mand\u00edbula fosilizado encontrado en Coto Brus (Costa Rica). EFE\/ Douglas Mar\u00edn<\/em><\/figcaption><\/figure>\n\n\n\n<p><\/p>","protected":false},"excerpt":{"rendered":"<p>Douglas Mar\u00edn Coto Brus (Costa Rica), (EFE).- Cuando apenas eran unos ni\u00f1os, Cristian y Amado Vargas comenzaron a recolectar piedras extra\u00f1as en una quebrada a la que sol\u00edan ir a jugar y pescar, sin imaginarse que tres d\u00e9cadas despu\u00e9s tendr\u00edan en su poder cerca de 10,000 piezas f\u00f3siles correspondientes a animales que hace miles de [&hellip;]<\/p>","protected":false},"author":102,"featured_media":1022560,"comment_status":"open","ping_status":"open","sticky":false,"template":"","format":"standard","meta":{"_acf_changed":false,"_monsterinsights_skip_tracking":false,"ep_exclude_from_search":false,"footnotes":""},"categories":[17,3],"tags":[6969,473],"class_list":["post-1022559","post","type-post","status-publish","format-standard","has-post-thumbnail","hentry","category-mundo","category-noticias","tag-costa-rica","tag-paleontologia"],"acf":[],"aioseo_notices":[],"_links":{"self":[{"href":"https:\/\/noticel.com\/en\/wp-json\/wp\/v2\/posts\/1022559","targetHints":{"allow":["GET"]}}],"collection":[{"href":"https:\/\/noticel.com\/en\/wp-json\/wp\/v2\/posts"}],"about":[{"href":"https:\/\/noticel.com\/en\/wp-json\/wp\/v2\/types\/post"}],"author":[{"embeddable":true,"href":"https:\/\/noticel.com\/en\/wp-json\/wp\/v2\/users\/102"}],"replies":[{"embeddable":true,"href":"https:\/\/noticel.com\/en\/wp-json\/wp\/v2\/comments?post=1022559"}],"version-history":[{"count":1,"href":"https:\/\/noticel.com\/en\/wp-json\/wp\/v2\/posts\/1022559\/revisions"}],"predecessor-version":[{"id":1022563,"href":"https:\/\/noticel.com\/en\/wp-json\/wp\/v2\/posts\/1022559\/revisions\/1022563"}],"wp:featuredmedia":[{"embeddable":true,"href":"https:\/\/noticel.com\/en\/wp-json\/wp\/v2\/media\/1022560"}],"wp:attachment":[{"href":"https:\/\/noticel.com\/en\/wp-json\/wp\/v2\/media?parent=1022559"}],"wp:term":[{"taxonomy":"category","embeddable":true,"href":"https:\/\/noticel.com\/en\/wp-json\/wp\/v2\/categories?post=1022559"},{"taxonomy":"post_tag","embeddable":true,"href":"https:\/\/noticel.com\/en\/wp-json\/wp\/v2\/tags?post=1022559"}],"curies":[{"name":"wp","href":"https:\/\/api.w.org\/{rel}","templated":true}]}}