{"id":1022548,"date":"2026-09-04T08:49:03","date_gmt":"2026-09-04T12:49:03","guid":{"rendered":""},"modified":"2026-09-04T08:57:50","modified_gmt":"2026-09-04T12:57:50","slug":"continua-la-serie-conversaciones-en-jazz-que-une-musica-conversacion-y-aprendizaje","status":"publish","type":"post","link":"https:\/\/noticel.com\/en\/entretenimiento\/20260904\/continua-la-serie-conversaciones-en-jazz-que-une-musica-conversacion-y-aprendizaje\/","title":{"rendered":"Contin\u00faa la serie \u201cConversaciones en jazz\u201d, que une m\u00fasica, conversaci\u00f3n y aprendizaje"},"content":{"rendered":"<p>Humanidades Puerto Rico continuar\u00e1 sus conciertos \u201cConversaciones en jazz\u201d, una nueva serie que combina m\u00fasica en vivo y di\u00e1logos para acercar al p\u00fablico a las ideas, historias y decisiones musicales que forman parte del jazz.<\/p>\n\n\n\n<p>A diferencia de un concierto convencional, cada encuentro tendr\u00e1 un car\u00e1cter did\u00e1ctico: quienes integran el conjunto explicar\u00e1n el repertorio que interpretan y conversar\u00e1n sobre sus historias, sus decisiones musicales y la manera en que dialogan mientras tocan. El objetivo es ofrecer puntos de referencia que nos ayuden a escuchar la m\u00fasica con mayor atenci\u00f3n y a reconocer el conocimiento que se produce al tocar e improvisar en conjunto.<\/p>\n\n\n\n<p>La serie continuar\u00e1 el 24 de septiembre con el Nayeli Selene Quartet; el 22 de octubre con el Emily Campos Quartet; y cerrar\u00e1 el 18 de noviembre con el Fidel Morales Quartet. Adem\u00e1s de ser parte de la programaci\u00f3n especial que celebra su 50.\u00ba aniversario, con esta iniciativa Humanidades Puerto Rico busca ampliar los espacios de encuentro entre artistas, p\u00fablico y saberes musicales y comenzar a preparar el camino hacia la celebraci\u00f3n del D\u00eda Internacional del Jazz, que se conmemora cada 30 de abril. Proclamada por la UNESCO, esta fecha reconoce el jazz por su capacidad para fomentar el di\u00e1logo intercultural, la libertad de expresi\u00f3n, el respeto a la diversidad y la cooperaci\u00f3n entre los pueblos.<\/p><div class=\"notic-content-middle\" id=\"notic-3412209777\"><div class=\"notic-adlabel\">Advertisements<\/div><a data-no-instant=\"1\" href=\"https:\/\/qrco.de\/bgxd5v\" rel=\"noopener\" class=\"a2t-link\" target=\"_blank\" aria-label=\"DisplayAd-728&#215;902\"><img loading=\"lazy\" decoding=\"async\" src=\"https:\/\/cdn.noticel.com\/2026\/09\/02195411\/DisplayAd-728x902-1.jpg\" alt=\"\"  srcset=\"https:\/\/cdn.noticel.com\/2026\/09\/02195411\/DisplayAd-728x902-1.jpg 728w, https:\/\/cdn.noticel.com\/2026\/09\/02195411\/DisplayAd-728x902-1-300x37.jpg 300w, https:\/\/cdn.noticel.com\/2026\/09\/02195411\/DisplayAd-728x902-1-18x2.jpg 18w\" sizes=\"(max-width: 728px) 100vw, 728px\" width=\"728\" height=\"90\"   \/><\/a><\/div>\n\n\n\n<p>Los espect\u00e1culos se llevar\u00e1n a cabo a las 7:00 p. m. en la sede de Humanidades Puerto Rico, en el tercer piso del Cuartel de Ballaj\u00e1, en el Viejo San Juan. <\/p>\n\n\n\n<p>La serie forma parte del trabajo de Humanidades Puerto Rico para apoyar la creaci\u00f3n, la investigaci\u00f3n y la conversaci\u00f3n cultural en el pa\u00eds. Este respaldo permite examinar el g\u00e9nero desde su complejidad hist\u00f3rica y social, fortalecer las condiciones en que se crea y se presenta y abrir nuevos espacios de encuentro entre la comunidad musical y el p\u00fablico.<\/p>\n\n\n\n<p>La actividad es libre de costo. Las personas interesadas en asistir pueden registrarse en: <a href=\"https:\/\/givebutter.com\/conversaciones-en-jazz-1\">givebutter.com\/conversaciones-en-jazz-1<\/a>. Los espacios son limitados.<\/p>","protected":false},"excerpt":{"rendered":"<p>Humanidades Puerto Rico continuar\u00e1 sus conciertos \u201cConversaciones en jazz\u201d, una nueva serie que combina m\u00fasica en vivo y di\u00e1logos para acercar al p\u00fablico a las ideas, historias y decisiones musicales que forman parte del jazz. A diferencia de un concierto convencional, cada encuentro tendr\u00e1 un car\u00e1cter did\u00e1ctico: quienes integran el conjunto explicar\u00e1n el repertorio que [&hellip;]<\/p>","protected":false},"author":100,"featured_media":1022551,"comment_status":"open","ping_status":"open","sticky":false,"template":"","format":"standard","meta":{"_acf_changed":false,"_monsterinsights_skip_tracking":false,"ep_exclude_from_search":false,"footnotes":""},"categories":[52,53],"tags":[1409,6967,3462],"class_list":["post-1022548","post","type-post","status-publish","format-standard","has-post-thumbnail","hentry","category-entretenimiento","category-musica","tag-conciertos","tag-humanidades-puerto-rico","tag-jazz"],"acf":[],"aioseo_notices":[],"_links":{"self":[{"href":"https:\/\/noticel.com\/en\/wp-json\/wp\/v2\/posts\/1022548","targetHints":{"allow":["GET"]}}],"collection":[{"href":"https:\/\/noticel.com\/en\/wp-json\/wp\/v2\/posts"}],"about":[{"href":"https:\/\/noticel.com\/en\/wp-json\/wp\/v2\/types\/post"}],"author":[{"embeddable":true,"href":"https:\/\/noticel.com\/en\/wp-json\/wp\/v2\/users\/100"}],"replies":[{"embeddable":true,"href":"https:\/\/noticel.com\/en\/wp-json\/wp\/v2\/comments?post=1022548"}],"version-history":[{"count":1,"href":"https:\/\/noticel.com\/en\/wp-json\/wp\/v2\/posts\/1022548\/revisions"}],"predecessor-version":[{"id":1022552,"href":"https:\/\/noticel.com\/en\/wp-json\/wp\/v2\/posts\/1022548\/revisions\/1022552"}],"wp:featuredmedia":[{"embeddable":true,"href":"https:\/\/noticel.com\/en\/wp-json\/wp\/v2\/media\/1022551"}],"wp:attachment":[{"href":"https:\/\/noticel.com\/en\/wp-json\/wp\/v2\/media?parent=1022548"}],"wp:term":[{"taxonomy":"category","embeddable":true,"href":"https:\/\/noticel.com\/en\/wp-json\/wp\/v2\/categories?post=1022548"},{"taxonomy":"post_tag","embeddable":true,"href":"https:\/\/noticel.com\/en\/wp-json\/wp\/v2\/tags?post=1022548"}],"curies":[{"name":"wp","href":"https:\/\/api.w.org\/{rel}","templated":true}]}}