{"id":1022543,"date":"2026-09-04T08:26:01","date_gmt":"2026-09-04T12:26:01","guid":{"rendered":""},"modified":"2026-09-04T08:50:02","modified_gmt":"2026-09-04T12:50:02","slug":"legisladores-municipales-en-catano-piden-que-se-descalifique-a-torres-montalvo","status":"publish","type":"post","link":"https:\/\/noticel.com\/en\/ultima-hora\/20260904\/legisladores-municipales-en-catano-piden-que-se-descalifique-a-torres-montalvo\/","title":{"rendered":"Legisladores municipales en Cata\u00f1o piden que se descalifique a Torres Montalvo"},"content":{"rendered":"<p>Tres legisladores municipales de Cata\u00f1o le han solicitado al Comit\u00e9 de Evaluaci\u00f3n de Candidatos del Partido Nuevo Progresista (PNP) que descalifique a Hiram Torres Montalvo como candidato a la alcald\u00eda de Cata\u00f1o.<\/p>\n\n\n\n<p>Gustavo Grana Mart\u00ednez, Dami\u00e1n Claudio Miranda y Jos\u00e9 L. Ortega Rodr\u00edguez plantean en una carta con fecha de ayer que Torres Montalvo ten\u00eda que renunciar a la jefatura del Departamento de Asuntos del Consumidor 30 d\u00edas antes de presentar su candidatura, seg\u00fan se dispone en el C\u00f3digo Electoral.<\/p>\n\n\n\n<p>\u201cTreinta d\u00edas antes del cierre de la radicaci\u00f3n del 4 de septiembre era el 5 de agosto. Treinta d\u00edas antes de que el se\u00f1or Torres Montalvo registrara su comit\u00e9 pol\u00edtico ante la Oficina del Contralor Electoral el 21 de agosto era el 22 de julio. En las dos fechas dirig\u00eda DACO, y lo sigue dirigiendo hoy\u201d, se\u00f1alaron en una carta divulgada por el periodista Rafael Len\u00edn L\u00f3pez.<\/p><div class=\"notic-content-middle\" id=\"notic-2213333384\"><div class=\"notic-adlabel\">Advertisements<\/div><a data-no-instant=\"1\" href=\"https:\/\/qrco.de\/bgxd5v\" rel=\"noopener\" class=\"a2t-link\" target=\"_blank\" aria-label=\"DisplayAds-300&#215;250\"><img loading=\"lazy\" decoding=\"async\" src=\"https:\/\/cdn.noticel.com\/2026\/09\/02200431\/DisplayAds-300x250-1.jpg\" alt=\"\"  srcset=\"https:\/\/cdn.noticel.com\/2026\/09\/02200431\/DisplayAds-300x250-1.jpg 300w, https:\/\/cdn.noticel.com\/2026\/09\/02200431\/DisplayAds-300x250-1-14x12.jpg 14w\" sizes=\"(max-width: 300px) 100vw, 300px\" width=\"300\" height=\"250\"   \/><\/a><\/div>\n\n\n\n<p>El tr\u00edo de legisladores municipales rechaz\u00f3 que se pueda levantar el argumento de que la norma estatutaria no le aplica Torres Montalvo debido a la muerte del exalcalde Julio Alicea, \u201cpero el texto de la ley no distingue entre elecciones generales y especiales, ni entre vacantes anunciadas y vacantes s\u00fabitas\u201d.<\/p>\n\n\n\n<p>A\u00f1adieron que la Ley Electoral dispone los t\u00e9rminos fijos y no exime de su cumplimiento a jefes de agencia y argumentaron que un proyecto de ley recientemente presentado busca atender el escenario que enfrenta Torres Montalvo.<\/p>\n\n\n\n<p>\u201cSi el C\u00f3digo ya tuviera esa excepci\u00f3n, esa medida no har\u00eda falta\u201d, escribieron. \u201cSi se certifica al se\u00f1or Torres Montalvo, el partido va a invertir una campa\u00f1a una elecci\u00f3n de pueblo y semanas de trabajo de nuestra gente en Cata\u00f1o en una nominaci\u00f3n que la Comisi\u00f3n (Estatal de Elecciones) tiene prohibido aceptar\u201d.<\/p>","protected":false},"excerpt":{"rendered":"<p>Tres legisladores municipales de Cata\u00f1o le han solicitado al Comit\u00e9 de Evaluaci\u00f3n de Candidatos del Partido Nuevo Progresista (PNP) que descalifique a Hiram Torres Montalvo como candidato a la alcald\u00eda de Cata\u00f1o. Gustavo Grana Mart\u00ednez, Dami\u00e1n Claudio Miranda y Jos\u00e9 L. Ortega Rodr\u00edguez plantean en una carta con fecha de ayer que Torres Montalvo ten\u00eda [&hellip;]<\/p>","protected":false},"author":100,"featured_media":1013783,"comment_status":"open","ping_status":"open","sticky":false,"template":"","format":"standard","meta":{"_acf_changed":false,"_monsterinsights_skip_tracking":false,"ep_exclude_from_search":false,"footnotes":""},"categories":[3,7,2],"tags":[2445,260,690],"class_list":["post-1022543","post","type-post","status-publish","format-standard","has-post-thumbnail","hentry","category-noticias","category-politica","category-ultima-hora","tag-alcaldia-2","tag-catano","tag-hiram-torres-montalvo"],"acf":[],"aioseo_notices":[],"_links":{"self":[{"href":"https:\/\/noticel.com\/en\/wp-json\/wp\/v2\/posts\/1022543","targetHints":{"allow":["GET"]}}],"collection":[{"href":"https:\/\/noticel.com\/en\/wp-json\/wp\/v2\/posts"}],"about":[{"href":"https:\/\/noticel.com\/en\/wp-json\/wp\/v2\/types\/post"}],"author":[{"embeddable":true,"href":"https:\/\/noticel.com\/en\/wp-json\/wp\/v2\/users\/100"}],"replies":[{"embeddable":true,"href":"https:\/\/noticel.com\/en\/wp-json\/wp\/v2\/comments?post=1022543"}],"version-history":[{"count":2,"href":"https:\/\/noticel.com\/en\/wp-json\/wp\/v2\/posts\/1022543\/revisions"}],"predecessor-version":[{"id":1022549,"href":"https:\/\/noticel.com\/en\/wp-json\/wp\/v2\/posts\/1022543\/revisions\/1022549"}],"wp:featuredmedia":[{"embeddable":true,"href":"https:\/\/noticel.com\/en\/wp-json\/wp\/v2\/media\/1013783"}],"wp:attachment":[{"href":"https:\/\/noticel.com\/en\/wp-json\/wp\/v2\/media?parent=1022543"}],"wp:term":[{"taxonomy":"category","embeddable":true,"href":"https:\/\/noticel.com\/en\/wp-json\/wp\/v2\/categories?post=1022543"},{"taxonomy":"post_tag","embeddable":true,"href":"https:\/\/noticel.com\/en\/wp-json\/wp\/v2\/tags?post=1022543"}],"curies":[{"name":"wp","href":"https:\/\/api.w.org\/{rel}","templated":true}]}}