{"id":1022533,"date":"2026-09-04T08:12:09","date_gmt":"2026-09-04T12:12:09","guid":{"rendered":""},"modified":"2026-09-04T08:19:06","modified_gmt":"2026-09-04T12:19:06","slug":"ferrer-denuncia-que-el-gobierno-tambien-le-debe-a-hogares-sustitutos-en-la-region-de-ponce","status":"publish","type":"post","link":"https:\/\/noticel.com\/en\/ultima-hora\/20260904\/ferrer-denuncia-que-el-gobierno-tambien-le-debe-a-hogares-sustitutos-en-la-region-de-ponce\/","title":{"rendered":"Ferrer denuncia que el gobierno tambi\u00e9n le debe a hogares sustitutos en la Regi\u00f3n de Ponce"},"content":{"rendered":"<p>El portavoz del Partido Popular Democr\u00e1tico (PPD) en la C\u00e1mara de Representantes, H\u00e9ctor Ferrer Santiago, denunci\u00f3 hoy que hogares sustitutos que brindan servicios esenciales a ni\u00f1os y ni\u00f1as removidos de sus hogares en la Regi\u00f3n de Ponce enfrentan retrasos de pago de hasta tres meses por parte del gobierno.<\/p>\n\n\n\n<p>\u201cEsto es inaceptable. Estamos hablando de hogares que est\u00e1n asumiendo la responsabilidad de cuidar y proteger a ni\u00f1os que el Estado removi\u00f3 de sus hogares precisamente porque necesitaban protecci\u00f3n. Ahora resulta que quienes los est\u00e1n cuidando tampoco est\u00e1n recibiendo sus pagos a tiempo. En algunos casos, llevan hasta tres meses esperando\u201d, denunci\u00f3 Ferrer Santiago sin precisar la cantidad adeudada.<\/p>\n\n\n\n<p>El portavoz cameral se\u00f1al\u00f3 que la situaci\u00f3n demuestra un patr\u00f3n de desorganizaci\u00f3n, dejadez e incompetencia administrativa por parte del gobierno de la gobernadora Jenniffer Gonz\u00e1lez.<\/p><div class=\"notic-content-middle\" id=\"notic-3732862675\"><div class=\"notic-adlabel\">Advertisements<\/div><a data-no-instant=\"1\" href=\"https:\/\/qrco.de\/bgxd5v\" rel=\"noopener\" class=\"a2t-link\" target=\"_blank\" aria-label=\"DisplayAd-728&#215;903\"><img loading=\"lazy\" decoding=\"async\" src=\"https:\/\/cdn.noticel.com\/2026\/09\/02195509\/DisplayAd-728x903-1.jpg\" alt=\"\"  srcset=\"https:\/\/cdn.noticel.com\/2026\/09\/02195509\/DisplayAd-728x903-1.jpg 728w, https:\/\/cdn.noticel.com\/2026\/09\/02195509\/DisplayAd-728x903-1-300x37.jpg 300w, https:\/\/cdn.noticel.com\/2026\/09\/02195509\/DisplayAd-728x903-1-18x2.jpg 18w\" sizes=\"(max-width: 728px) 100vw, 728px\" width=\"728\" height=\"90\"   \/><\/a><\/div>\n\n\n\n<p>\u201c\u00bfC\u00f3mo puede el gobierno exigirle a una familia que contin\u00fae brindando techo, alimentaci\u00f3n, seguridad y estabilidad emocional a un menor cuando el propio gobierno no cumple con su responsabilidad de pagar por ese servicio? Esto no es solamente un problema administrativo. Es una irresponsabilidad que tiene consecuencias reales sobre ni\u00f1os y familias que ya est\u00e1n atravesando situaciones extremadamente dif\u00edciles\u201d, afirm\u00f3.<\/p>\n\n\n\n<p>Ferrer Santiago sostuvo que la situaci\u00f3n se suma a otros incumplimientos que afectan servicios esenciales en Puerto Rico.<\/p>\n\n\n\n<p>\u201cComo si no fuera suficiente con los problemas constantes de agua y luz, ahora tampoco se les paga a quienes ofrecen servicios esenciales para nuestros ni\u00f1os. Y esto se suma al problema que denunciamos recientemente con las amas de llaves, que tambi\u00e9n est\u00e1n enfrentando atrasos en sus pagos\u201d, expres\u00f3.<\/p>","protected":false},"excerpt":{"rendered":"<p>El portavoz del Partido Popular Democr\u00e1tico (PPD) en la C\u00e1mara de Representantes, H\u00e9ctor Ferrer Santiago, denunci\u00f3 hoy que hogares sustitutos que brindan servicios esenciales a ni\u00f1os y ni\u00f1as removidos de sus hogares en la Regi\u00f3n de Ponce enfrentan retrasos de pago de hasta tres meses por parte del gobierno. \u201cEsto es inaceptable. Estamos hablando de [&hellip;]<\/p>","protected":false},"author":100,"featured_media":1022536,"comment_status":"open","ping_status":"open","sticky":false,"template":"","format":"standard","meta":{"_acf_changed":false,"_monsterinsights_skip_tracking":false,"ep_exclude_from_search":false,"footnotes":""},"categories":[4,3,2],"tags":[],"class_list":["post-1022533","post","type-post","status-publish","format-standard","has-post-thumbnail","hentry","category-gobierno","category-noticias","category-ultima-hora"],"acf":[],"aioseo_notices":[],"_links":{"self":[{"href":"https:\/\/noticel.com\/en\/wp-json\/wp\/v2\/posts\/1022533","targetHints":{"allow":["GET"]}}],"collection":[{"href":"https:\/\/noticel.com\/en\/wp-json\/wp\/v2\/posts"}],"about":[{"href":"https:\/\/noticel.com\/en\/wp-json\/wp\/v2\/types\/post"}],"author":[{"embeddable":true,"href":"https:\/\/noticel.com\/en\/wp-json\/wp\/v2\/users\/100"}],"replies":[{"embeddable":true,"href":"https:\/\/noticel.com\/en\/wp-json\/wp\/v2\/comments?post=1022533"}],"version-history":[{"count":2,"href":"https:\/\/noticel.com\/en\/wp-json\/wp\/v2\/posts\/1022533\/revisions"}],"predecessor-version":[{"id":1022540,"href":"https:\/\/noticel.com\/en\/wp-json\/wp\/v2\/posts\/1022533\/revisions\/1022540"}],"wp:featuredmedia":[{"embeddable":true,"href":"https:\/\/noticel.com\/en\/wp-json\/wp\/v2\/media\/1022536"}],"wp:attachment":[{"href":"https:\/\/noticel.com\/en\/wp-json\/wp\/v2\/media?parent=1022533"}],"wp:term":[{"taxonomy":"category","embeddable":true,"href":"https:\/\/noticel.com\/en\/wp-json\/wp\/v2\/categories?post=1022533"},{"taxonomy":"post_tag","embeddable":true,"href":"https:\/\/noticel.com\/en\/wp-json\/wp\/v2\/tags?post=1022533"}],"curies":[{"name":"wp","href":"https:\/\/api.w.org\/{rel}","templated":true}]}}