{"id":1022527,"date":"2026-09-04T08:04:04","date_gmt":"2026-09-04T12:04:04","guid":{"rendered":""},"modified":"2026-09-04T08:11:16","modified_gmt":"2026-09-04T12:11:16","slug":"nuestra-escuela-y-pro-bono-unen-esfuerzos-para-ofrecer-servicios-legales-gratuitos-a-la-comunidad","status":"publish","type":"post","link":"https:\/\/noticel.com\/en\/noticias\/20260904\/nuestra-escuela-y-pro-bono-unen-esfuerzos-para-ofrecer-servicios-legales-gratuitos-a-la-comunidad\/","title":{"rendered":"Nuestra Escuela y Pro-Bono unen esfuerzos para ofrecer servicios legales gratuitos a la comunidad"},"content":{"rendered":"<p>Con el prop\u00f3sito de ampliar el acceso a la justicia a sus estudiantes, familias y la comunidad en general, Nuestra Escuela firm\u00f3 ayer un acuerdo colaborativo con Pro-Bono, Inc. para ofrecer servicios legales gratuitos a miembros de la comunidad.&nbsp;<\/p>\n\n\n\n<p>\u201cEn Nuestra Escuela, estamos comprometidos con nuestras y nuestros estudiantes, sus familias y la comunidad para lograr un Puerto Rico m\u00e1s equitativo y justo. Pro-Bono, Inc. es una organizaci\u00f3n que comparte esta visi\u00f3n y agradecemos profundamente la oportunidad de colaborar por nuestra gente y sus derechos. Dentro de nuestro ecosistema de servicios, este acuerdo nos permite ampliar nuestros servicios para que las familias, estudiantes y personas que forman parte de la comunidad de Nuestra Escuela puedan recibir orientaci\u00f3n y servicios legales sin costo alguno, estamos muy agradecidos\u201d, expres\u00f3 Ana Yris Guzm\u00e1n, presidenta y cofundadora de Nuestra Escuela.&nbsp;<\/p>\n\n\n\n<p>Mediante el convenio colaborativo, Nuestra Escuela podr\u00e1 referir personas que necesiten e interesen servicios legales a Pro-Bono, Inc., la cual evaluar\u00e1 la elegibilidad de los solicitantes seg\u00fan su necesidad econ\u00f3mica y composici\u00f3n familiar. Pro-Bono, Inc. proveer\u00e1 servicios en diferentes \u00e1reas del derecho civil y administrativo, incluyendo derecho de familia, laboral, vivienda, derechos humanos, y derechos de las personas de edad avanzada. Pro-Bono, Inc. tambi\u00e9n ofrecer\u00e1 charlas y talleres de educaci\u00f3n legal dirigidos a estudiantes, familias y la comunidad de Nuestra Escuela.&nbsp;<\/p><div class=\"notic-content-middle\" id=\"notic-739451633\"><div class=\"notic-adlabel\">Advertisements<\/div><a data-no-instant=\"1\" href=\"https:\/\/qrco.de\/bgxd5v\" rel=\"noopener\" class=\"a2t-link\" target=\"_blank\" aria-label=\"DisplayAd-970&#215;903\"><img loading=\"lazy\" decoding=\"async\" src=\"https:\/\/cdn.noticel.com\/2026\/09\/02200307\/DisplayAd-970x903-1.jpg\" alt=\"\"  srcset=\"https:\/\/cdn.noticel.com\/2026\/09\/02200307\/DisplayAd-970x903-1.jpg 970w, https:\/\/cdn.noticel.com\/2026\/09\/02200307\/DisplayAd-970x903-1-300x28.jpg 300w, https:\/\/cdn.noticel.com\/2026\/09\/02200307\/DisplayAd-970x903-1-768x71.jpg 768w, https:\/\/cdn.noticel.com\/2026\/09\/02200307\/DisplayAd-970x903-1-18x2.jpg 18w\" sizes=\"(max-width: 970px) 100vw, 970px\" width=\"970\" height=\"90\"   \/><\/a><\/div>\n\n\n\n<p>\u201cEn Pro Bono, Inc. estamos comprometidos en brindar nuestros servicios legales gratuitos a las poblaciones m\u00e1s vulnerables. Esto incluye colaborar en el campo de la educaci\u00f3n con Nuestra Escuela, uniendo esfuerzos con el objetivo de lograr una sociedad m\u00e1s justa y equitativa\u201d, dijo Vanessa Rodr\u00edguez Hern\u00e1ndez, licenciada en derecho y coordinadora comunitaria de Pro-Bono, Inc.&nbsp;<\/p>\n\n\n\n<p>Nuestra Escuela es una organizaci\u00f3n sin fines de lucro que, desde hace 26 a\u00f1os, ofrece servicios gratuitos de educaci\u00f3n alternativa en Caguas y Lo\u00edza. Es la primera y \u00fanica escuela alternativa de Puerto Rico y el Caribe que cuenta con la acreditaci\u00f3n de la Middle States Association.&nbsp;<\/p>\n\n\n\n<p>Entre sus ofrecimientos ha ampliado en los \u00faltimos tres a\u00f1os proyectos educativos de corrientes vocacionales, con tres en Caguas: Nuestra Moda, especializada en dise\u00f1o de modas; Nuestra Innovaci\u00f3n Digital, de Tecnolog\u00eda; y Nuestra Tierra, escuela vocacional de agricultura; as\u00ed como Nuestra Posada, programa vocacional de turismo en Lo\u00edza.<\/p>","protected":false},"excerpt":{"rendered":"<p>Con el prop\u00f3sito de ampliar el acceso a la justicia a sus estudiantes, familias y la comunidad en general, Nuestra Escuela firm\u00f3 ayer un acuerdo colaborativo con Pro-Bono, Inc. para ofrecer servicios legales gratuitos a miembros de la comunidad.&nbsp; \u201cEn Nuestra Escuela, estamos comprometidos con nuestras y nuestros estudiantes, sus familias y la comunidad para [&hellip;]<\/p>","protected":false},"author":100,"featured_media":1022530,"comment_status":"open","ping_status":"open","sticky":false,"template":"","format":"standard","meta":{"_acf_changed":false,"_monsterinsights_skip_tracking":false,"ep_exclude_from_search":false,"footnotes":""},"categories":[11,3],"tags":[908,6964],"class_list":["post-1022527","post","type-post","status-publish","format-standard","has-post-thumbnail","hentry","category-educacion","category-noticias","tag-nuestra-escuela","tag-pro-bono"],"acf":[],"aioseo_notices":[],"_links":{"self":[{"href":"https:\/\/noticel.com\/en\/wp-json\/wp\/v2\/posts\/1022527","targetHints":{"allow":["GET"]}}],"collection":[{"href":"https:\/\/noticel.com\/en\/wp-json\/wp\/v2\/posts"}],"about":[{"href":"https:\/\/noticel.com\/en\/wp-json\/wp\/v2\/types\/post"}],"author":[{"embeddable":true,"href":"https:\/\/noticel.com\/en\/wp-json\/wp\/v2\/users\/100"}],"replies":[{"embeddable":true,"href":"https:\/\/noticel.com\/en\/wp-json\/wp\/v2\/comments?post=1022527"}],"version-history":[{"count":1,"href":"https:\/\/noticel.com\/en\/wp-json\/wp\/v2\/posts\/1022527\/revisions"}],"predecessor-version":[{"id":1022531,"href":"https:\/\/noticel.com\/en\/wp-json\/wp\/v2\/posts\/1022527\/revisions\/1022531"}],"wp:featuredmedia":[{"embeddable":true,"href":"https:\/\/noticel.com\/en\/wp-json\/wp\/v2\/media\/1022530"}],"wp:attachment":[{"href":"https:\/\/noticel.com\/en\/wp-json\/wp\/v2\/media?parent=1022527"}],"wp:term":[{"taxonomy":"category","embeddable":true,"href":"https:\/\/noticel.com\/en\/wp-json\/wp\/v2\/categories?post=1022527"},{"taxonomy":"post_tag","embeddable":true,"href":"https:\/\/noticel.com\/en\/wp-json\/wp\/v2\/tags?post=1022527"}],"curies":[{"name":"wp","href":"https:\/\/api.w.org\/{rel}","templated":true}]}}