{"id":1022509,"date":"2026-09-04T06:43:36","date_gmt":"2026-09-04T10:43:36","guid":{"rendered":""},"modified":"2026-09-04T06:54:57","modified_gmt":"2026-09-04T10:54:57","slug":"estos-son-los-guantes-de-oro-rawlings-2026-del-beisbol-doble-a","status":"publish","type":"post","link":"https:\/\/noticel.com\/en\/deportes\/20260904\/estos-son-los-guantes-de-oro-rawlings-2026-del-beisbol-doble-a\/","title":{"rendered":"Estos son los Guantes\u00a0de\u00a0Oro\u00a0Rawlings 2026\u00a0del b\u00e9isbol Doble A"},"content":{"rendered":"<p>La Federaci\u00f3n&nbsp;de&nbsp;B\u00e9isbol&nbsp;de&nbsp;Puerto Rico (FBPR) dio a conocer este jueves los nueve ganadores&nbsp;de&nbsp;los&nbsp;Guantes&nbsp;de&nbsp;Oro&nbsp;Rawlings correspondientes a la temporada 2026&nbsp;de&nbsp;la Liga&nbsp;de&nbsp;B\u00e9isbol Superior Doble A.<\/p>\n\n\n\n<p>Este prestigioso premio ha sido otorgado&nbsp;de&nbsp;manera ininterrumpida por Rawlings y la FBPR desde 1990, reconociendo a los jugadores m\u00e1s destacados defensivamente en cada posici\u00f3n.<\/p>\n\n\n\n<p>El l\u00edder&nbsp;de&nbsp;la lista&nbsp;de&nbsp;este a\u00f1o es encabezada por el lanzador de los Cocoteros de Lo\u00edza, Ra\u00fal Rivera; el tercera base de los Poetas de Juana D\u00edaz, Carlos Rodr\u00edguez y el campocorto de los Artesanos de Las Piedras, Jomar San Inocencio, quienes obtuvieron su tercer galard\u00f3n defensivo.<\/p>\n\n\n\n<p>Rivera fue ganador en 2019 y 2023, Rodr\u00edguez en 2021 y 2022, mientras San Inocencio en 2019 y 2021.<\/p><div class=\"notic-content-middle\" id=\"notic-796943247\"><div class=\"notic-adlabel\">Advertisements<\/div><a data-no-instant=\"1\" href=\"https:\/\/www.asegurate-bien.com\/\" rel=\"noopener\" class=\"a2t-link\" target=\"_blank\" aria-label=\"Acodese-Adaptaciones-Noticel-300&#215;250\"><img loading=\"lazy\" decoding=\"async\" src=\"https:\/\/cdn.noticel.com\/2026\/05\/30094423\/Acodese-Adaptaciones-Noticel-300x250-1.jpg\" alt=\"\"  srcset=\"https:\/\/cdn.noticel.com\/2026\/05\/30094423\/Acodese-Adaptaciones-Noticel-300x250-1.jpg 300w, https:\/\/cdn.noticel.com\/2026\/05\/30094423\/Acodese-Adaptaciones-Noticel-300x250-1-14x12.jpg 14w\" sizes=\"(max-width: 300px) 100vw, 300px\" width=\"300\" height=\"250\"   \/><\/a><\/div>\n\n\n\n<p>Lograron su segundo guante de oro el segunda base de los Mulos de Juncos, Amauri Rodr\u00edguez y el jardinero central de los Petroleros de Pe\u00f1uelas, Alberto Sabater. Rodr\u00edguez lo obtuvo por primera vez en 2018 y Sabater en 2022.<\/p>\n\n\n\n<p>El resto de los cuatro ganadores de la clase 2025 obtuvieron el premio defensivo por primera vez. El receptor ganador fue Johan Mojica, del Melao Melao de Vega Baja; el primera base Christian Rivera, de los Cocoteros de Lo\u00edza; el jardinero izquierdo Osvaldo Torres, de los Toritos de Cayey y el guardabosque derecho Carlos Vicente, de los Libertadores de Hormigueros.<\/p>\n\n\n\n<p>La selecci\u00f3n&nbsp;de&nbsp;los&nbsp;Guantes&nbsp;de&nbsp;Oro&nbsp;2026 se bas\u00f3 en las estad\u00edsticas recopiladas durante la temporada regular, bajo la supervisi\u00f3n&nbsp;de&nbsp;los anotadores oficiales&nbsp;de&nbsp;la FBPR.<\/p>\n\n\n\n<figure class=\"wp-block-image size-large\"><img loading=\"lazy\" decoding=\"async\" width=\"819\" height=\"1024\" src=\"https:\/\/noticel.com\/wp-content\/uploads\/2026\/09\/Guantes-de-Oro-2026-819x1024.png\" alt=\"\" class=\"wp-image-1022511\" srcset=\"https:\/\/noticel.com\/wp-content\/uploads\/2026\/09\/Guantes-de-Oro-2026-819x1024.png 819w, https:\/\/noticel.com\/wp-content\/uploads\/2026\/09\/Guantes-de-Oro-2026-240x300.png 240w, https:\/\/noticel.com\/wp-content\/uploads\/2026\/09\/Guantes-de-Oro-2026-768x960.png 768w, https:\/\/noticel.com\/wp-content\/uploads\/2026\/09\/Guantes-de-Oro-2026-1229x1536.png 1229w\" sizes=\"auto, (max-width: 819px) 100vw, 819px\" \/><\/figure>\n\n\n\n<p><\/p>","protected":false},"excerpt":{"rendered":"<p>La Federaci\u00f3n&nbsp;de&nbsp;B\u00e9isbol&nbsp;de&nbsp;Puerto Rico (FBPR) dio a conocer este jueves los nueve ganadores&nbsp;de&nbsp;los&nbsp;Guantes&nbsp;de&nbsp;Oro&nbsp;Rawlings correspondientes a la temporada 2026&nbsp;de&nbsp;la Liga&nbsp;de&nbsp;B\u00e9isbol Superior Doble A. Este prestigioso premio ha sido otorgado&nbsp;de&nbsp;manera ininterrumpida por Rawlings y la FBPR desde 1990, reconociendo a los jugadores m\u00e1s destacados defensivamente en cada posici\u00f3n. El l\u00edder&nbsp;de&nbsp;la lista&nbsp;de&nbsp;este a\u00f1o es encabezada por el lanzador de [&hellip;]<\/p>","protected":false},"author":100,"featured_media":1022510,"comment_status":"open","ping_status":"open","sticky":false,"template":"","format":"standard","meta":{"_acf_changed":false,"_monsterinsights_skip_tracking":false,"ep_exclude_from_search":false,"footnotes":""},"categories":[32,31],"tags":[314,5931,2505],"class_list":["post-1022509","post","type-post","status-publish","format-standard","has-post-thumbnail","hentry","category-beisbol","category-deportes","tag-beisbol-doble-a","tag-guante-de-oro","tag-temporada-2026"],"acf":[],"aioseo_notices":[],"_links":{"self":[{"href":"https:\/\/noticel.com\/en\/wp-json\/wp\/v2\/posts\/1022509","targetHints":{"allow":["GET"]}}],"collection":[{"href":"https:\/\/noticel.com\/en\/wp-json\/wp\/v2\/posts"}],"about":[{"href":"https:\/\/noticel.com\/en\/wp-json\/wp\/v2\/types\/post"}],"author":[{"embeddable":true,"href":"https:\/\/noticel.com\/en\/wp-json\/wp\/v2\/users\/100"}],"replies":[{"embeddable":true,"href":"https:\/\/noticel.com\/en\/wp-json\/wp\/v2\/comments?post=1022509"}],"version-history":[{"count":1,"href":"https:\/\/noticel.com\/en\/wp-json\/wp\/v2\/posts\/1022509\/revisions"}],"predecessor-version":[{"id":1022514,"href":"https:\/\/noticel.com\/en\/wp-json\/wp\/v2\/posts\/1022509\/revisions\/1022514"}],"wp:featuredmedia":[{"embeddable":true,"href":"https:\/\/noticel.com\/en\/wp-json\/wp\/v2\/media\/1022510"}],"wp:attachment":[{"href":"https:\/\/noticel.com\/en\/wp-json\/wp\/v2\/media?parent=1022509"}],"wp:term":[{"taxonomy":"category","embeddable":true,"href":"https:\/\/noticel.com\/en\/wp-json\/wp\/v2\/categories?post=1022509"},{"taxonomy":"post_tag","embeddable":true,"href":"https:\/\/noticel.com\/en\/wp-json\/wp\/v2\/tags?post=1022509"}],"curies":[{"name":"wp","href":"https:\/\/api.w.org\/{rel}","templated":true}]}}