{"id":1022502,"date":"2026-09-04T06:22:20","date_gmt":"2026-09-04T10:22:20","guid":{"rendered":""},"modified":"2026-09-04T06:29:20","modified_gmt":"2026-09-04T10:29:20","slug":"onda-tropical-traera-mas-lluvia-este-fin-de-semana","status":"publish","type":"post","link":"https:\/\/noticel.com\/en\/noticias\/20260904\/onda-tropical-traera-mas-lluvia-este-fin-de-semana\/","title":{"rendered":"Onda tropical traer\u00e1 m\u00e1s lluvia este fin de semana"},"content":{"rendered":"<p>Una onda tropical d\u00e9bil cruzar\u00e1 la regi\u00f3n hoy y aumentar\u00e1 la actividad de aguaceros, particularmente sobre el interior y oeste de Puerto Rico durante la tarde.<\/p>\n\n\n\n<p>La onda tropical continuar\u00e1 su desplazamiento y la humedad disponible en la atm\u00f3sfera aumentar\u00e1 hasta aproximadamente 1.9 pulgadas para esta noche.<\/p>\n\n\n\n<p>La humedad aumentar\u00e1 durante el fin de semana, lo que producir\u00e1 aguaceros m\u00e1s frecuentes y algunas tronadas, especialmente durante las tardes sobre el oeste de Puerto Rico.<\/p>\n\n\n\n<p>Hay una advertencia de calor vigente desde las 10:00 a. m. hasta las 5:00 p. m. para todo Puerto Rico.<\/p><div class=\"notic-content-middle\" id=\"notic-1159138711\"><div class=\"notic-adlabel\">Advertisements<\/div><a data-no-instant=\"1\" href=\"https:\/\/qrco.de\/bgxd5v\" rel=\"noopener\" class=\"a2t-link\" target=\"_blank\" aria-label=\"DisplayAds-970&#215;2502\"><img loading=\"lazy\" decoding=\"async\" src=\"https:\/\/cdn.noticel.com\/2026\/09\/02200838\/DisplayAds-970x2502-1.jpg\" alt=\"\"  srcset=\"https:\/\/cdn.noticel.com\/2026\/09\/02200838\/DisplayAds-970x2502-1.jpg 970w, https:\/\/cdn.noticel.com\/2026\/09\/02200838\/DisplayAds-970x2502-1-300x77.jpg 300w, https:\/\/cdn.noticel.com\/2026\/09\/02200838\/DisplayAds-970x2502-1-768x198.jpg 768w, https:\/\/cdn.noticel.com\/2026\/09\/02200838\/DisplayAds-970x2502-1-18x5.jpg 18w\" sizes=\"(max-width: 970px) 100vw, 970px\" width=\"970\" height=\"250\"   \/><\/a><\/div>\n\n\n\n<p>Para hoy, aguaceros dispersos, principalmente despu\u00e9s del mediod\u00eda. Mayormente soleado, con temperatura m\u00e1xima cercana a 91 \u00b0F. El \u00edndice de calor podr\u00eda alcanzar 105 \u00b0F. Viento del este entre 6 y 15 mph, con r\u00e1fagas de hasta 20 mph. Probabilidad de lluvia de 40%.<\/p>\n\n\n\n<p>Esta noche, aguaceros dispersos, principalmente entre las 9:00 p. m. y las 3:00 a. m. Parcialmente nublado, con temperatura m\u00ednima cercana a 80 \u00b0F. Viento del sureste entre 6 y 9 mph. Probabilidad de lluvia de 30%.<\/p>\n\n\n\n<p>Durante todo el fin de semana largo prevalecer\u00e1 un riesgo bajo de corrientes marinas en todas las playas.<\/p>","protected":false},"excerpt":{"rendered":"<p>Una onda tropical d\u00e9bil cruzar\u00e1 la regi\u00f3n hoy y aumentar\u00e1 la actividad de aguaceros, particularmente sobre el interior y oeste de Puerto Rico durante la tarde. La onda tropical continuar\u00e1 su desplazamiento y la humedad disponible en la atm\u00f3sfera aumentar\u00e1 hasta aproximadamente 1.9 pulgadas para esta noche. La humedad aumentar\u00e1 durante el fin de semana, [&hellip;]<\/p>","protected":false},"author":101,"featured_media":1022503,"comment_status":"open","ping_status":"open","sticky":false,"template":"","format":"standard","meta":{"_acf_changed":false,"_monsterinsights_skip_tracking":false,"ep_exclude_from_search":false,"footnotes":""},"categories":[18,3],"tags":[163,522],"class_list":["post-1022502","post","type-post","status-publish","format-standard","has-post-thumbnail","hentry","category-el-tiempo","category-noticias","tag-lluvias","tag-temperatura"],"acf":[],"aioseo_notices":[],"_links":{"self":[{"href":"https:\/\/noticel.com\/en\/wp-json\/wp\/v2\/posts\/1022502","targetHints":{"allow":["GET"]}}],"collection":[{"href":"https:\/\/noticel.com\/en\/wp-json\/wp\/v2\/posts"}],"about":[{"href":"https:\/\/noticel.com\/en\/wp-json\/wp\/v2\/types\/post"}],"author":[{"embeddable":true,"href":"https:\/\/noticel.com\/en\/wp-json\/wp\/v2\/users\/101"}],"replies":[{"embeddable":true,"href":"https:\/\/noticel.com\/en\/wp-json\/wp\/v2\/comments?post=1022502"}],"version-history":[{"count":1,"href":"https:\/\/noticel.com\/en\/wp-json\/wp\/v2\/posts\/1022502\/revisions"}],"predecessor-version":[{"id":1022504,"href":"https:\/\/noticel.com\/en\/wp-json\/wp\/v2\/posts\/1022502\/revisions\/1022504"}],"wp:featuredmedia":[{"embeddable":true,"href":"https:\/\/noticel.com\/en\/wp-json\/wp\/v2\/media\/1022503"}],"wp:attachment":[{"href":"https:\/\/noticel.com\/en\/wp-json\/wp\/v2\/media?parent=1022502"}],"wp:term":[{"taxonomy":"category","embeddable":true,"href":"https:\/\/noticel.com\/en\/wp-json\/wp\/v2\/categories?post=1022502"},{"taxonomy":"post_tag","embeddable":true,"href":"https:\/\/noticel.com\/en\/wp-json\/wp\/v2\/tags?post=1022502"}],"curies":[{"name":"wp","href":"https:\/\/api.w.org\/{rel}","templated":true}]}}