{"id":1022487,"date":"2026-09-04T01:50:35","date_gmt":"2026-09-04T05:50:35","guid":{"rendered":""},"modified":"2026-09-04T08:06:49","modified_gmt":"2026-09-04T12:06:49","slug":"prohiben-batallas-de-aura-en-la-inter-por-mantener-valores-cristianos-ecumenicos","status":"publish","type":"post","link":"https:\/\/noticel.com\/en\/noticias\/20260904\/prohiben-batallas-de-aura-en-la-inter-por-mantener-valores-cristianos-ecumenicos\/","title":{"rendered":"Proh\u00edben batallas de aura en la Inter por mantener \u00abvalores cristianos ecum\u00e9nicos\u00bb"},"content":{"rendered":"<p>La Universidad Interamericana (UI), Recinto de San Germ\u00e1n, prohibi\u00f3 las \u00abbatallas de aura\u00bb y el \u00abfarmeo de aura\u00bb dentro de las facilidades institucionales si no fueron previamente evaluadas o autorizadas por la Universidad, seg\u00fan indic\u00f3 el rector Jos\u00e9 Col\u00f3n Gonz\u00e1lez en un comunicado compartido por la instituci\u00f3n el pasado 2 de septiembre.<\/p>\n\n\n\n<p>\u00abAnte el incremento de din\u00e1micas conocidas como &#8216;batallas de aura&#8217;, &#8216;farmeo de aura&#8217; y otras actividades similares, que se han convocado y realizado de manera espont\u00e1nea en espacios universitarios, es necesario reiterar que este tipo de conducta no representa la cultura, los valores ni los postulados que promueve nuestra Universidad\u00bb, explic\u00f3 el rector en el comunicado emitido a la comunidad universitaria del recinto.<\/p>\n\n\n\n<p>En el documento, el rector recalc\u00f3 que el recinto tiene \u00abel firme compromiso de promover un ambiente universitario fundamentado en el respeto, la dignidad humana, la responsabilidad, la sana convivencia, la seguridad y el desarrollo integral de nuestros estudiantes mediante valores cristianos ecum\u00e9nicos\u00bb.<\/p>\n\n\n\n<p>Lo que parece haber generado controversia fueron unos videos que se circularon en las redes donde estudiantes del Recinto de San Germ\u00e1n hac\u00edan sus \u00abbatallas de aura\u00bb, pero en pareja, como si fuera un \u00abperreo\u00bb.<\/p>\n\n\n\n<p>Las batallas de aura se han realizado en distintas universidades alrededor de Puerto Rico, incluyendo la Universidad Sagrado Coraz\u00f3n (USC), la Universidad Ana G. M\u00e9ndez en Caguas, la Universidad Interamericana (UI) y varios recintos de la Universidad de Puerto Rico.<\/p><div class=\"notic-content-middle\" id=\"notic-2934186906\"><div class=\"notic-adlabel\">Advertisements<\/div><a data-no-instant=\"1\" href=\"https:\/\/www.asegurate-bien.com\/\" rel=\"noopener\" class=\"a2t-link\" target=\"_blank\" aria-label=\"Acodese-Adaptaciones-Noticel-970&#215;250\"><img loading=\"lazy\" decoding=\"async\" src=\"https:\/\/cdn.noticel.com\/2026\/05\/30100504\/Acodese-Adaptaciones-Noticel-970x250-1.jpg\" alt=\"\"  srcset=\"https:\/\/cdn.noticel.com\/2026\/05\/30100504\/Acodese-Adaptaciones-Noticel-970x250-1.jpg 970w, https:\/\/cdn.noticel.com\/2026\/05\/30100504\/Acodese-Adaptaciones-Noticel-970x250-1-300x77.jpg 300w, https:\/\/cdn.noticel.com\/2026\/05\/30100504\/Acodese-Adaptaciones-Noticel-970x250-1-768x198.jpg 768w, https:\/\/cdn.noticel.com\/2026\/05\/30100504\/Acodese-Adaptaciones-Noticel-970x250-1-18x5.jpg 18w\" sizes=\"(max-width: 970px) 100vw, 970px\" width=\"970\" height=\"250\"   \/><\/a><\/div>\n\n\n\n<p><strong>\u00bfFarmeando aura?<\/strong><\/p>\n\n\n\n<p>La frase \u00abfarmeando aura\u00bb es un anglicismo de \u00abaura farming\u00bb que en espa\u00f1ol se traducir\u00eda como \u00abcultivo de aura\u00bb. Este t\u00e9rmino se utiliza para describir c\u00f3mo una persona realiza un gesto considerado \u00abimpresionante\u00bb, \u00abatractivo\u00bb y \u00abcool\u00bb para obtener lo que llaman el aura. Aunque totalmente simb\u00f3lico, consiste en hacer acciones que pueden generar la sensaci\u00f3n de \u00abgenialidad\u00bb.<\/p>\n\n\n\n<figure class=\"wp-block-image size-large\"><img loading=\"lazy\" decoding=\"async\" width=\"1024\" height=\"683\" src=\"https:\/\/cdn.noticel.com\/2026\/09\/04015852\/DSC03605-1024x683.jpg\" alt=\"\" class=\"wp-image-1022490\" srcset=\"https:\/\/cdn.noticel.com\/2026\/09\/04015852\/DSC03605-1024x683.jpg 1024w, https:\/\/cdn.noticel.com\/2026\/09\/04015852\/DSC03605-300x200.jpg 300w, https:\/\/cdn.noticel.com\/2026\/09\/04015852\/DSC03605-768x512.jpg 768w, https:\/\/cdn.noticel.com\/2026\/09\/04015852\/DSC03605-1536x1024.jpg 1536w, https:\/\/cdn.noticel.com\/2026\/09\/04015852\/DSC03605-2048x1365.jpg 2048w, https:\/\/cdn.noticel.com\/2026\/09\/04015852\/DSC03605-18x12.jpg 18w\" sizes=\"auto, (max-width: 1024px) 100vw, 1024px\" \/><figcaption class=\"wp-element-caption\"><em><strong>\u00abBatalla de aura\u00bb realizada en la Universidad de Puerto Rico, Recinto de R\u00edo Piedras (UPRRP).<\/strong><\/em><\/figcaption><\/figure>\n\n\n\n<p>El t\u00e9rmino surgi\u00f3 de una tendencia de internet entre la Generaci\u00f3n Z, en la que se re\u00fanen en espacios p\u00fablicos, a veces hasta con personas disfrazadas, para realizar un tipo de competencia de baile donde tratan de impresionar al p\u00fablico para que luego este decida qui\u00e9n gan\u00f3 entre los dos contrincantes.<\/p>\n\n\n\n<p>La tendencia explot\u00f3 a nivel mundial en 2025 tras viralizarse un video de un ni\u00f1o indonesio que navegaba de pie en un bote con una pose relajada y llena de estilo, lo que llev\u00f3 a los usuarios a describir ese magnetismo como \u00abtener aura\u00bb. Desde entonces, tanto el \u00abfarmeo de aura\u00bb como sus \u00abbatallas\u00bb se replicaron r\u00e1pidamente en plataformas como TikTok e Instagram, y de ah\u00ed saltaron a las calles y espacios comunitarios de varios pa\u00edses de Am\u00e9rica Latina, incluyendo Puerto Rico.<\/p>","protected":false},"excerpt":{"rendered":"<p>La Universidad Interamericana (UI), Recinto de San Germ\u00e1n, prohibi\u00f3 las \u00abbatallas de aura\u00bb y el \u00abfarmeo de aura\u00bb dentro de las facilidades institucionales si no fueron previamente evaluadas o autorizadas por la Universidad, seg\u00fan indic\u00f3 el rector Jos\u00e9 Col\u00f3n Gonz\u00e1lez en un comunicado compartido por la instituci\u00f3n el pasado 2 de septiembre. \u00abAnte el incremento [&hellip;]<\/p>","protected":false},"author":4077,"featured_media":1022488,"comment_status":"open","ping_status":"open","sticky":false,"template":"","format":"standard","meta":{"_acf_changed":false,"_monsterinsights_skip_tracking":false,"ep_exclude_from_search":false,"footnotes":""},"categories":[52,3],"tags":[6962,6093],"class_list":["post-1022487","post","type-post","status-publish","format-standard","has-post-thumbnail","hentry","category-entretenimiento","category-noticias","tag-aura-farming","tag-universidades"],"acf":[],"aioseo_notices":[],"_links":{"self":[{"href":"https:\/\/noticel.com\/en\/wp-json\/wp\/v2\/posts\/1022487","targetHints":{"allow":["GET"]}}],"collection":[{"href":"https:\/\/noticel.com\/en\/wp-json\/wp\/v2\/posts"}],"about":[{"href":"https:\/\/noticel.com\/en\/wp-json\/wp\/v2\/types\/post"}],"author":[{"embeddable":true,"href":"https:\/\/noticel.com\/en\/wp-json\/wp\/v2\/users\/4077"}],"replies":[{"embeddable":true,"href":"https:\/\/noticel.com\/en\/wp-json\/wp\/v2\/comments?post=1022487"}],"version-history":[{"count":4,"href":"https:\/\/noticel.com\/en\/wp-json\/wp\/v2\/posts\/1022487\/revisions"}],"predecessor-version":[{"id":1022529,"href":"https:\/\/noticel.com\/en\/wp-json\/wp\/v2\/posts\/1022487\/revisions\/1022529"}],"wp:featuredmedia":[{"embeddable":true,"href":"https:\/\/noticel.com\/en\/wp-json\/wp\/v2\/media\/1022488"}],"wp:attachment":[{"href":"https:\/\/noticel.com\/en\/wp-json\/wp\/v2\/media?parent=1022487"}],"wp:term":[{"taxonomy":"category","embeddable":true,"href":"https:\/\/noticel.com\/en\/wp-json\/wp\/v2\/categories?post=1022487"},{"taxonomy":"post_tag","embeddable":true,"href":"https:\/\/noticel.com\/en\/wp-json\/wp\/v2\/tags?post=1022487"}],"curies":[{"name":"wp","href":"https:\/\/api.w.org\/{rel}","templated":true}]}}