{"id":1022474,"date":"2026-09-04T05:45:00","date_gmt":"2026-09-04T09:45:00","guid":{"rendered":""},"modified":"2026-09-04T06:14:01","modified_gmt":"2026-09-04T10:14:01","slug":"comision-de-gobierno-citara-a-mary-zapata-para-una-vista-publica","status":"publish","type":"post","link":"https:\/\/noticel.com\/en\/noticias\/20260904\/comision-de-gobierno-citara-a-mary-zapata-para-una-vista-publica\/","title":{"rendered":"Comisi\u00f3n de Gobierno citar\u00e1 a Mary Zapata para una vista p\u00fablica"},"content":{"rendered":"<p>La Comisi\u00f3n de Gobierno de la C\u00e1mara de Representantes continuar\u00e1 indagando sobre el proceso que se llev\u00f3 a cabo durante las negociaciones con un consorcio privado para proveer energ\u00eda temporera en Puerto Rico.<\/p>\n\n\n\n<p>V\u00edctor Par\u00e9s, quien preside el comit\u00e9 legislativo, confirm\u00f3 que Juan Gonz\u00e1lez Galarza deber\u00e1 comparecer el 8 de septiembre para una vista ejecutiva luego de reclamar que sus declaraciones deben estar cobijadas bajo el privilegio de abogado cliente.<\/p>\n\n\n\n<p>Gonz\u00e1lez Galarza mantiene m\u00faltiples contratos con m\u00faltiples entidades gubernamentales incluyendo la Autoridad las Alianzas P\u00fablico-Privadas (AAPP), la Autoridad de Energ\u00eda El\u00e9ctrica (AEE) y, a su vez, la oficina del Zar de Energ\u00eda que dirige Josu\u00e9 Col\u00f3n Ortiz.<\/p>\n\n\n\n<p>Col\u00f3n Ortiz relat\u00f3 durante una vista p\u00fablica que le instruy\u00f3 a Gonz\u00e1lez Galarza que atendiera una advertencia levantada por Javier V\u00e1zquez, quien labora para Bufete O\u2019Neill &amp; Borges y reclam\u00f3 que ERock \u201cfue err\u00f3neamente incluida como una de las tres vendedoras bajo el contrato junto con Power Expectations y Reyes Contractor\u201d.<\/p><div class=\"notic-content-middle\" id=\"notic-1880420635\"><div class=\"notic-adlabel\">Advertisements<\/div><a data-no-instant=\"1\" href=\"https:\/\/www.asegurate-bien.com\/\" rel=\"noopener\" class=\"a2t-link\" target=\"_blank\" aria-label=\"Acodese-Adaptaciones-Noticel-300&#215;250\"><img loading=\"lazy\" decoding=\"async\" src=\"https:\/\/cdn.noticel.com\/2026\/05\/30094423\/Acodese-Adaptaciones-Noticel-300x250-1.jpg\" alt=\"\"  srcset=\"https:\/\/cdn.noticel.com\/2026\/05\/30094423\/Acodese-Adaptaciones-Noticel-300x250-1.jpg 300w, https:\/\/cdn.noticel.com\/2026\/05\/30094423\/Acodese-Adaptaciones-Noticel-300x250-1-14x12.jpg 14w\" sizes=\"(max-width: 300px) 100vw, 300px\" width=\"300\" height=\"250\"   \/><\/a><\/div>\n\n\n\n<p>Gonz\u00e1lez Galarza reconoci\u00f3 que se comunic\u00f3 con V\u00e1zquez y refiri\u00f3 la preocupaci\u00f3n a Osvaldo Carlo Linares, de Regulatory Compliance Services, com\u00fanmente conocida como el 3PPO. Sin embargo, admiti\u00f3 que la conversaci\u00f3n se llev\u00f3 a cabo de manera virtual y la misma no fue grabada para r\u00e9cord.<\/p>\n\n\n\n<p>Por ello, Gonz\u00e1lez Galarza fue citado por el representante Par\u00e9s para que responda las interrogantes de los integrantes de la Comisi\u00f3n durante una vista ejecutiva. Tanto Deis M\u00e1rquez como H\u00e9ctor Ferrer argumentaron que no exist\u00eda base para invocar privilegios profesionales para que las declaraciones sean a puerta cerrada, pero Par\u00e9s decret\u00f3 un \u2018no ha lugar\u2019. &nbsp;<\/p>\n\n\n\n<p>Mientras tanto, Maricarmen Zapata Acosta, exdirectora ejecutiva de la Autoridad de Energ\u00eda El\u00e9ctrica (AEE), tambi\u00e9n ser\u00e1 citada para una vista p\u00fablica al igual que Carlo Linares.<\/p>\n\n\n\n<p>Zapata Acosta present\u00f3 su carta de renuncia que fue aceptada un\u00e1nimemente por la Junta de Gobierno de la AEE.<\/p>","protected":false},"excerpt":{"rendered":"<p>La Comisi\u00f3n de Gobierno de la C\u00e1mara de Representantes continuar\u00e1 indagando sobre el proceso que se llev\u00f3 a cabo durante las negociaciones con un consorcio privado para proveer energ\u00eda temporera en Puerto Rico. V\u00edctor Par\u00e9s, quien preside el comit\u00e9 legislativo, confirm\u00f3 que Juan Gonz\u00e1lez Galarza deber\u00e1 comparecer el 8 de septiembre para una vista ejecutiva [&hellip;]<\/p>","protected":false},"author":93,"featured_media":1022476,"comment_status":"open","ping_status":"open","sticky":false,"template":"","format":"standard","meta":{"_acf_changed":false,"_monsterinsights_skip_tracking":false,"ep_exclude_from_search":false,"footnotes":""},"categories":[5,3],"tags":[200,449,622],"class_list":["post-1022474","post","type-post","status-publish","format-standard","has-post-thumbnail","hentry","category-legislatura","category-noticias","tag-aee","tag-camara-de-representantes","tag-energia-2"],"acf":[],"aioseo_notices":[],"_links":{"self":[{"href":"https:\/\/noticel.com\/en\/wp-json\/wp\/v2\/posts\/1022474","targetHints":{"allow":["GET"]}}],"collection":[{"href":"https:\/\/noticel.com\/en\/wp-json\/wp\/v2\/posts"}],"about":[{"href":"https:\/\/noticel.com\/en\/wp-json\/wp\/v2\/types\/post"}],"author":[{"embeddable":true,"href":"https:\/\/noticel.com\/en\/wp-json\/wp\/v2\/users\/93"}],"replies":[{"embeddable":true,"href":"https:\/\/noticel.com\/en\/wp-json\/wp\/v2\/comments?post=1022474"}],"version-history":[{"count":4,"href":"https:\/\/noticel.com\/en\/wp-json\/wp\/v2\/posts\/1022474\/revisions"}],"predecessor-version":[{"id":1022501,"href":"https:\/\/noticel.com\/en\/wp-json\/wp\/v2\/posts\/1022474\/revisions\/1022501"}],"wp:featuredmedia":[{"embeddable":true,"href":"https:\/\/noticel.com\/en\/wp-json\/wp\/v2\/media\/1022476"}],"wp:attachment":[{"href":"https:\/\/noticel.com\/en\/wp-json\/wp\/v2\/media?parent=1022474"}],"wp:term":[{"taxonomy":"category","embeddable":true,"href":"https:\/\/noticel.com\/en\/wp-json\/wp\/v2\/categories?post=1022474"},{"taxonomy":"post_tag","embeddable":true,"href":"https:\/\/noticel.com\/en\/wp-json\/wp\/v2\/tags?post=1022474"}],"curies":[{"name":"wp","href":"https:\/\/api.w.org\/{rel}","templated":true}]}}