{"id":1022464,"date":"2026-09-03T22:20:12","date_gmt":"2026-09-04T02:20:12","guid":{"rendered":""},"modified":"2026-09-03T22:23:36","modified_gmt":"2026-09-04T02:23:36","slug":"arrestan-en-gurabo-a-hombre-vinculado-al-asesinato-del-joven-maestro-de-carolina","status":"publish","type":"post","link":"https:\/\/noticel.com\/en\/noticias\/20260903\/arrestan-en-gurabo-a-hombre-vinculado-al-asesinato-del-joven-maestro-de-carolina\/","title":{"rendered":"Arrestan en Gurabo a hombre vinculado al asesinato del joven maestro de Carolina"},"content":{"rendered":"<p><\/p>\n\n\n\n<p>Las autoridades arrestaron durante la noche del jueves a un hombre que estar\u00eda vinculado presuntamente con el asesinato del maestro de Educaci\u00f3n Especial, Sebasti\u00e1n Luicarl Martel Torres, de 26 a\u00f1os, ocurrido la madrugada del pasado s\u00e1bado en Carolina.<\/p>\n\n\n\n<p>El arresto se produjo en Gurabo, como parte de la investigaci\u00f3n que llevan a cabo las autoridades sobre el ataque a tiros registrado cerca de las 2:17 a.m. frente a Building LLC, en la carretera PR-860.<\/p><div class=\"notic-content-middle\" id=\"notic-245941112\"><div class=\"notic-adlabel\">Advertisements<\/div><a data-no-instant=\"1\" href=\"https:\/\/qrco.de\/bgxd5v\" rel=\"noopener\" class=\"a2t-link\" target=\"_blank\" aria-label=\"300X600-SEBUSCA2\"><img loading=\"lazy\" decoding=\"async\" src=\"https:\/\/cdn.noticel.com\/2026\/09\/02194415\/300X600-SEBUSCA2.jpg\" alt=\"\"  srcset=\"https:\/\/cdn.noticel.com\/2026\/09\/02194415\/300X600-SEBUSCA2.jpg 300w, https:\/\/cdn.noticel.com\/2026\/09\/02194415\/300X600-SEBUSCA2-150x300.jpg 150w, https:\/\/cdn.noticel.com\/2026\/09\/02194415\/300X600-SEBUSCA2-6x12.jpg 6w\" sizes=\"(max-width: 300px) 100vw, 300px\" width=\"300\" height=\"600\"   \/><\/a><\/div>\n\n\n\n<p>De acuerdo con la informaci\u00f3n preliminar, durante la intervenci\u00f3n tambi\u00e9n fue ocupado un veh\u00edculo que estar\u00eda relacionado con la investigaci\u00f3n.<\/p>\n\n\n\n<p>La identidad del detenido no hab\u00eda sido divulgada al momento. Sin embargo, trascendi\u00f3 que se trata de un hombre de aproximadamente 54 a\u00f1os.<\/p>","protected":false},"excerpt":{"rendered":"<p>Las autoridades arrestaron durante la noche del jueves a un hombre que estar\u00eda vinculado presuntamente con el asesinato del maestro de Educaci\u00f3n Especial, Sebasti\u00e1n Luicarl Martel Torres, de 26 a\u00f1os, ocurrido la madrugada del pasado s\u00e1bado en Carolina. El arresto se produjo en Gurabo, como parte de la investigaci\u00f3n que llevan a cabo las autoridades [&hellip;]<\/p>","protected":false},"author":92,"featured_media":1012277,"comment_status":"open","ping_status":"open","sticky":false,"template":"","format":"standard","meta":{"_acf_changed":false,"_monsterinsights_skip_tracking":false,"ep_exclude_from_search":false,"footnotes":""},"categories":[4,3],"tags":[729,261,6961],"class_list":["post-1022464","post","type-post","status-publish","format-standard","has-post-thumbnail","hentry","category-gobierno","category-noticias","tag-carolina","tag-gurabo","tag-maestro"],"acf":[],"aioseo_notices":[],"_links":{"self":[{"href":"https:\/\/noticel.com\/en\/wp-json\/wp\/v2\/posts\/1022464","targetHints":{"allow":["GET"]}}],"collection":[{"href":"https:\/\/noticel.com\/en\/wp-json\/wp\/v2\/posts"}],"about":[{"href":"https:\/\/noticel.com\/en\/wp-json\/wp\/v2\/types\/post"}],"author":[{"embeddable":true,"href":"https:\/\/noticel.com\/en\/wp-json\/wp\/v2\/users\/92"}],"replies":[{"embeddable":true,"href":"https:\/\/noticel.com\/en\/wp-json\/wp\/v2\/comments?post=1022464"}],"version-history":[{"count":2,"href":"https:\/\/noticel.com\/en\/wp-json\/wp\/v2\/posts\/1022464\/revisions"}],"predecessor-version":[{"id":1022467,"href":"https:\/\/noticel.com\/en\/wp-json\/wp\/v2\/posts\/1022464\/revisions\/1022467"}],"wp:featuredmedia":[{"embeddable":true,"href":"https:\/\/noticel.com\/en\/wp-json\/wp\/v2\/media\/1012277"}],"wp:attachment":[{"href":"https:\/\/noticel.com\/en\/wp-json\/wp\/v2\/media?parent=1022464"}],"wp:term":[{"taxonomy":"category","embeddable":true,"href":"https:\/\/noticel.com\/en\/wp-json\/wp\/v2\/categories?post=1022464"},{"taxonomy":"post_tag","embeddable":true,"href":"https:\/\/noticel.com\/en\/wp-json\/wp\/v2\/tags?post=1022464"}],"curies":[{"name":"wp","href":"https:\/\/api.w.org\/{rel}","templated":true}]}}