{"id":1022458,"date":"2026-09-04T05:46:00","date_gmt":"2026-09-04T09:46:00","guid":{"rendered":""},"modified":"2026-09-03T23:07:28","modified_gmt":"2026-09-04T03:07:28","slug":"ee-uu-investiga-un-ataque-mortal-a-una-boda-irani-y-afirma-que-nunca-ataca-a-civiles","status":"publish","type":"post","link":"https:\/\/noticel.com\/en\/noticias\/20260904\/ee-uu-investiga-un-ataque-mortal-a-una-boda-irani-y-afirma-que-nunca-ataca-a-civiles\/","title":{"rendered":"EE.UU. investiga un ataque mortal a una boda iran\u00ed y afirma que \u00abnunca ataca a civiles\u00bb"},"content":{"rendered":"<p><\/p>\n\n\n\n<p>WASHINGTON \u2014 El vicepresidente de Estados Unidos, JD Vance, confirm\u00f3 este jueves que su pa\u00eds realiza una investigaci\u00f3n \u00abexhaustiva\u00bb sobre el ataque estadounidense a una boda en Ir\u00e1n que caus\u00f3 la muerte a cuatro personas, entre ellas un ni\u00f1o, y asegur\u00f3 que Washington \u00abnunca ataca civiles\u00bb durante un combate.<\/p>\n\n\n\n<p>Vance se mostr\u00f3 \u00absumamente esc\u00e9ptico\u00bb con la manera en que los medios estatales iran\u00edes han informado sobre los ataques, que Teher\u00e1n califica como \u00abcr\u00edmenes de guerra\u00bb y donde resultaron heridas 68 personas, seg\u00fan las autoridades del pa\u00eds persa.<\/p>\n\n\n\n<p>\u00abLo que puedo afirmar con total seguridad es que, a diferencia de la Guardia Revolucionaria iran\u00ed, Estados Unidos nunca ataca a civiles durante los combates. Jam\u00e1s lo haremos. Nunca lo hemos hecho. Y, lamentablemente, es evidente que a veces ocurren incidentes\u00bb, dijo durante una rueda de prensa en la Casa Blanca.<\/p>\n\n\n\n<p>El &#8216;n\u00famero dos&#8217; del president, Donald Trump insisti\u00f3 en que Estados Unidos no dispone \u00abde informaci\u00f3n concluyente en un sentido u otro\u00bb.<\/p>\n\n\n\n<p>\u00abEstamos investigando el asunto porque, obviamente, nos importa. Queremos saber qu\u00e9 ha pasado y, si cometemos errores, y aqu\u00ed radica una gran diferencia entre nosotros e Ir\u00e1n, nuestro Ej\u00e9rcito aprende de ellos para tratar de mejorar. Por eso estamos llevando a cabo una investigaci\u00f3n exhaustiva\u00bb, aclar\u00f3.<\/p>\n\n\n\n<p>En la noche del pasado martes, proyectiles estadounidenses alcanzaron una vivienda donde se celebraba una boda en el pueblo de Kuhestak de la sure\u00f1a provincia de Hormozgan.<\/p><div class=\"notic-content-middle\" id=\"notic-1983603403\"><div class=\"notic-adlabel\">Advertisements<\/div><a data-no-instant=\"1\" href=\"https:\/\/www.asegurate-bien.com\/\" rel=\"noopener\" class=\"a2t-link\" target=\"_blank\" aria-label=\"Acodese-Adaptaciones-Noticel-300&#215;250\"><img loading=\"lazy\" decoding=\"async\" src=\"https:\/\/cdn.noticel.com\/2026\/05\/30094423\/Acodese-Adaptaciones-Noticel-300x250-1.jpg\" alt=\"\"  srcset=\"https:\/\/cdn.noticel.com\/2026\/05\/30094423\/Acodese-Adaptaciones-Noticel-300x250-1.jpg 300w, https:\/\/cdn.noticel.com\/2026\/05\/30094423\/Acodese-Adaptaciones-Noticel-300x250-1-14x12.jpg 14w\" sizes=\"(max-width: 300px) 100vw, 300px\" width=\"300\" height=\"250\"   \/><\/a><\/div>\n\n\n\n<p>En el ataque murieron cuatro personas, incluido un ni\u00f1o de cuatro a\u00f1os. De los 68 heridos, 50 fueron hospitalizados, seg\u00fan las cifras oficiales.<\/p>\n\n\n\n<p>\u00abEstos brutales cr\u00edmenes de guerra, que constituyen una grave violaci\u00f3n de los principios fundamentales del derecho internacional, recuerdan a cr\u00edmenes anteriores cometidos por estadounidenses-sionistas durante el \u00faltimo a\u00f1o y medio, incluidos los de Minab y Lamerd\u00bb, dijo el mi\u00e9rcoles el ministerio de Exteriores iran\u00ed.<\/p>\n\n\n\n<p>Teher\u00e1n compar\u00f3 el ataque con los que causaron la muerte de 168 estudiantes y profesores en la sure\u00f1a ciudad de Minab y otro que dej\u00f3 21 fallecidos en la tambi\u00e9n sure\u00f1a zona de Lamerd en el primer d\u00eda de la guerra el 28 de febrero.<\/p>\n\n\n\n<p>En julio pasado, la Casa Blanca confirm\u00f3 que el Pent\u00e1gono contin\u00faa investigando el ataque a la escuela de Minab.<\/p>\n\n\n\n<p>La guerra entre Ir\u00e1n y Estados Unidos se ha intensificado estos d\u00edas, reci\u00e9n cumplidos los seis meses del conflicto, con los ataques estadounidenses m\u00e1s duros en m\u00e1s de un mes contra cinco provincias iran\u00edes que causaron casi una veintena de muertos.<\/p>\n\n\n\n<p>Este jueves el Gobierno iran\u00ed cifr\u00f3 en 18 muertos, incluidas dos mujeres y un ni\u00f1o, y aument\u00f3 a 142 los heridos por los recientes bombardeos estadounidenses.<\/p>","protected":false},"excerpt":{"rendered":"<p>WASHINGTON \u2014 El vicepresidente de Estados Unidos, JD Vance, confirm\u00f3 este jueves que su pa\u00eds realiza una investigaci\u00f3n \u00abexhaustiva\u00bb sobre el ataque estadounidense a una boda en Ir\u00e1n que caus\u00f3 la muerte a cuatro personas, entre ellas un ni\u00f1o, y asegur\u00f3 que Washington \u00abnunca ataca civiles\u00bb durante un combate. Vance se mostr\u00f3 \u00absumamente esc\u00e9ptico\u00bb con [&hellip;]<\/p>","protected":false},"author":102,"featured_media":1022459,"comment_status":"open","ping_status":"open","sticky":false,"template":"","format":"standard","meta":{"_acf_changed":false,"_monsterinsights_skip_tracking":false,"ep_exclude_from_search":false,"footnotes":""},"categories":[16,3],"tags":[120,117],"class_list":["post-1022458","post","type-post","status-publish","format-standard","has-post-thumbnail","hentry","category-estados-unidos","category-noticias","tag-donald-trump","tag-estados-unidos"],"acf":[],"aioseo_notices":[],"_links":{"self":[{"href":"https:\/\/noticel.com\/en\/wp-json\/wp\/v2\/posts\/1022458","targetHints":{"allow":["GET"]}}],"collection":[{"href":"https:\/\/noticel.com\/en\/wp-json\/wp\/v2\/posts"}],"about":[{"href":"https:\/\/noticel.com\/en\/wp-json\/wp\/v2\/types\/post"}],"author":[{"embeddable":true,"href":"https:\/\/noticel.com\/en\/wp-json\/wp\/v2\/users\/102"}],"replies":[{"embeddable":true,"href":"https:\/\/noticel.com\/en\/wp-json\/wp\/v2\/comments?post=1022458"}],"version-history":[{"count":1,"href":"https:\/\/noticel.com\/en\/wp-json\/wp\/v2\/posts\/1022458\/revisions"}],"predecessor-version":[{"id":1022460,"href":"https:\/\/noticel.com\/en\/wp-json\/wp\/v2\/posts\/1022458\/revisions\/1022460"}],"wp:featuredmedia":[{"embeddable":true,"href":"https:\/\/noticel.com\/en\/wp-json\/wp\/v2\/media\/1022459"}],"wp:attachment":[{"href":"https:\/\/noticel.com\/en\/wp-json\/wp\/v2\/media?parent=1022458"}],"wp:term":[{"taxonomy":"category","embeddable":true,"href":"https:\/\/noticel.com\/en\/wp-json\/wp\/v2\/categories?post=1022458"},{"taxonomy":"post_tag","embeddable":true,"href":"https:\/\/noticel.com\/en\/wp-json\/wp\/v2\/tags?post=1022458"}],"curies":[{"name":"wp","href":"https:\/\/api.w.org\/{rel}","templated":true}]}}