{"id":1022376,"date":"2026-09-05T09:16:40","date_gmt":"2026-09-05T13:16:40","guid":{"rendered":""},"modified":"2026-09-05T09:31:15","modified_gmt":"2026-09-05T13:31:15","slug":"segundo-de-una-serie-el-ataque-del-9-11-fue-el-poder-de-la-maldad-segun-sila-maria-calderon","status":"publish","type":"post","link":"https:\/\/noticel.com\/en\/noticias\/20260905\/segundo-de-una-serie-el-ataque-del-9-11-fue-el-poder-de-la-maldad-segun-sila-maria-calderon\/","title":{"rendered":"Segundo de una serie: El ataque del 9\/11 \u201cfue el poder de la maldad\u201d, seg\u00fan Sila Mar\u00eda Calder\u00f3n"},"content":{"rendered":"<p><strong>Por Marvin Fonseca \/ Especial para NotiCel<\/strong><\/p>\n\n\n\n<p><em>NOTA DEL EDITOR: Esto es parte de una serie de nueve art\u00edculos preparados por el veterano periodista Marvin Fonseca en conmemoraci\u00f3n al ataque a las Torres Gemelas de Nueva York, evento en el que varios periodistas puertorrique\u00f1os, destacados originalmente para un evento deportivo, se vieron obligados en entrar a una cobertura distinta e inesperada. <\/em><\/p>\n\n\n\n<p><\/p>\n\n\n\n<p>El ataque a las Torres Gemelas de Nueva York \u201cfue el poder de la maldad, fue algo impresionante\u201d, afirm\u00f3 la exgobernadora Sila Mar\u00eda Calder\u00f3n, al recordar el momento del 11 de septiembre de 2001, cuando era la entonces mandataria de Puerto Rico.<\/p>\n\n\n\n<p>En una entrevista realizada en su oficina de la Fundaci\u00f3n Sila Mar\u00eda Calder\u00f3n en marzo de 2026, record\u00f3 que \u201cfue mi primer a\u00f1o como gobernadora. Hab\u00eda asistido al Desfile Puertorrique\u00f1o de Nueva York, un evento de tanta felicidad para m\u00ed. Ese d\u00eda, estando en La Fortaleza, al lado del Sal\u00f3n del Trono, en una oficina adjunta, uno de mis ayudantes me indic\u00f3 que prendiera el televisor. Fue algo impresionante ver el contraste de lo que hab\u00eda vivido en Nueva York en el Desfile Puertorrique\u00f1o con esa cosa tan horrorosa de lo que estaba pasando en ese momento del 11 de septiembre de 2001\u201d.<\/p>\n\n\n\n<p>La exgobernadora record\u00f3 que ten\u00eda a todo su equipo financiero en Nueva York, en el edificio del Chase Manhattan Bank en unas gestiones oficiales. Su equipo financiero estaba compuesto por Juan Agosto Alicea, Juan Flores Galarza, entonces el secretario de Hacienda, Melba Acosta, de la Oficina de Presupuesto, Ram\u00f3n Cantero Frau, del Banco de Gubernamental de Fomento, Karolee Garc\u00eda, H\u00e9ctor M\u00e9ndez Joan, Jos\u00e9 Rodr\u00edguez y Salm\u00e9 Galib, quienes tuvieron que salir corriendo del edificio aquella ma\u00f1ana.<\/p>\n\n\n\n<p>Aunque no estaban en los edificios de las Torres Gemelas, las chispas de la explosi\u00f3n le llegaron. \u201cMe acuerdo de que Cantero Frau me dijo que sali\u00f3 corriendo, pero en el proceso encontr\u00f3 una mujer en el piso que estaba sangrando, se quit\u00f3 la corbata le hizo un torniquete y sigui\u00f3 corriendo. Ellos vivieron algo sumamente espantoso\u201d.<\/p>\n\n\n\n<p>Con todo lo que estaba sucediendo, al mismo tiempo comenz\u00f3 a organizar un \u201cTask Force\u201d para llevar ayuda inmediata hacia la Ciudad de los Rascacielos. En menos de 24 horas, logr\u00f3 enviar 72 pintas de sangre suplidas por la Cruz Roja Americana en Puerto Rico. El suplido de sangre fue la ayuda m\u00e1s vital y urgente solicitada por las autoridades de Nueva York.<\/p>\n\n\n\n<p>En el primer grupo de puertorrique\u00f1os consisti\u00f3 en 25 integrantes de b\u00fasqueda y rescate perteneciente a la Agencia Estatal de Manejo de Emergencias a cargo de Jaime Rivero Feliciano, director de dicha agencia. La coordinaci\u00f3n para esta misi\u00f3n del pueblo de Puerto Rico se realiz\u00f3 a trav\u00e9s de la oficina del gobernador de NY, George Pataki y el general Thomas McGuire, de la Guardia Nacional del Estado de NY.<\/p>\n\n\n\n<p>A pregunta de cu\u00e1nto fue la cantidad de invertida en la emergencia hacia Nueva York, la exgobernadora indic\u00f3 que no se acordaba, pero que igualmente no importar\u00eda la cantidad que se ten\u00eda que gastar para la ayuda de emergencia con la Ciudad.<\/p>\n\n\n\n<p><strong>\u00bfQu\u00e9 ha significado para usted como ser humano y como gobernadora haber participado en un evento como ese?<\/strong><\/p>\n\n\n\n<p><strong>SMC-<\/strong> \u00abLo que signific\u00f3 para m\u00ed dicho evento fue el poder de la maldad, pero lo m\u00e1s importante, era el valor de la vida humana y la ayuda mutua de las personas que fueron objeto de los ataques y como se ayudaron mutuamente. Por ejemplo, la an\u00e9cdota de la persona que estaba corriendo, de momento ve una persona en el piso sangrando, se detiene para ayudarla y luego contin\u00faa corriendo\u00bb.<\/p>\n\n\n\n<p>\u00abPuerto Rico fue el primero en llegar al desastre afuera de Nueva York para ofrecer ayuda, con un grupo de 40 personas que incluy\u00f3 m\u00e9dicos, param\u00e9dicos, polic\u00edas, bomberos, expertos en rescate y otros profesionales de primer ayuda, hasta perros entrenados para b\u00fasqueda de personas.\u00a0 Recib\u00ed una llamada con el gobernador Pataki solicitando la ayuda y comenzamos a coordinar con las autoridades del Estado. Las 40 personas fueron en un avi\u00f3n especial de la Guardia Nacional de Puerto Rico y a su regreso se le hizo un reconocimiento\u00bb.\u00a0<\/p>\n\n\n\n<p>\u00abLuego de haber coordinado todo, C\u00e9sar Miranda, secretario de la Gobernaci\u00f3n en ese momento, continu\u00f3 con las conversaciones diarias con el gobernador de Nueva York. El grupo de puertorrique\u00f1os estaba bien organizado y recibi\u00f3 muchos halagos por su trabajo en el desastre\u00bb.<\/p>\n\n\n\n<p><strong>Puerto Rico enfrent\u00f3 problemas financieros<\/strong><\/p>\n\n\n\n<p>La exgobernadora dijo que uno de los problemas m\u00e1s grande que enfrent\u00f3 Puerto Rico en ese momento fue el financiero y \u201cpuedo decir que hicimos un gran trabajo. Coordinamos con la banca local para mover efectivo desde Nueva York a Puerto Rico, gracias a la ayuda de la Asociaci\u00f3n de Bancos de Puerto Rico y su vicepresidente Arturo Carri\u00f3n. El primer cargamento se trajo en un avi\u00f3n de la Guardia Nacional porque no hab\u00eda efectivo. Usamos el avi\u00f3n de la Guardia Nacional, porque las aerol\u00edneas comerciales estaban detenidas por el ataque terrorista\u201d.<\/p><div class=\"notic-content-middle\" id=\"notic-3351309862\"><div class=\"notic-adlabel\">Advertisements<\/div><a data-no-instant=\"1\" href=\"https:\/\/qrco.de\/bgxd5v\" rel=\"noopener\" class=\"a2t-link\" target=\"_blank\" aria-label=\"DisplayAds-970&#215;2502\"><img loading=\"lazy\" decoding=\"async\" src=\"https:\/\/cdn.noticel.com\/2026\/09\/02200838\/DisplayAds-970x2502-1.jpg\" alt=\"\"  srcset=\"https:\/\/cdn.noticel.com\/2026\/09\/02200838\/DisplayAds-970x2502-1.jpg 970w, https:\/\/cdn.noticel.com\/2026\/09\/02200838\/DisplayAds-970x2502-1-300x77.jpg 300w, https:\/\/cdn.noticel.com\/2026\/09\/02200838\/DisplayAds-970x2502-1-768x198.jpg 768w, https:\/\/cdn.noticel.com\/2026\/09\/02200838\/DisplayAds-970x2502-1-18x5.jpg 18w\" sizes=\"(max-width: 970px) 100vw, 970px\" width=\"970\" height=\"250\"   \/><\/a><\/div>\n\n\n\n<p>Agreg\u00f3 que despu\u00e9s que se normaliz\u00f3 la actividad econ\u00f3mica en Wall Street, Pataki la invit\u00f3 como oradora a una actividad de los financieros de la ciudad. \u201cFue interesante porque est\u00e1bamos todos tan serios, yo con mi discurso trat\u00e9 de animarlos, pero fue dif\u00edcil, fue en una casa de corretaje en Wall Street\u201d.<\/p>\n\n\n\n<p>Por otro lado, sostuvo que para ese momento su hijo Francisco Gonz\u00e1lez, trabajaba en Wall Street cuando ocurri\u00f3 el ataque, y no sab\u00eda de \u00e9l, ten\u00eda conocimiento de todo su staff, pero de \u00e9l no. \u201cFue muy preocupante y dif\u00edcil, hasta que me llam\u00f3 cerca de las 4:00 de la tarde. \u00c9l trabajaba en la empresa Goldman Sachs\u201d.<\/p>\n\n\n\n<p>\u201cComo madre, estaba preocupada, aunque sab\u00eda que no estaba cerca de las Torres Gemelas. Yo no pens\u00e9 que le hab\u00eda pasado algo malo, porque mi hijo es muy listo, estaba reci\u00e9n graduado de la Universidad de Harvard en Administraci\u00f3n de Empresas. Nunca sufr\u00ed por su ausencia, aunque estaba preocupada. \u00c9l estuvo varios a\u00f1os en M\u00e9xico, luego regres\u00f3 a Harvard para estudiar la maestr\u00eda en Administraci\u00f3n de Empresas y Leyes, pero no le gust\u00f3 leyes y se qued\u00f3 en negocios\u201d record\u00f3 Calder\u00f3n.<\/p>\n\n\n\n<p>Calder\u00f3n dijo que nunca supo oficialmente cu\u00e1ntos puertorrique\u00f1os murieron en el ataque terrorista de Nueva York aquel 11 de septiembre y al momento de redactar esta entrevista no se ten\u00eda un n\u00famero oficial.<\/p>\n\n\n\n<p><strong>Sobre alg\u00fan reconocimiento por ayuda a la ciudad de Nueva York<\/strong><\/p>\n\n\n\n<p>A\u00f1adi\u00f3 que no recibi\u00f3 un reconocimiento como gobernadora por su apoyo a Nueva York. \u201cEn cierta medida, la salida de la Marina de Estados Unidos de Vieques tuvo m\u00e1s impacto que la ayuda a Nueva York. -La Marina de Guerra de los Estados Unidos abandon\u00f3 oficialmente la isla de Vieques el 1 de mayo de 2003. Esta salida puso fin a m\u00e1s de 60 a\u00f1os de maniobras militares y bombardeos en la isla municipio, tras una intensa lucha civil y pol\u00edtica-. Las universidades de Estados Unidos lo vieron con gran importancia\u201d.<\/p>\n\n\n\n<p><strong>Sobre realizar un monumento en honor a los ca\u00eddos<\/strong><\/p>\n\n\n\n<p>Dijo que no se pens\u00f3 en ese momento. \u201cCreo que el problema econ\u00f3mico y financiero era de tal magnitud, que capt\u00f3 toda la atenci\u00f3n de mi administraci\u00f3n. Me parece raro que no se hubiera hecho un memorial de los puertorrique\u00f1os ca\u00eddos. Est\u00e1bamos pensando m\u00e1s en la recuperaci\u00f3n\u00bb.<\/p>\n\n\n\n<p>En Puerto Rico, solo han realizado algunas peque\u00f1as ceremonias en diferentes lugares. Se dice que hay una placa en la Iglesia Santa Teresita, y que la C\u00e1mara de Representantes hizo un reconocimiento a los primeros respondedores que participaron de los rescates en la ciudad.<\/p>\n\n\n\n<p><strong>Lista de puertorrique\u00f1os fallecidos en los ataques terroristas del 9\/11<\/strong><\/p>\n\n\n\n<p>Luego de 25 a\u00f1os del ataque a las Torres Gemelas, no se sabe oficialmente cu\u00e1ntos puertorrique\u00f1os murieron en ese fat\u00eddico 11 de septiembre de 2011.<\/p>\n\n\n\n<p>Existen muchos datos no oficiales y una lista de cu\u00e1ntos fueron los ca\u00eddos, que suman la cifra de 43 personas, la cual proviene de una investigaci\u00f3n comunitaria de Puerto Rico News Journal y publicada en varias diarios de Puerto Rico. \u00a0<\/p>\n\n\n\n<p><strong>Puertorrique\u00f1os fallecidos en las Torres Gemelas<\/strong><\/p>\n\n\n\n<p>Algunos de los nombres confirmados fueron: Alexis Leduc, Ana Iris Medina, Ana Mercedes Centeno, \u00c1ngel M Pab\u00f3n Jr., Anna A. Laverly, Ayleen J. Santiago, Carmen M. Rodr\u00edguez, Carlos R. Lillo, Carlos Segarra, Daniel Lugo, Dennis Mojica, Diana Borrero Padr\u00f3, Edna Cintr\u00f3n, Efra\u00edn Romero Sr., F\u00e9lix Antonio Vale, Francisco Cruz Cubero, Isa\u00edas Rivera, Iv\u00e1n Antonio P\u00e9rez, Iv\u00e1n Vale, Jes\u00fas S\u00e1nchez, Jos\u00e9 O. Calder\u00f3n Olmedo, Jorge Vel\u00e1zquez, Juan Garc\u00eda, Juan Nieves Jr., Judith B. D\u00edaz Sierra, Lillian C\u00e1ceres, Linda Ivelisse Rivera, Matthew D\u00edaz, Milagros Hormada, Norberto Hern\u00e1ndez, Paula De Cola, Peter Vega, Ram\u00f3n Su\u00e1rez, Raymond S\u00e1nchez, Rosa Julia Gonz\u00e1lez, Rosa Mar\u00eda Feliciano, Santos Valent\u00edn, Santos V\u00e1zquez, Sonia Mercedes Morales, V\u00edctor Daniel Barbosa, Waleska Mart\u00ednez, Wanda Ivelisse Prince y William Valc\u00e1rcel.<\/p>\n\n\n\n<p><\/p>","protected":false},"excerpt":{"rendered":"<p>Por Marvin Fonseca \/ Especial para NotiCel NOTA DEL EDITOR: Esto es parte de una serie de nueve art\u00edculos preparados por el veterano periodista Marvin Fonseca en conmemoraci\u00f3n al ataque a las Torres Gemelas de Nueva York, evento en el que varios periodistas puertorrique\u00f1os, destacados originalmente para un evento deportivo, se vieron obligados en entrar [&hellip;]<\/p>","protected":false},"author":4599,"featured_media":1022405,"comment_status":"open","ping_status":"open","sticky":false,"template":"","format":"standard","meta":{"_acf_changed":false,"_monsterinsights_skip_tracking":false,"ep_exclude_from_search":false,"footnotes":""},"categories":[3],"tags":[6951,833,6954],"class_list":["post-1022376","post","type-post","status-publish","format-standard","has-post-thumbnail","hentry","category-noticias","tag-6951","tag-nueva-york","tag-sila-maria-calderon-3"],"acf":[],"aioseo_notices":[],"_links":{"self":[{"href":"https:\/\/noticel.com\/en\/wp-json\/wp\/v2\/posts\/1022376","targetHints":{"allow":["GET"]}}],"collection":[{"href":"https:\/\/noticel.com\/en\/wp-json\/wp\/v2\/posts"}],"about":[{"href":"https:\/\/noticel.com\/en\/wp-json\/wp\/v2\/types\/post"}],"author":[{"embeddable":true,"href":"https:\/\/noticel.com\/en\/wp-json\/wp\/v2\/users\/4599"}],"replies":[{"embeddable":true,"href":"https:\/\/noticel.com\/en\/wp-json\/wp\/v2\/comments?post=1022376"}],"version-history":[{"count":4,"href":"https:\/\/noticel.com\/en\/wp-json\/wp\/v2\/posts\/1022376\/revisions"}],"predecessor-version":[{"id":1022755,"href":"https:\/\/noticel.com\/en\/wp-json\/wp\/v2\/posts\/1022376\/revisions\/1022755"}],"wp:featuredmedia":[{"embeddable":true,"href":"https:\/\/noticel.com\/en\/wp-json\/wp\/v2\/media\/1022405"}],"wp:attachment":[{"href":"https:\/\/noticel.com\/en\/wp-json\/wp\/v2\/media?parent=1022376"}],"wp:term":[{"taxonomy":"category","embeddable":true,"href":"https:\/\/noticel.com\/en\/wp-json\/wp\/v2\/categories?post=1022376"},{"taxonomy":"post_tag","embeddable":true,"href":"https:\/\/noticel.com\/en\/wp-json\/wp\/v2\/tags?post=1022376"}],"curies":[{"name":"wp","href":"https:\/\/api.w.org\/{rel}","templated":true}]}}