{"id":1022361,"date":"2026-09-03T18:00:00","date_gmt":"2026-09-03T22:00:00","guid":{"rendered":""},"modified":"2026-09-03T16:22:24","modified_gmt":"2026-09-03T20:22:24","slug":"el-calor-extremo-y-la-salud-mental-una-combinacion-de-riesgo","status":"publish","type":"post","link":"https:\/\/noticel.com\/en\/opiniones\/20260903\/el-calor-extremo-y-la-salud-mental-una-combinacion-de-riesgo\/","title":{"rendered":"El calor extremo y la salud mental: una combinaci\u00f3n de riesgo"},"content":{"rendered":"<p>El calor extremo no solo afecta el cuerpo. Tambi\u00e9n puede alterar el sue\u00f1o, el estado de \u00e1nimo y la capacidad de tomar decisiones, especialmente en personas con ciertas condiciones de salud mental.<\/p>\n\n\n\n<p>En C\u00f3mo Vivir Saludable, el psiquiatra Jos\u00e9 Massa, director m\u00e9dico de APS Health, explica c\u00f3mo identificar se\u00f1ales de alerta, qu\u00e9 relaci\u00f3n existe entre el calor, la hidrataci\u00f3n y algunos medicamentos, y c\u00f3mo prepararnos para una ola de calor sin interrumpir tratamientos.<\/p><div class=\"notic-content-middle\" id=\"notic-4149950973\"><div class=\"notic-adlabel\">Advertisements<\/div><a data-no-instant=\"1\" href=\"https:\/\/qrco.de\/bgxd5v\" rel=\"noopener\" class=\"a2t-link\" target=\"_blank\" aria-label=\"300X600-SEBUSCA\"><img loading=\"lazy\" decoding=\"async\" src=\"https:\/\/cdn.noticel.com\/2026\/09\/02194007\/300X600-SEBUSCA.jpg\" alt=\"\"  srcset=\"https:\/\/cdn.noticel.com\/2026\/09\/02194007\/300X600-SEBUSCA.jpg 300w, https:\/\/cdn.noticel.com\/2026\/09\/02194007\/300X600-SEBUSCA-150x300.jpg 150w, https:\/\/cdn.noticel.com\/2026\/09\/02194007\/300X600-SEBUSCA-6x12.jpg 6w\" sizes=\"(max-width: 300px) 100vw, 300px\" width=\"300\" height=\"600\"   \/><\/a><\/div>\n\n\n\n<p>Entrevista completa en YouTube de C\u00f3mo Vivir Saludable por NotiCel.<\/p>\n\n\n\n<figure class=\"wp-block-embed is-provider-youtube wp-block-embed-youtube\"><div class=\"wp-block-embed__wrapper\">\nhttps:\/\/youtu.be\/zufFJS1HHiY\n<\/div><\/figure>","protected":false},"excerpt":{"rendered":"<p>El calor extremo no solo afecta el cuerpo. Tambi\u00e9n puede alterar el sue\u00f1o, el estado de \u00e1nimo y la capacidad de tomar decisiones, especialmente en personas con ciertas condiciones de salud mental. En C\u00f3mo Vivir Saludable, el psiquiatra Jos\u00e9 Massa, director m\u00e9dico de APS Health, explica c\u00f3mo identificar se\u00f1ales de alerta, qu\u00e9 relaci\u00f3n existe entre [&hellip;]<\/p>","protected":false},"author":133,"featured_media":1022363,"comment_status":"open","ping_status":"open","sticky":false,"template":"","format":"standard","meta":{"_acf_changed":false,"_monsterinsights_skip_tracking":false,"ep_exclude_from_search":false,"footnotes":""},"categories":[48],"tags":[212,1907],"class_list":["post-1022361","post","type-post","status-publish","format-standard","has-post-thumbnail","hentry","category-opiniones","tag-calor","tag-salud-mental"],"acf":[],"aioseo_notices":[],"_links":{"self":[{"href":"https:\/\/noticel.com\/en\/wp-json\/wp\/v2\/posts\/1022361","targetHints":{"allow":["GET"]}}],"collection":[{"href":"https:\/\/noticel.com\/en\/wp-json\/wp\/v2\/posts"}],"about":[{"href":"https:\/\/noticel.com\/en\/wp-json\/wp\/v2\/types\/post"}],"author":[{"embeddable":true,"href":"https:\/\/noticel.com\/en\/wp-json\/wp\/v2\/users\/133"}],"replies":[{"embeddable":true,"href":"https:\/\/noticel.com\/en\/wp-json\/wp\/v2\/comments?post=1022361"}],"version-history":[{"count":1,"href":"https:\/\/noticel.com\/en\/wp-json\/wp\/v2\/posts\/1022361\/revisions"}],"predecessor-version":[{"id":1022365,"href":"https:\/\/noticel.com\/en\/wp-json\/wp\/v2\/posts\/1022361\/revisions\/1022365"}],"wp:featuredmedia":[{"embeddable":true,"href":"https:\/\/noticel.com\/en\/wp-json\/wp\/v2\/media\/1022363"}],"wp:attachment":[{"href":"https:\/\/noticel.com\/en\/wp-json\/wp\/v2\/media?parent=1022361"}],"wp:term":[{"taxonomy":"category","embeddable":true,"href":"https:\/\/noticel.com\/en\/wp-json\/wp\/v2\/categories?post=1022361"},{"taxonomy":"post_tag","embeddable":true,"href":"https:\/\/noticel.com\/en\/wp-json\/wp\/v2\/tags?post=1022361"}],"curies":[{"name":"wp","href":"https:\/\/api.w.org\/{rel}","templated":true}]}}