{"id":1022360,"date":"2026-09-03T16:13:50","date_gmt":"2026-09-03T20:13:50","guid":{"rendered":""},"modified":"2026-09-03T16:25:03","modified_gmt":"2026-09-03T20:25:03","slug":"lambda-legal-sobre-decision-del-primer-circuito-no-es-el-final-del-camino-ni-del-caso","status":"publish","type":"post","link":"https:\/\/noticel.com\/en\/ultima-hora\/20260903\/lambda-legal-sobre-decision-del-primer-circuito-no-es-el-final-del-camino-ni-del-caso\/","title":{"rendered":"Lambda Legal sobre Decisi\u00f3n del Primer Circuito: no es el final del camino ni del caso"},"content":{"rendered":"<p>El bufete Lambda Legal recalc\u00f3 esta tarde que la decisi\u00f3n reciente del Tribunal del Primer Distrito sobre los certificados de nacimiento solo aplica a lo que se conoce como personas no binarias.<\/p>\n\n\n\n<p>Enti\u00e9ndase personas que no se identifican con un g\u00e9nero en particular.<\/p>\n\n\n\n<p>\u00a8Es importante aclarar que esta decisi\u00f3n no cambia en nada los derechos ya adquiridos de las personas transg\u00e9nero puertorrique\u00f1as que se identifican de una manera binaria para enmendar sus certificados de nacimiento. Este caso se enfoca \u00fanicamente en las personas no binarias\u00a8, lee un comunicado de prensa.<\/p>\n\n\n\n<p>En una declaraci\u00f3n de Omar Gonz\u00e1lez-Pag\u00e1n, abogado y estratega legal de Salud de Lambda Legal, organizaci\u00f3n co-litigante en la demanda federal De la Fuentes D\u00edaz vs. Gonz\u00e1lez Col\u00f3n representando seis demandantes no binarios en Puerto Rico sobre certificados de nacimiento con marcador \u201cX\u201d:<\/p>\n\n\n\n<p>\u00abEste caso trata sobre el hecho de que toda persona debe tener acceso a documentos de identidad emitidos por el gobierno que reflejen su identidad, incluyendo las personas no binarias, Estamos decepcionados con la decisi\u00f3n del Primer Circuito,\u00a0pero esto no es el final del camino ni de este caso\u00bb, indicaron.<\/p><div class=\"notic-content-middle\" id=\"notic-2239309328\"><div class=\"notic-adlabel\">Advertisements<\/div><a data-no-instant=\"1\" href=\"https:\/\/www.cst.pr.gov\/\" rel=\"noopener\" class=\"a2t-link\" target=\"_blank\" aria-label=\"300&#215;600\"><img loading=\"lazy\" decoding=\"async\" src=\"https:\/\/cdn.noticel.com\/2026\/09\/02203205\/300x600-1.jpg\" alt=\"\"  srcset=\"https:\/\/cdn.noticel.com\/2026\/09\/02203205\/300x600-1.jpg 300w, https:\/\/cdn.noticel.com\/2026\/09\/02203205\/300x600-1-150x300.jpg 150w, https:\/\/cdn.noticel.com\/2026\/09\/02203205\/300x600-1-6x12.jpg 6w\" sizes=\"(max-width: 300px) 100vw, 300px\" width=\"300\" height=\"600\"   \/><\/a><\/div>\n\n\n\n<p>El tribunal apelativo revoc\u00f3 la decisi\u00f3n del tribunal de distrito, que reconoci\u00f3 que la normativa de Puerto Rico que proh\u00edbe a las personas no binarias tener certificados de nacimiento que reflejen su identidad no binaria viola nuestra Constituci\u00f3n incluso bajo el nivel de escrutinio m\u00e1s bajo. Si bien la decisi\u00f3n del tribunal apelativo es un desarrollo decepcionante para Lambda Legal, reiteraron que no es el final del camino ni del aso.<\/p>\n\n\n\n<p>El Primer Circuito solamente determin\u00f3 que, bajo el est\u00e1ndar de escrutinio m\u00e1s bajo \u2014conocido como escrutinio de base racional\u2014 que aplic\u00f3 el tribunal de distrito, y a base en los argumentos presentados, la normativa no viol\u00f3 dicho est\u00e1ndar. Bajo el escrutinio de base racional, los tribunales deben otorgar un alto grado de deferencia al gobierno. Sin embargo, el Primer Circuito no rechaz\u00f3 los argumentos de que est\u00e1ndares de escrutinio m\u00e1s rigurosos aplican en este caso u otras teor\u00edas constitucionales. Por el contrario, dej\u00f3 esas preguntas abiertas y devolvi\u00f3 el caso al tribunal de distrito de Puerto Rico para que decida si alguno de esos est\u00e1ndares m\u00e1s rigurosa aplica y qu\u00e9 resuelva el caso, lo que significa que el caso no ha concluido.<\/p>\n\n\n\n<p>Esta decisi\u00f3n no cambia en nada los derechos ya adquiridos de las personas transg\u00e9nero puertorrique\u00f1as que se identifican de una manera binaria para enmendar sus certificados de nacimiento. Este caso se enfoca \u00fanicamente en las personas no binarias. Las personas transg\u00e9nero, las cuales se identifican como hombre o mujer y nacidas en Puerto Rico, pueden todav\u00eda enmendar sus certificados de nacimiento, tal como lo requiere la ley y nuestra victoria judicial en\u00a0<em>Arroyo Gonz\u00e1lez v. Rossell\u00f3<\/em>\u00a0<em>Nevares<\/em>.<\/p>\n\n\n\n<p>\u00abNo obstante, la realidad pr\u00e1ctica contin\u00faa: a las personas no binarias en Puerto Rico se les niegan certificados de nacimiento que fielmente reflejan su identidad solo porque el gobierno se niega a reconocerles por quienes son. Nadie deber\u00eda verse obligado a tener documentos de identificaci\u00f3n que lo representen de manera incorrecta. Las personas no binarias merecen el mismo reconocimiento, dignidad y respeto que se le otorga a todos los dem\u00e1s. Negar ese reconocimiento perpet\u00faa el estigma y crea barreras innecesarias en su vida diaria\u00bb, indicaron.<\/p>\n\n\n\n<p>Lambda Legal y sus co-abogados est\u00e1n evaluando la decisi\u00f3n del tribunal y considerando los pr\u00f3ximos pasos. <\/p>","protected":false},"excerpt":{"rendered":"<p>El bufete Lambda Legal recalc\u00f3 esta tarde que la decisi\u00f3n reciente del Tribunal del Primer Distrito sobre los certificados de nacimiento solo aplica a lo que se conoce como personas no binarias. Enti\u00e9ndase personas que no se identifican con un g\u00e9nero en particular. \u00a8Es importante aclarar que esta decisi\u00f3n no cambia en nada los derechos [&hellip;]<\/p>","protected":false},"author":100,"featured_media":1022368,"comment_status":"open","ping_status":"open","sticky":false,"template":"","format":"standard","meta":{"_acf_changed":false,"_monsterinsights_skip_tracking":false,"ep_exclude_from_search":false,"footnotes":""},"categories":[12,3,2],"tags":[2552,6952,160],"class_list":["post-1022360","post","type-post","status-publish","format-standard","has-post-thumbnail","hentry","category-la-calle","category-noticias","category-ultima-hora","tag-boston","tag-no-binario","tag-tribunal"],"acf":[],"aioseo_notices":[],"_links":{"self":[{"href":"https:\/\/noticel.com\/en\/wp-json\/wp\/v2\/posts\/1022360","targetHints":{"allow":["GET"]}}],"collection":[{"href":"https:\/\/noticel.com\/en\/wp-json\/wp\/v2\/posts"}],"about":[{"href":"https:\/\/noticel.com\/en\/wp-json\/wp\/v2\/types\/post"}],"author":[{"embeddable":true,"href":"https:\/\/noticel.com\/en\/wp-json\/wp\/v2\/users\/100"}],"replies":[{"embeddable":true,"href":"https:\/\/noticel.com\/en\/wp-json\/wp\/v2\/comments?post=1022360"}],"version-history":[{"count":2,"href":"https:\/\/noticel.com\/en\/wp-json\/wp\/v2\/posts\/1022360\/revisions"}],"predecessor-version":[{"id":1022370,"href":"https:\/\/noticel.com\/en\/wp-json\/wp\/v2\/posts\/1022360\/revisions\/1022370"}],"wp:featuredmedia":[{"embeddable":true,"href":"https:\/\/noticel.com\/en\/wp-json\/wp\/v2\/media\/1022368"}],"wp:attachment":[{"href":"https:\/\/noticel.com\/en\/wp-json\/wp\/v2\/media?parent=1022360"}],"wp:term":[{"taxonomy":"category","embeddable":true,"href":"https:\/\/noticel.com\/en\/wp-json\/wp\/v2\/categories?post=1022360"},{"taxonomy":"post_tag","embeddable":true,"href":"https:\/\/noticel.com\/en\/wp-json\/wp\/v2\/tags?post=1022360"}],"curies":[{"name":"wp","href":"https:\/\/api.w.org\/{rel}","templated":true}]}}