{"id":1022345,"date":"2026-09-03T15:48:08","date_gmt":"2026-09-03T19:48:08","guid":{"rendered":""},"modified":"2026-09-03T15:52:06","modified_gmt":"2026-09-03T19:52:06","slug":"fernando-cintron-presenta-candidatura-a-la-alcaldia-de-catano","status":"publish","type":"post","link":"https:\/\/noticel.com\/en\/ultima-hora\/20260903\/fernando-cintron-presenta-candidatura-a-la-alcaldia-de-catano\/","title":{"rendered":"Fernando Cintr\u00f3n presenta candidatura a la alcald\u00eda de Cata\u00f1o"},"content":{"rendered":"<p>Fernando L. \u201cTato\u201d Cintr\u00f3n Mercado radic\u00f3 hoy  su candidatura a la alcald\u00eda de Cata\u00f1o como parte del proceso de elecci\u00f3n especial y reafirm\u00f3 que uno de los compromisos fundamentales de su propuesta de gobierno ser\u00e1 proteger a las comunidades y garantizar que el desarrollo econ\u00f3mico y urbano del municipio no ocurra a costa del desplazamiento de sus residentes.<\/p>\n\n\n\n<p>Cintr\u00f3n Mercado estableci\u00f3 espec\u00edficamente su compromiso de cero expropiaciones forzosas de hogares en la barriada Juana Matos y en La Puntilla, dos comunidades hist\u00f3ricas de Cata\u00f1o cuyos residentes han expresado preocupaci\u00f3n ante propuestas y procesos relacionados con el futuro de sus propiedades.<\/p>\n\n\n\n<p>\u201cMi compromiso con Juana Matos y La Puntilla es claro: bajo una administraci\u00f3n nuestra no utilizaremos la expropiaci\u00f3n forzosa como mecanismo para sacar a las familias de sus hogares. Creo en el desarrollo de Cata\u00f1o, pero creo igualmente en proteger a nuestra gente, escucharla y hacerla parte de las decisiones que impactan directamente sus comunidades\u201d, expres\u00f3 Cintr\u00f3n Mercado.<\/p>\n\n\n\n<p>Asimismo, sostuvo que Cata\u00f1o tiene una oportunidad de continuar impulsando su desarrollo econ\u00f3mico, tur\u00edstico y urbano mediante una visi\u00f3n que combine planificaci\u00f3n, inversi\u00f3n, rehabilitaci\u00f3n de comunidades y participaci\u00f3n ciudadana.<\/p><div class=\"notic-content-middle\" id=\"notic-4286297387\"><div class=\"notic-adlabel\">Advertisements<\/div><a data-no-instant=\"1\" href=\"https:\/\/qrco.de\/bgxd5v\" rel=\"noopener\" class=\"a2t-link\" target=\"_blank\" aria-label=\"300X600-SEBUSCA2\"><img loading=\"lazy\" decoding=\"async\" src=\"https:\/\/cdn.noticel.com\/2026\/09\/02194415\/300X600-SEBUSCA2.jpg\" alt=\"\"  srcset=\"https:\/\/cdn.noticel.com\/2026\/09\/02194415\/300X600-SEBUSCA2.jpg 300w, https:\/\/cdn.noticel.com\/2026\/09\/02194415\/300X600-SEBUSCA2-150x300.jpg 150w, https:\/\/cdn.noticel.com\/2026\/09\/02194415\/300X600-SEBUSCA2-6x12.jpg 6w\" sizes=\"(max-width: 300px) 100vw, 300px\" width=\"300\" height=\"600\"   \/><\/a><\/div>\n\n\n\n<p>\u201cPodemos transformar a Cata\u00f1o sin borrar su historia ni desplazar a quienes han levantado nuestras comunidades durante generaciones. Mi visi\u00f3n es una de desarrollo con la gente, no en contra de la gente. Queremos comunidades m\u00e1s seguras, mejores servicios, infraestructura adecuada y nuevas oportunidades, pero siempre respetando a las familias que llaman a Cata\u00f1o su hogar\u201d, a\u00f1adi\u00f3.<\/p>\n\n\n\n<p>Como parte de su propuesta administrativa, Cintr\u00f3n Mercado adelant\u00f3 adem\u00e1s que dar\u00e1 prioridad a las condiciones laborales de los empleados municipales, con \u00e9nfasis en evaluar mejores beneficios, promover justicia salarial y reconocer adecuadamente la labor de quienes todos los d\u00edas sostienen los servicios que ofrece el Municipio.<\/p>\n\n\n\n<p>Cintr\u00f3n Mercado, residente de Cata\u00f1o desde 1977, destac\u00f3 que su candidatura estar\u00e1 centrada en una administraci\u00f3n cercana, eficiente y fiscalmente responsable, utilizando su experiencia de m\u00e1s de 27 a\u00f1os en ventas, administraci\u00f3n, manejo de presupuestos, direcci\u00f3n de equipos de trabajo y desarrollo de negocios.<\/p>\n\n\n\n<p>El candidato posee un bachillerato en Administraci\u00f3n de Empresas y se ha desempe\u00f1ado profesionalmente en posiciones gerenciales, incluyendo responsabilidades sobre presupuestos de aproximadamente $8 millones. Adem\u00e1s, desde 2017 ha estado vinculado como apoderado de los Lancheros de Cata\u00f1o y ha mantenido una participaci\u00f3n activa en el deporte y la comunidad.<\/p>\n\n\n\n<p><\/p>","protected":false},"excerpt":{"rendered":"<p>Fernando L. \u201cTato\u201d Cintr\u00f3n Mercado radic\u00f3 hoy su candidatura a la alcald\u00eda de Cata\u00f1o como parte del proceso de elecci\u00f3n especial y reafirm\u00f3 que uno de los compromisos fundamentales de su propuesta de gobierno ser\u00e1 proteger a las comunidades y garantizar que el desarrollo econ\u00f3mico y urbano del municipio no ocurra a costa del desplazamiento [&hellip;]<\/p>","protected":false},"author":100,"featured_media":1022348,"comment_status":"open","ping_status":"open","sticky":false,"template":"","format":"standard","meta":{"_acf_changed":false,"_monsterinsights_skip_tracking":false,"ep_exclude_from_search":false,"footnotes":""},"categories":[3,7,2],"tags":[260,4700],"class_list":["post-1022345","post","type-post","status-publish","format-standard","has-post-thumbnail","hentry","category-noticias","category-politica","category-ultima-hora","tag-catano","tag-eleccion"],"acf":[],"aioseo_notices":[],"_links":{"self":[{"href":"https:\/\/noticel.com\/en\/wp-json\/wp\/v2\/posts\/1022345","targetHints":{"allow":["GET"]}}],"collection":[{"href":"https:\/\/noticel.com\/en\/wp-json\/wp\/v2\/posts"}],"about":[{"href":"https:\/\/noticel.com\/en\/wp-json\/wp\/v2\/types\/post"}],"author":[{"embeddable":true,"href":"https:\/\/noticel.com\/en\/wp-json\/wp\/v2\/users\/100"}],"replies":[{"embeddable":true,"href":"https:\/\/noticel.com\/en\/wp-json\/wp\/v2\/comments?post=1022345"}],"version-history":[{"count":1,"href":"https:\/\/noticel.com\/en\/wp-json\/wp\/v2\/posts\/1022345\/revisions"}],"predecessor-version":[{"id":1022349,"href":"https:\/\/noticel.com\/en\/wp-json\/wp\/v2\/posts\/1022345\/revisions\/1022349"}],"wp:featuredmedia":[{"embeddable":true,"href":"https:\/\/noticel.com\/en\/wp-json\/wp\/v2\/media\/1022348"}],"wp:attachment":[{"href":"https:\/\/noticel.com\/en\/wp-json\/wp\/v2\/media?parent=1022345"}],"wp:term":[{"taxonomy":"category","embeddable":true,"href":"https:\/\/noticel.com\/en\/wp-json\/wp\/v2\/categories?post=1022345"},{"taxonomy":"post_tag","embeddable":true,"href":"https:\/\/noticel.com\/en\/wp-json\/wp\/v2\/tags?post=1022345"}],"curies":[{"name":"wp","href":"https:\/\/api.w.org\/{rel}","templated":true}]}}