{"id":1022344,"date":"2026-09-04T05:49:00","date_gmt":"2026-09-04T09:49:00","guid":{"rendered":""},"modified":"2026-09-03T22:59:30","modified_gmt":"2026-09-04T02:59:30","slug":"primero-de-una-serie-a-25-anos-y-el-recuerdo-de-la-tragedia-del-9-11-en-ny-sigue-intacto","status":"publish","type":"post","link":"https:\/\/noticel.com\/en\/noticias\/20260904\/primero-de-una-serie-a-25-anos-y-el-recuerdo-de-la-tragedia-del-9-11-en-ny-sigue-intacto\/","title":{"rendered":"Primero de una serie: A 25 a\u00f1os y el recuerdo de la tragedia del 9\/11 en NY sigue intacto"},"content":{"rendered":"<p><\/p>\n\n\n\n<p><strong>Por Marvin Fonseca \/ Especial para NotiCel<\/strong><\/p>\n\n\n\n<p><strong><em>NOTA DEL EDITOR: Esto es parte de una serie de nueve art\u00edculos preparados por el veterano periodista Marvin Fonseca en conmemoraci\u00f3n al ataque a las Torres Gemelas de Nueva York, evento en el que varios periodistas puertorrique\u00f1os, destacados originalmente para un evento deportivo, se vieron obligados en entrar a una cobertura distinta e inesperada. <\/em><\/strong><\/p>\n\n\n\n<p><\/p>\n\n\n\n<p>Han pasado 25 a\u00f1os desde aquel martes de terror, el 11 de septiembre de 2001, cuando dos aviones chocaron con las Torres Gemelas de Nueva York, cuyos efectos iniciales fueron la incertidumbre, el caos y la muerte.&nbsp; La ciudad del bullicio, de alegr\u00eda y que no duerme, se convirti\u00f3 en una de total silencio arropado por el luto nacional.<\/p>\n\n\n\n<p>Ese d\u00eda, por primera vez en su historia, una ciudad de Estados Unidos se convirti\u00f3 en una zona de guerra bajo el ataque terrorista de fuerzas enemigas, desatando una guerra no declarada.&nbsp; El primer ataque fue a las 8:47 de la ma\u00f1ana con el vuelo 11 de American Airlines, un Boeing 767 en ruta de Boston a Los \u00c1ngeles con 81 personas, 11 tripulantes, que los terroristas estrellaron contra la Torre Norte. Veinte minutos despu\u00e9s, a las 9:02 a.m., el vuelo 175 de United Airlines, un Boeing 758 en ruta de Boston a Los \u00c1ngeles con 56 pasajeros y nueve tripulantes, se estrella contra la Torre Sur, convirtiendo a Manhattan en el teatro b\u00e9lico.&nbsp;&nbsp;<\/p>\n\n\n\n<p>En cuesti\u00f3n de minutos, millones de personas a trav\u00e9s de los noticiarios de televisi\u00f3n y miles en la ciudad de Nueva York, entre ellos un grupo de periodistas deportivos de Puerto Rico, vimos c\u00f3mo se derrumbaba, piso a piso, el Centro Mundial del Comercio.&nbsp;<\/p>\n\n\n\n<p>Los fotoperiodistas Will\u00edn Rodr\u00edguez, Xavier Ara\u00fajo, Jos\u00e9 Jim\u00e9nez y Joaqu\u00edn Montemo\u00ed\u00f1o, y los periodistas Hiram Mart\u00ednez, Jaime Vega, Aleudi Rosario, Jos\u00e9 Delgado y este servidor, llegamos a Ciudad para cubrir a la antesala para la pelea del boricua F\u00e9lix \u201cTito\u201d Trinidad contra el norteamericano Bernard Hopkins.&nbsp; <\/p>\n\n\n\n<p>La pelea se celebrar\u00eda el 15 de septiembre en el Madison Square Garden. Lo que no sab\u00edamos era que nos convertir\u00edamos en periodistas de guerra por la simple raz\u00f3n de que, al momento de paralizarse la ciudad, \u00e9ramos los m\u00e1s cercanos a lo que suced\u00eda. <\/p>\n\n\n\n<p>Tambi\u00e9n se uni\u00f3 la compa\u00f1era Ruth Hern\u00e1ndez Beltr\u00e1n, quien reside en Nueva York y luego de varios d\u00edas y con el espacio a\u00e9reo nuevamente abierto, se unieron muchos otros compa\u00f1eros de diferentes medios de comunicaci\u00f3n.&nbsp;<\/p>\n\n\n\n<p>El 12 de septiembre, un grupo de 40 personas, entre ellos un \u201cTask Force\u201d de b\u00fasqueda y rescate de la Agencia Estatal de Manejo de Emergencias, que incluy\u00f3 a bomberos, ingenieros estructurales, m\u00e9dicos, param\u00e9dicos, polic\u00edas y dos canes, especialistas en rescate, fueron asignados a ayudar a la causa, por la exgobernadora Sila Mar\u00eda Calder\u00f3n.<\/p>\n\n\n\n<p>Inicialmente, en el atentado murieron 2,823 personas, entre las dos Torres, pero con el paso del tiempo han sido muchos m\u00e1s los que han fallecido por los efectos posteriores.&nbsp; Adem\u00e1s, en el rescate de personas, fallecieron bomberos, polic\u00edas y primeros respondedores. Hasta el momento no se tiene un n\u00famero oficial de puertorrique\u00f1os que murieron en el atentado, como tampoco de latinoamericanos, que trabajaban en las 1,200 empresas que los dos edificios albergaban.&nbsp;<\/p>\n\n\n\n<p><strong>Efectos posteriores al ataque terrorista<\/strong><\/p><div class=\"notic-content-middle\" id=\"notic-2195254955\"><div class=\"notic-adlabel\">Advertisements<\/div><a data-no-instant=\"1\" href=\"https:\/\/qrco.de\/bgxd5v\" rel=\"noopener\" class=\"a2t-link\" target=\"_blank\" aria-label=\"DisplayAd-970&#215;902\"><img loading=\"lazy\" decoding=\"async\" src=\"https:\/\/cdn.noticel.com\/2026\/09\/02200210\/DisplayAd-970x902-1.jpg\" alt=\"\"  srcset=\"https:\/\/cdn.noticel.com\/2026\/09\/02200210\/DisplayAd-970x902-1.jpg 970w, https:\/\/cdn.noticel.com\/2026\/09\/02200210\/DisplayAd-970x902-1-300x28.jpg 300w, https:\/\/cdn.noticel.com\/2026\/09\/02200210\/DisplayAd-970x902-1-768x71.jpg 768w, https:\/\/cdn.noticel.com\/2026\/09\/02200210\/DisplayAd-970x902-1-18x2.jpg 18w\" sizes=\"(max-width: 970px) 100vw, 970px\" width=\"970\" height=\"90\"   \/><\/a><\/div>\n\n\n\n<p>Fueron miles de personas las que trabajaron en la recuperaci\u00f3n de restos humanos y el retiro de toneladas de escombros que qued\u00f3 como resultado del ataque terrorista organizado por Osama Bin Laden y sus seguidores de \u201cAl Qaeda\u201d. <\/p>\n\n\n\n<p>De esos miles de personas que trabajaron en la limpieza cientos han muerto al trabajar sin el equipo adecuado y estar expuestos a los contaminantes que produjeron la ca\u00edda de los dos edificios, muchos de ellos indocumentados, cuyos nombres no aparecen en la Piscina Conmemorativa del 11 de septiembre.&nbsp;<\/p>\n\n\n\n<p>Los efectos inmediatos del ataque terrorista han sido variados, inicialmente se cerr\u00f3 el espacio a\u00e9reo, todas las actividades deportivas se detuvieron comenzando con la pelea de Tito Trinidad vs Hopkins, as\u00ed como los partidos de Grandes Ligas, NFL football americano, las ligas de Espa\u00f1a, Inglaterra y otras del f\u00fatbol europeo. La UEFA decidi\u00f3 suspender los partidos del mi\u00e9rcoles 12 de septiembre, uni\u00e9ndose al luto internacional hasta el martes 18 de septiembre, cuando se reanud\u00f3 la actividad del f\u00fatbol en Europa.<\/p>\n\n\n\n<p>&nbsp;Ese retraso de los partidos de MLB en el calendario movi\u00f3 por primera vez la Serie Mundial de B\u00e9isbol para noviembre, mientras, la tradicional canci\u00f3n \u201cTake me out to the ball game\u201d, que se tocaba en cada juego en la s\u00e9ptima entrada desde 1908, cambi\u00f3 para siempre por las notas patri\u00f3ticas del  \u00abGod Bless America\u00bb y 25 a\u00f1os despu\u00e9s, ambas melod\u00edas se mantienen, para que los fallecidos en la tragedia no caigan en el olvido.&nbsp;<\/p>\n\n\n\n<p>Otros cambios significativos fueron los niveles de seguridad en los eventos deportivos, espect\u00e1culos y aeropuertos. Los atentados transformaron el deporte internacional al instaurar medidas de seguridad estrictas, se incrementaron la vigilancia, el control de acceso y las primas de seguros, reflejando una era de mayor cautela.<\/p>\n\n\n\n<p>Ejemplo de esa seguridad fue la celebraci\u00f3n de los Juegos Ol\u00edmpicos de Invierno en Salt Lake City, Utah, Estados Unidos, del 8 al 24 de febrero de 2002, con niveles extraordinarios; incluso se consider\u00f3 realizar los Juegos sin p\u00fablico.<\/p>\n\n\n\n<p>Seg\u00fan Liston Bochette, exatleta puertorrique\u00f1o que estuvo en los Juegos, dijo que hab\u00eda una gran preocupaci\u00f3n de los atletas, entrenadores y oficiales de Comit\u00e9s Ol\u00edmpicos Nacionales en las instalaciones deportivas, no as\u00ed en la Villa Ol\u00edmpica.&nbsp;<\/p>\n\n\n\n<p>La econom\u00eda tambi\u00e9n se afect\u00f3 grandemente, obligando a la Reserva Federal a a\u00f1adir 100,000 millones de d\u00f3lares en liquidez durante los tres d\u00edas posteriores al ataque para ayudar a evitar una crisis financiera. <\/p>\n\n\n\n<p>Seg\u00fan la p\u00e1gina <a href=\"https:\/\/academia-lab.com\/enciclopedia\/efectos-economicos-de-los-atentados-del-11-de-septiembre\/\"><strong>https:\/\/academia-lab.com\/enciclopedia\/efectos-economicos-de-los-atentados-del-11-de-septiembre\/<\/strong><\/a><strong>, <\/strong>el precio del petr\u00f3leo aument\u00f3, subiendo el costo de la gasolina en Estados Unidos, el d\u00f3lar estadounidense cay\u00f3 frente al euro, la libra esterlina y el yen japon\u00e9s. <\/p>\n\n\n\n<p>Las bolsas europeas tuvieron un descenso del 4.6 % en Espa\u00f1a, del 8.5 % en Alemania y del 5.7 % en la Bolsa de Londres. Las acciones en los mercados en Latinoam\u00e9rica sufrieron ca\u00eddas del 9.2 % en Brasil, del 5.2 % en Argentina y del 5.6 % en M\u00e9xico, antes de que se suspendieran las operaciones.<\/p>\n\n\n\n<p>.&nbsp;<\/p>","protected":false},"excerpt":{"rendered":"<p>Por Marvin Fonseca \/ Especial para NotiCel NOTA DEL EDITOR: Esto es parte de una serie de nueve art\u00edculos preparados por el veterano periodista Marvin Fonseca en conmemoraci\u00f3n al ataque a las Torres Gemelas de Nueva York, evento en el que varios periodistas puertorrique\u00f1os, destacados originalmente para un evento deportivo, se vieron obligados en entrar [&hellip;]<\/p>","protected":false},"author":100,"featured_media":1022371,"comment_status":"open","ping_status":"open","sticky":false,"template":"","format":"standard","meta":{"_acf_changed":false,"_monsterinsights_skip_tracking":false,"ep_exclude_from_search":false,"footnotes":""},"categories":[3],"tags":[6951,833,2284],"class_list":["post-1022344","post","type-post","status-publish","format-standard","has-post-thumbnail","hentry","category-noticias","tag-6951","tag-nueva-york","tag-serie"],"acf":[],"aioseo_notices":[],"_links":{"self":[{"href":"https:\/\/noticel.com\/en\/wp-json\/wp\/v2\/posts\/1022344","targetHints":{"allow":["GET"]}}],"collection":[{"href":"https:\/\/noticel.com\/en\/wp-json\/wp\/v2\/posts"}],"about":[{"href":"https:\/\/noticel.com\/en\/wp-json\/wp\/v2\/types\/post"}],"author":[{"embeddable":true,"href":"https:\/\/noticel.com\/en\/wp-json\/wp\/v2\/users\/100"}],"replies":[{"embeddable":true,"href":"https:\/\/noticel.com\/en\/wp-json\/wp\/v2\/comments?post=1022344"}],"version-history":[{"count":4,"href":"https:\/\/noticel.com\/en\/wp-json\/wp\/v2\/posts\/1022344\/revisions"}],"predecessor-version":[{"id":1022473,"href":"https:\/\/noticel.com\/en\/wp-json\/wp\/v2\/posts\/1022344\/revisions\/1022473"}],"wp:featuredmedia":[{"embeddable":true,"href":"https:\/\/noticel.com\/en\/wp-json\/wp\/v2\/media\/1022371"}],"wp:attachment":[{"href":"https:\/\/noticel.com\/en\/wp-json\/wp\/v2\/media?parent=1022344"}],"wp:term":[{"taxonomy":"category","embeddable":true,"href":"https:\/\/noticel.com\/en\/wp-json\/wp\/v2\/categories?post=1022344"},{"taxonomy":"post_tag","embeddable":true,"href":"https:\/\/noticel.com\/en\/wp-json\/wp\/v2\/tags?post=1022344"}],"curies":[{"name":"wp","href":"https:\/\/api.w.org\/{rel}","templated":true}]}}