{"id":1022341,"date":"2026-09-03T15:40:35","date_gmt":"2026-09-03T19:40:35","guid":{"rendered":""},"modified":"2026-09-03T15:50:21","modified_gmt":"2026-09-03T19:50:21","slug":"navarro-presenta-medida-para-regular-la-profesion-del-gestor","status":"publish","type":"post","link":"https:\/\/noticel.com\/en\/ultima-hora\/20260903\/navarro-presenta-medida-para-regular-la-profesion-del-gestor\/","title":{"rendered":"Navarro presenta medida para regular la profesi\u00f3n del gestor"},"content":{"rendered":"<p>El representante penep\u00e9 Jorge Navarro ha radicado un proyecto de ley con que pretende regular la profesi\u00f3n de la gestor\u00eda en el gobierno.<\/p>\n\n\n\n<p>Estos individuos t\u00edpicamente realizan gestiones, a favor de terceros, ante el gobierno en asuntos tan diversos como la radicaci\u00f3n de planillas, obtenci\u00f3n de certificaciones de deuda, solicitudes de actas en el Registro Demogr\u00e1fico y tramites de permisos ante la Oficina de Gerencia de Permisos.<\/p>\n\n\n\n<p>Seg\u00fan Navarro estipula en el Proyecto de la C\u00e1mara 1427, la \u00fanica regulaci\u00f3n sobre la profesi\u00f3n est\u00e1 contenida en la Ley de Tr\u00e1nsito y en el contexto del gestor de licencias. Mientras, el legislador se\u00f1ala quue se han documentado casos de fraude entre gestores en esquemas de expedici\u00f3n de documentos falsos, entre otras irregularidades.<\/p>\n\n\n\n<p>Seg\u00fan Navarro Su\u00e1rez, \u201cquienes m\u00e1s dependen de estos servicios son, precisamente, las personas m\u00e1s vulnerables: adultos mayores, personas con impedimentos, ciudadanos que residen lejos de las oficinas regionales de las agencias\u201d, destac\u00f3. \u201cEl gestor no es un lujo, sino la \u00fanica v\u00eda pr\u00e1ctica para cumplir con obligaciones legales y obtener documentos indispensables\u201d, afirm\u00f3 en declaraciones escritas.<\/p>\n\n\n\n<p>As\u00ed, con el proyecto de ley se tendr\u00eda que gestionar una licencia administrativa a trav\u00e9s del Departamento de Asuntos del Consumidor. Todo gestor tambi\u00e9n tendr\u00eda que inscribirse en un registro p\u00fablico, prestar una fianza o un seguro de responsabilidad profesional de no menos de $10,000 a favor de sus clientes, est\u00e1n inscrito en el Registro de Comerciantes, aprobar un curso sobre la Ley de Procedimiento Administrativo Uniforme, otro sobre la Ley de \u00c9tica Gubernamental y acreditar que no ha sido convicto de delitos contra la propiedad o la fe p\u00fablica.<\/p><div class=\"notic-content-middle\" id=\"notic-3378044341\"><div class=\"notic-adlabel\">Advertisements<\/div><a data-no-instant=\"1\" href=\"https:\/\/qrco.de\/bgxd5v\" rel=\"noopener\" class=\"a2t-link\" target=\"_blank\" aria-label=\"DisplayAd-970&#215;903\"><img loading=\"lazy\" decoding=\"async\" src=\"https:\/\/cdn.noticel.com\/2026\/09\/02200307\/DisplayAd-970x903-1.jpg\" alt=\"\"  srcset=\"https:\/\/cdn.noticel.com\/2026\/09\/02200307\/DisplayAd-970x903-1.jpg 970w, https:\/\/cdn.noticel.com\/2026\/09\/02200307\/DisplayAd-970x903-1-300x28.jpg 300w, https:\/\/cdn.noticel.com\/2026\/09\/02200307\/DisplayAd-970x903-1-768x71.jpg 768w, https:\/\/cdn.noticel.com\/2026\/09\/02200307\/DisplayAd-970x903-1-18x2.jpg 18w\" sizes=\"(max-width: 970px) 100vw, 970px\" width=\"970\" height=\"90\"   \/><\/a><\/div>\n\n\n\n<p>La licencia tendr\u00e1 una vigencia de dos a\u00f1os y la propuesta ley requerir\u00e1 que todo servicio de gestor\u00eda est\u00e9 estipulado en un contrato.<\/p>\n\n\n\n<p>El proyecto define al gestor as\u00ed: \u201ctoda persona natural o jur\u00eddica que, a cambio de honorarios, compensaci\u00f3n o remuneraci\u00f3n de cualquier clase, se dedica de manera habitual a gestionar, tramitar, solicitar, radicar, obtener, retirar o dar seguimiento por cuenta de otro, con la autorizaci\u00f3n de este, a documentos, licencias, permisos, certificaciones, registros, pagos o cualquier otro tr\u00e1mite ante una agencia\u201d.<\/p>\n\n\n\n<p>La propuesta ley no aplicar\u00e1 a abogados y notarios. Tampoco contadores p\u00fablicos autorizados, corredores de bienes ra\u00edces, especialistas en planillas, productores de seguros, ingenieros, agrimensores y arquitectos.<\/p>\n\n\n\n<p>El proyecto establece los pasos a seguir para presentar querellas contra gestores ante el DACO y contempla multas de entre $5,000 y $10,000 por cada violaci\u00f3n. Adem\u00e1s, ejercer la profesi\u00f3n ilegalmente se considerar\u00e1 un delito menos grave.<\/p>","protected":false},"excerpt":{"rendered":"<p>El representante penep\u00e9 Jorge Navarro ha radicado un proyecto de ley con que pretende regular la profesi\u00f3n de la gestor\u00eda en el gobierno. Estos individuos t\u00edpicamente realizan gestiones, a favor de terceros, ante el gobierno en asuntos tan diversos como la radicaci\u00f3n de planillas, obtenci\u00f3n de certificaciones de deuda, solicitudes de actas en el Registro [&hellip;]<\/p>","protected":false},"author":2736,"featured_media":1000013,"comment_status":"open","ping_status":"open","sticky":false,"template":"","format":"standard","meta":{"_acf_changed":false,"_monsterinsights_skip_tracking":false,"ep_exclude_from_search":false,"footnotes":""},"categories":[5,3,2],"tags":[6605,6950,1368],"class_list":["post-1022341","post","type-post","status-publish","format-standard","has-post-thumbnail","hentry","category-legislatura","category-noticias","category-ultima-hora","tag-georgie","tag-gestores","tag-jorge-navarro"],"acf":[],"aioseo_notices":[],"_links":{"self":[{"href":"https:\/\/noticel.com\/en\/wp-json\/wp\/v2\/posts\/1022341","targetHints":{"allow":["GET"]}}],"collection":[{"href":"https:\/\/noticel.com\/en\/wp-json\/wp\/v2\/posts"}],"about":[{"href":"https:\/\/noticel.com\/en\/wp-json\/wp\/v2\/types\/post"}],"author":[{"embeddable":true,"href":"https:\/\/noticel.com\/en\/wp-json\/wp\/v2\/users\/2736"}],"replies":[{"embeddable":true,"href":"https:\/\/noticel.com\/en\/wp-json\/wp\/v2\/comments?post=1022341"}],"version-history":[{"count":3,"href":"https:\/\/noticel.com\/en\/wp-json\/wp\/v2\/posts\/1022341\/revisions"}],"predecessor-version":[{"id":1022347,"href":"https:\/\/noticel.com\/en\/wp-json\/wp\/v2\/posts\/1022341\/revisions\/1022347"}],"wp:featuredmedia":[{"embeddable":true,"href":"https:\/\/noticel.com\/en\/wp-json\/wp\/v2\/media\/1000013"}],"wp:attachment":[{"href":"https:\/\/noticel.com\/en\/wp-json\/wp\/v2\/media?parent=1022341"}],"wp:term":[{"taxonomy":"category","embeddable":true,"href":"https:\/\/noticel.com\/en\/wp-json\/wp\/v2\/categories?post=1022341"},{"taxonomy":"post_tag","embeddable":true,"href":"https:\/\/noticel.com\/en\/wp-json\/wp\/v2\/tags?post=1022341"}],"curies":[{"name":"wp","href":"https:\/\/api.w.org\/{rel}","templated":true}]}}