{"id":1022334,"date":"2026-09-06T09:15:28","date_gmt":"2026-09-06T13:15:28","guid":{"rendered":""},"modified":"2026-09-06T09:17:03","modified_gmt":"2026-09-06T13:17:03","slug":"ribera-del-duero-y-rueda-protagonizan-nueva-edicion-de-pasaporte-de-copas","status":"publish","type":"post","link":"https:\/\/noticel.com\/en\/economia\/comercio\/20260906\/ribera-del-duero-y-rueda-protagonizan-nueva-edicion-de-pasaporte-de-copas\/","title":{"rendered":"Ribera del Duero y Rueda protagonizan nueva edici\u00f3n de Pasaporte de Copas"},"content":{"rendered":"<p>Los sabores y la tradici\u00f3n vin\u00edcola de las Denominaciones de Origen Ribera del Duero y Rueda ser\u00e1n los protagonistas de la pr\u00f3xima edici\u00f3n de&nbsp;<strong>Pasaporte de Copas<\/strong>, iniciativa de&nbsp;Barullo Taberna Espa\u00f1ola&nbsp;en&nbsp;DISTRITO&nbsp;T-Mobile que invita a los comensales a recorrer diferentes regiones de Espa\u00f1a a trav\u00e9s del vino y la gastronom\u00eda. <\/p>\n\n\n\n<p>La experiencia, dedicada en esta ocasi\u00f3n a estas dos reconocidas denominaciones de origen de Castilla y Le\u00f3n, se celebrar\u00e1 el jueves, 10 de septiembre, a las 7:00 p.m., con una degustaci\u00f3n guiada, maridaje de&nbsp;cuatro&nbsp;cursos y un espect\u00e1culo de flamenco en vivo.<\/p>\n\n\n\n<p>\u201cPara nosotros es una gran oportunidad poder acercar las Denominaciones de Origen Ribera del Duero y Rueda al p\u00fablico puertorrique\u00f1o a trav\u00e9s de experiencias como Pasaporte de Copas. Cada regi\u00f3n tiene una identidad, unas variedades y una tradici\u00f3n que las hacen \u00fanicas, y esta velada permitir\u00e1 descubrir esa diversidad de una manera cercana y amena. Nos entusiasma ser parte de esta iniciativa, compartir la riqueza y versatilidad de nuestras bodegas con los amantes del vino en la Isla\u201d,&nbsp;expres\u00f3 M\u00f3nica Cabrera, presidenta de Stratos, agencia a cargo de la campa\u00f1a de Ribera del Duero y Rueda en Puerto Rico.<\/p>\n\n\n\n<p>Como parte de Pasaporte de Copas, los asistentes disfrutar\u00e1n de un men\u00fa de&nbsp;cuatro&nbsp;cursos maridado con una selecci\u00f3n exclusiva de vinos de Ribera del Duero y Rueda. La velada estar\u00e1 guiada por la sumiller y embajadora de ambas regiones, Amber Rivera, quien acompa\u00f1ar\u00e1 a los asistentes durante el recorrido para compartir informaci\u00f3n sobre los vinos, las caracter\u00edsticas de cada regi\u00f3n y la tradici\u00f3n vitivin\u00edcola que las distingue.<\/p><div class=\"notic-content-middle\" id=\"notic-1353254043\"><div class=\"notic-adlabel\">Advertisements<\/div><a data-no-instant=\"1\" href=\"https:\/\/www.asegurate-bien.com\/\" rel=\"noopener\" class=\"a2t-link\" target=\"_blank\" aria-label=\"Acodese-Adaptaciones-Noticel-970&#215;250\"><img loading=\"lazy\" decoding=\"async\" src=\"https:\/\/cdn.noticel.com\/2026\/05\/30100504\/Acodese-Adaptaciones-Noticel-970x250-1.jpg\" alt=\"\"  srcset=\"https:\/\/cdn.noticel.com\/2026\/05\/30100504\/Acodese-Adaptaciones-Noticel-970x250-1.jpg 970w, https:\/\/cdn.noticel.com\/2026\/05\/30100504\/Acodese-Adaptaciones-Noticel-970x250-1-300x77.jpg 300w, https:\/\/cdn.noticel.com\/2026\/05\/30100504\/Acodese-Adaptaciones-Noticel-970x250-1-768x198.jpg 768w, https:\/\/cdn.noticel.com\/2026\/05\/30100504\/Acodese-Adaptaciones-Noticel-970x250-1-18x5.jpg 18w\" sizes=\"(max-width: 970px) 100vw, 970px\" width=\"970\" height=\"250\"   \/><\/a><\/div>\n\n\n\n<p>\u201cPara esta edici\u00f3n de Pasaporte de Copas, creamos un men\u00fa que resalta la frescura y expresi\u00f3n de Rueda y con el car\u00e1cter de Ribera del Duero, cuidando cada combinaci\u00f3n para resaltar tanto el vino como el plato. La idea es que cada curso revele algo distinto y que, al final de la noche, nuestros comensales vivan una experiencia multisensorial que los transporte a Espa\u00f1a\u201d, a\u00f1adi\u00f3 Ra\u00fal Mel\u00e9ndez, chef creativo de Barullo Taberna Espa\u00f1ola.<\/p>\n\n\n\n<p>La experiencia comenzar\u00e1 con dos vinos de la D.O. Rueda, El Loco de Finca La Colina, que acompa\u00f1ar\u00e1 el bu\u00f1uelo de bacalao con alioli de lim\u00f3n, y Jos\u00e9 Pariente Verdejo, que se servir\u00e1 junto a la trucha con salsa de ajo blanco, huevas de trucha y polvo de perejil. El recorrido continuar\u00e1 con dos vinos de la D.O. Ribera del Duero, Arrocal Gumiel de Mercado, que acompa\u00f1ar\u00e1 la terrina de cordero con reducci\u00f3n de sus jugos y yogur de hinojo, y Arrocal Casa Blanca, que se servir\u00e1 junto a la crema catalana con frutas de temporada. Cada vino fue seleccionado para complementar los sabores de los platos y resaltar sus caracter\u00edsticas.<\/p>\n\n\n\n<p>Asimismo, como parte del programa de restaurantes \u00abSabores de Ribera del Duero y Rueda\u00bb, los vinos estar\u00e1n disponibles en \u201cEl Grifo\u201d de&nbsp;Barullo Taberna Espa\u00f1ola,&nbsp;una pared con una variedad de vinos por copa para que los asistentes puedan explorar diferentes regiones de los vinos de Espa\u00f1a. Las referencias estar\u00e1n disponibles&nbsp;desde septiembre hasta noviembre.<\/p>\n\n\n\n<p>Pasaporte de Copas con los vinos de las Denominaciones de Origen Ribera del Duero y Rueda se celebrar\u00e1 el jueves, 10 de septiembre, a las 7:00 p.m. en Barullo Taberna Espa\u00f1ola en DISTRITO T-Mobile. Para reservar su espacio, deben acceder a&nbsp;<a href=\"https:\/\/www.opentable.com\/r\/barullo-taberna-espanola-san-juan?corrid=77243843-37c8-4951-9534-32506f67a566&amp;avt=eyJ2IjozLCJtIjoxLCJwIjowLCJzIjowLCJuIjowfQ&amp;p=2&amp;sd=2026-09-01T19%3A00%3A00\" rel=\"noreferrer noopener\" target=\"_blank\">opentable.com<\/a><\/p>","protected":false},"excerpt":{"rendered":"<p>Los sabores y la tradici\u00f3n vin\u00edcola de las Denominaciones de Origen Ribera del Duero y Rueda ser\u00e1n los protagonistas de la pr\u00f3xima edici\u00f3n de&nbsp;Pasaporte de Copas, iniciativa de&nbsp;Barullo Taberna Espa\u00f1ola&nbsp;en&nbsp;DISTRITO&nbsp;T-Mobile que invita a los comensales a recorrer diferentes regiones de Espa\u00f1a a trav\u00e9s del vino y la gastronom\u00eda. La experiencia, dedicada en esta ocasi\u00f3n a [&hellip;]<\/p>","protected":false},"author":100,"featured_media":1022338,"comment_status":"open","ping_status":"open","sticky":false,"template":"","format":"standard","meta":{"_acf_changed":false,"_monsterinsights_skip_tracking":false,"ep_exclude_from_search":false,"footnotes":""},"categories":[23,52],"tags":[6949,6947,3019],"class_list":["post-1022334","post","type-post","status-publish","format-standard","has-post-thumbnail","hentry","category-comercio","category-entretenimiento","tag-rivera-del-duero","tag-rueda","tag-vinos"],"acf":[],"aioseo_notices":[],"_links":{"self":[{"href":"https:\/\/noticel.com\/en\/wp-json\/wp\/v2\/posts\/1022334","targetHints":{"allow":["GET"]}}],"collection":[{"href":"https:\/\/noticel.com\/en\/wp-json\/wp\/v2\/posts"}],"about":[{"href":"https:\/\/noticel.com\/en\/wp-json\/wp\/v2\/types\/post"}],"author":[{"embeddable":true,"href":"https:\/\/noticel.com\/en\/wp-json\/wp\/v2\/users\/100"}],"replies":[{"embeddable":true,"href":"https:\/\/noticel.com\/en\/wp-json\/wp\/v2\/comments?post=1022334"}],"version-history":[{"count":3,"href":"https:\/\/noticel.com\/en\/wp-json\/wp\/v2\/posts\/1022334\/revisions"}],"predecessor-version":[{"id":1022829,"href":"https:\/\/noticel.com\/en\/wp-json\/wp\/v2\/posts\/1022334\/revisions\/1022829"}],"wp:featuredmedia":[{"embeddable":true,"href":"https:\/\/noticel.com\/en\/wp-json\/wp\/v2\/media\/1022338"}],"wp:attachment":[{"href":"https:\/\/noticel.com\/en\/wp-json\/wp\/v2\/media?parent=1022334"}],"wp:term":[{"taxonomy":"category","embeddable":true,"href":"https:\/\/noticel.com\/en\/wp-json\/wp\/v2\/categories?post=1022334"},{"taxonomy":"post_tag","embeddable":true,"href":"https:\/\/noticel.com\/en\/wp-json\/wp\/v2\/tags?post=1022334"}],"curies":[{"name":"wp","href":"https:\/\/api.w.org\/{rel}","templated":true}]}}