{"id":1022321,"date":"2026-09-03T16:27:41","date_gmt":"2026-09-03T20:27:41","guid":{"rendered":""},"modified":"2026-09-03T16:43:16","modified_gmt":"2026-09-03T20:43:16","slug":"josue-colon-reconoce-que-fue-entrevistado-por-el-fbi-en-caso-de-power-expectations","status":"publish","type":"post","link":"https:\/\/noticel.com\/en\/noticias\/20260903\/josue-colon-reconoce-que-fue-entrevistado-por-el-fbi-en-caso-de-power-expectations\/","title":{"rendered":"Josu\u00e9 Col\u00f3n reconoce que fue entrevistado por el FBI en caso de Power Expectations"},"content":{"rendered":"<p>El zar de Energ\u00eda y director ejecutivo de la Autoridad las Alianzas P\u00fablico-Privadas (AAPP), Josu\u00e9 Col\u00f3n Ortiz, se defendi\u00f3 a capa y espada durante la sesi\u00f3n de preguntas ante los integrantes de la Comisi\u00f3n de Gobierno de la C\u00e1mara de Representantes que solicitaron informaci\u00f3n sobre el frustrado proceso para contratar a unas compa\u00f1\u00edas privadas iban a proveer energ\u00eda temporera. &nbsp;&nbsp;&nbsp;<\/p>\n\n\n\n<p>Adem\u00e1s, Col\u00f3n Ortiz reconoci\u00f3 que fue entrevistado tanto por el Departamento de Justicia como por Bur\u00f3 Federal de Investigaciones (FBI, por sus siglas en ingl\u00e9s) sobre unas alegadas irregularidades relacionadas a la contrataci\u00f3n de un consorcio liderado por Power Expectations.<\/p>\n\n\n\n<p>Presuntamente, hubo un uso no autorizado de una firma correspondiente a&nbsp;Enchanted Rock que aparece en el contrato que tambi\u00e9n firm\u00f3 Maricarmen Zapata Acosta, ahora exdirectora ejecutiva de la Autoridad de Energ\u00eda El\u00e9ctrica (AEE).<\/p>\n\n\n\n<p>Durante el inicio de la vista, Col\u00f3n insisti\u00f3 que la empresa Regulatory Compliance Services, (3PPO), propiedad de Osvaldo Carlo Linares, tuvo la encomienda de circular una solicitud de propuestas para evaluar y, luego, recomendar a las compa\u00f1\u00edas que cumpl\u00edan con las especificaciones para proveer entre 400 y 600 megavatios mediante unidades terrestres en la&nbsp;Central Aguirre en Salinas.<\/p>\n\n\n\n<p>La contrataci\u00f3n del Regulatory Compliance Services (ReComs), empresa de Carlo Linares, surgi\u00f3 por virtud de una orden del Negociado de Energ\u00eda debido a la relaci\u00f3n corporativa de Genera con New Fortress constitu\u00eda un conflicto de inter\u00e9s.<\/p>\n\n\n\n<p>Power Expectations, junto con Enchanted Rock y Reyes Contractors fueron favorecidos para un acuerdo de $5,886 millones durante 10 a\u00f1os.<\/p>\n\n\n\n<figure class=\"wp-block-image size-large\"><img loading=\"lazy\" decoding=\"async\" width=\"1024\" height=\"683\" src=\"https:\/\/cdn.noticel.com\/2026\/09\/03142809\/WhatsApp-Image-2026-09-03-at-2.21.30-PM-2-1024x683.jpeg\" alt=\"\" class=\"wp-image-1022323\" srcset=\"https:\/\/cdn.noticel.com\/2026\/09\/03142809\/WhatsApp-Image-2026-09-03-at-2.21.30-PM-2-1024x683.jpeg 1024w, https:\/\/cdn.noticel.com\/2026\/09\/03142809\/WhatsApp-Image-2026-09-03-at-2.21.30-PM-2-300x200.jpeg 300w, https:\/\/cdn.noticel.com\/2026\/09\/03142809\/WhatsApp-Image-2026-09-03-at-2.21.30-PM-2-768x512.jpeg 768w, https:\/\/cdn.noticel.com\/2026\/09\/03142809\/WhatsApp-Image-2026-09-03-at-2.21.30-PM-2-1536x1024.jpeg 1536w, https:\/\/cdn.noticel.com\/2026\/09\/03142809\/WhatsApp-Image-2026-09-03-at-2.21.30-PM-2-18x12.jpeg 18w, https:\/\/cdn.noticel.com\/2026\/09\/03142809\/WhatsApp-Image-2026-09-03-at-2.21.30-PM-2.jpeg 1620w\" sizes=\"auto, (max-width: 1024px) 100vw, 1024px\" \/><figcaption class=\"wp-element-caption\"><em>Denis M\u00e1rquez insisti\u00f3 que la presunta irregularidad de una de las partes participantes solamente fue referida al 3PPO. (Juan Costa \/ NotiCel)<\/em><\/figcaption><\/figure>\n\n\n\n<p>Col\u00f3n hizo un recuento de los procesos que ejecut\u00f3 el 3PPO durante y despu\u00e9s de evaluar las propuestas sometidas para la aprobaci\u00f3n de la Junta de Gobierno de la AEE.<\/p>\n\n\n\n<p>El Zar de Energ\u00eda relat\u00f3 que recibi\u00f3 el 10 de junio una comunicaci\u00f3n del abogado Javier V\u00e1zquez, quien labora en el&nbsp;Bufete O\u2019Neill &amp; Borges, reclamando que ERock \u201cfue err\u00f3neamente incluida como una de las tres vendedoras bajo el contrato junto con Power Expectations y Reyes Contractor\u201d. El 12 de junio, la empresa Flotek fue seleccionada para sustituir a Enchanted Rock despu\u00e9s de finiquitar los acuerdos.<\/p>\n\n\n\n<p>\u201cFue un asunto altamente irregular porque es un proceso competitivo que est\u00e1 vivo y si \u00e9l de verdad era representante de esas entidades, participaron por el pasado a\u00f1o en el proceso ante el 3PPO y no la P3 ni otra agencia. Fueron impropios porque mencion\u00f3 Power Expectations y se conoc\u00eda era uno de los recomendados por el 3PPO\u201d, respondi\u00f3 Col\u00f3n Ortiz a preguntas de V\u00edctor Par\u00e9s, presidente de la Comisi\u00f3n de Gobierno.<\/p>\n\n\n\n<p>Sin embargo, el 12 de mayo, Col\u00f3n Ortiz particip\u00f3 en una conferencia de prensa en La Fortaleza para anunciar que la Junta de Supervisi\u00f3n Fiscal aprob\u00f3 de manera condicional las contrataciones de Power Expectations y Gothams Energy.<\/p>\n\n\n\n<p><strong>Intenso careo<\/strong><\/p>\n\n\n\n<p>El representante popular \u00c1ngel \u201cTito\u201d Fourquet tuvo un agudo intercambio el deponente cuando el representante ponce\u00f1o intent\u00f3 indagar sobre el nivel de conocimiento que ten\u00eda de la \u201cfirma fraudulenta\u201d.<\/p><div class=\"notic-content-middle\" id=\"notic-2168238989\"><div class=\"notic-adlabel\">Advertisements<\/div><a data-no-instant=\"1\" href=\"https:\/\/www.asegurate-bien.com\/\" rel=\"noopener\" class=\"a2t-link\" target=\"_blank\" aria-label=\"Acodese-Adaptaciones-Noticel-300&#215;600\"><img loading=\"lazy\" decoding=\"async\" src=\"https:\/\/cdn.noticel.com\/2026\/05\/30094652\/Acodese-Adaptaciones-Noticel-300x600-1.jpg\" alt=\"\"  srcset=\"https:\/\/cdn.noticel.com\/2026\/05\/30094652\/Acodese-Adaptaciones-Noticel-300x600-1.jpg 300w, https:\/\/cdn.noticel.com\/2026\/05\/30094652\/Acodese-Adaptaciones-Noticel-300x600-1-150x300.jpg 150w, https:\/\/cdn.noticel.com\/2026\/05\/30094652\/Acodese-Adaptaciones-Noticel-300x600-1-6x12.jpg 6w\" sizes=\"(max-width: 300px) 100vw, 300px\" width=\"300\" height=\"600\"   \/><\/a><\/div>\n\n\n\n<p>\u201cUsted se ha desligado totalmente del proceso, las irregularidades, le ha zapateado todo, le ha echado la tierra a medio mundo, pero usted no tiene nada que ver\u201d, dijo Fourquet.<\/p>\n\n\n\n<p>La r\u00e9plica de Col\u00f3n Ortiz no tard\u00f3.<\/p>\n\n\n\n<p>\u201cLa considero irrespetuoso y no le he faltado el respeto a usted. No permitir\u00e9 a nadie que insin\u00fae cosas que no son ciertas. No lo voy a permitir\u201d, increp\u00f3 Col\u00f3n Ortiz. Luego le indic\u00f3 a Fourquet, en medio de otro careo, que por afirmaciones que hac\u00eda era que estaba en minor\u00eda.<\/p>\n\n\n\n<figure class=\"wp-block-image size-large\"><img loading=\"lazy\" decoding=\"async\" width=\"1024\" height=\"683\" src=\"https:\/\/cdn.noticel.com\/2026\/09\/03142823\/WhatsApp-Image-2026-09-03-at-2.21.30-PM-1-1024x683.jpeg\" alt=\"\" class=\"wp-image-1022324\" srcset=\"https:\/\/cdn.noticel.com\/2026\/09\/03142823\/WhatsApp-Image-2026-09-03-at-2.21.30-PM-1-1024x683.jpeg 1024w, https:\/\/cdn.noticel.com\/2026\/09\/03142823\/WhatsApp-Image-2026-09-03-at-2.21.30-PM-1-300x200.jpeg 300w, https:\/\/cdn.noticel.com\/2026\/09\/03142823\/WhatsApp-Image-2026-09-03-at-2.21.30-PM-1-768x512.jpeg 768w, https:\/\/cdn.noticel.com\/2026\/09\/03142823\/WhatsApp-Image-2026-09-03-at-2.21.30-PM-1-1536x1024.jpeg 1536w, https:\/\/cdn.noticel.com\/2026\/09\/03142823\/WhatsApp-Image-2026-09-03-at-2.21.30-PM-1-18x12.jpeg 18w, https:\/\/cdn.noticel.com\/2026\/09\/03142823\/WhatsApp-Image-2026-09-03-at-2.21.30-PM-1.jpeg 1620w\" sizes=\"auto, (max-width: 1024px) 100vw, 1024px\" \/><figcaption class=\"wp-element-caption\"><em>Jos\u00e9 Hern\u00e1ndez Concepci\u00f3n cuestion\u00f3 al funcionario si fue entrevistado por las autoridades. (Juan Costa \/ NotiCel)<\/em><\/figcaption><\/figure>\n\n\n\n<p>\u201cTodo lo que he escuchado es que todos se han desligado. El 3PPO, un abogado, un tercer party, no se comunic\u00f3 con PREPA (Puerto Rico Power Authority). Ese es rol del Zar de Energ\u00eda. Lo que escucho es que fue otro, culpa de otro, fue mi abogado que quiero hablar bajo privilegio. Hay que rendirle cuentas al pueblo de Puerto Rico\u201d, dijo Fourquet.<\/p>\n\n\n\n<p><strong>Habla con las autoridades<\/strong><\/p>\n\n\n\n<p>Col\u00f3n, Ortiz, asimismo, admiti\u00f3 que fue entrevistado por las autoridades, incluyendo el Departamento de Justicia y el FBI.<\/p>\n\n\n\n<p>\u201cComo parte de los referidos que hicimos, hemos entregado la informaci\u00f3n que ten\u00edamos en nuestras manos. Hemos seguido entregando informaci\u00f3n y participado en entrevistas con agencias de ley y orden\u201d, sostuvo.<\/p>\n\n\n\n<p>El funcionario dijo que no recuerda la fecha exacta.<\/p>\n\n\n\n<p>\u201cNo fue esta semana, hace unos d\u00edas\u201d, insisti\u00f3.<\/p>\n\n\n\n<p>Historia relacionada:<\/p>\n\n\n\n<p><a href=\"https:\/\/noticel.com\/en\/ultima-hora\/20260903\/renuncia-mary-zapata-como-directora-ejecutiva-de-la-aee\/\" title=\"\">Renuncia Mary Zapata como directora ejecutiva de la AEE<\/a><\/p>","protected":false},"excerpt":{"rendered":"<p>El zar de Energ\u00eda y director ejecutivo de la Autoridad las Alianzas P\u00fablico-Privadas (AAPP), Josu\u00e9 Col\u00f3n Ortiz, se defendi\u00f3 a capa y espada durante la sesi\u00f3n de preguntas ante los integrantes de la Comisi\u00f3n de Gobierno de la C\u00e1mara de Representantes que solicitaron informaci\u00f3n sobre el frustrado proceso para contratar a unas compa\u00f1\u00edas privadas iban [&hellip;]<\/p>","protected":false},"author":93,"featured_media":1022322,"comment_status":"open","ping_status":"open","sticky":false,"template":"","format":"standard","meta":{"_acf_changed":false,"_monsterinsights_skip_tracking":false,"ep_exclude_from_search":false,"footnotes":""},"categories":[5,3],"tags":[200,147,6790],"class_list":["post-1022321","post","type-post","status-publish","format-standard","has-post-thumbnail","hentry","category-legislatura","category-noticias","tag-aee","tag-luma","tag-power-expectations"],"acf":[],"aioseo_notices":[],"_links":{"self":[{"href":"https:\/\/noticel.com\/en\/wp-json\/wp\/v2\/posts\/1022321","targetHints":{"allow":["GET"]}}],"collection":[{"href":"https:\/\/noticel.com\/en\/wp-json\/wp\/v2\/posts"}],"about":[{"href":"https:\/\/noticel.com\/en\/wp-json\/wp\/v2\/types\/post"}],"author":[{"embeddable":true,"href":"https:\/\/noticel.com\/en\/wp-json\/wp\/v2\/users\/93"}],"replies":[{"embeddable":true,"href":"https:\/\/noticel.com\/en\/wp-json\/wp\/v2\/comments?post=1022321"}],"version-history":[{"count":5,"href":"https:\/\/noticel.com\/en\/wp-json\/wp\/v2\/posts\/1022321\/revisions"}],"predecessor-version":[{"id":1022379,"href":"https:\/\/noticel.com\/en\/wp-json\/wp\/v2\/posts\/1022321\/revisions\/1022379"}],"wp:featuredmedia":[{"embeddable":true,"href":"https:\/\/noticel.com\/en\/wp-json\/wp\/v2\/media\/1022322"}],"wp:attachment":[{"href":"https:\/\/noticel.com\/en\/wp-json\/wp\/v2\/media?parent=1022321"}],"wp:term":[{"taxonomy":"category","embeddable":true,"href":"https:\/\/noticel.com\/en\/wp-json\/wp\/v2\/categories?post=1022321"},{"taxonomy":"post_tag","embeddable":true,"href":"https:\/\/noticel.com\/en\/wp-json\/wp\/v2\/tags?post=1022321"}],"curies":[{"name":"wp","href":"https:\/\/api.w.org\/{rel}","templated":true}]}}