{"id":1022317,"date":"2026-09-03T14:08:11","date_gmt":"2026-09-03T18:08:11","guid":{"rendered":""},"modified":"2026-09-03T14:11:51","modified_gmt":"2026-09-03T18:11:51","slug":"los-vaqueros-de-la-upr-bayamon-regresaran-por-el-campeonato-del-futbol-lai-que-se-les-escapo","status":"publish","type":"post","link":"https:\/\/noticel.com\/en\/deportes\/20260903\/los-vaqueros-de-la-upr-bayamon-regresaran-por-el-campeonato-del-futbol-lai-que-se-les-escapo\/","title":{"rendered":"Los Vaqueros de la\u00a0UPR Bayam\u00f3n regresar\u00e1n por el campeonato del f\u00fatbol LAI que se les escap\u00f3"},"content":{"rendered":"<p>El proyecto que empez\u00f3 hace cinco a\u00f1os ya cuenta con un cuarto lugar y un subcampeonato en el torneo de f\u00fatbol de la Liga Atl\u00e9tica Interuniversitaria (LAI). Es por ello que los Vaqueros de la Universidad de Puerto Rico de Bayam\u00f3n est\u00e1n esperanzados en que el campeonato est\u00e9 por llegar esta temporada 2026-2027.&nbsp;<\/p>\n\n\n\n<p>\u201cEsta nueva temporada, las aspiraciones siguen siendo llegar a la final y completar el trabajo que la temporada pasada no se pudo: quedar campeones\u201d, recalc\u00f3 Fernando Reyes Correa, dirigente de f\u00fatbol de la UPR Bayam\u00f3n.&nbsp;&nbsp;<\/p>\n\n\n\n<p>Seg\u00fan la Liga Atl\u00e9tica Interuniversitaria (LAI), en la temporada de 2024-2025, la UPR Bayam\u00f3n se enfrent\u00f3 a la Universidad de Puerto Rico, recinto de Mayag\u00fcez (UPR Mayag\u00fcez) por el bronce. Pese a no haber obtenido la victoria, la experiencia funcion\u00f3 como una catapulta para las pr\u00f3ximas temporadas: ganar la confianza que necesitaban.&nbsp;<\/p>\n\n\n\n<p>Luego de esto, en la temporada LAI 2025-2026, la UPR de Bayam\u00f3n marc\u00f3 la historia deportiva de toda una universidad y Liga al llegar a una final hist\u00f3rica contra los actuales campeones, los Tigres de la Universidad Interamericana de Puerto Rico (UIPR).&nbsp;<\/p>\n\n\n\n<p>\u201cLlevamos cinco a\u00f1os en el proyecto de la UPR de Bayam\u00f3n y cada a\u00f1o hemos ido subiendo diferentes pelda\u00f1os\u201d, indic\u00f3 Reyes Correa.<\/p>\n\n\n\n<p>Los resultados han sido la evidencia del crecimiento de este equipo y, as\u00ed como aumentan el desempe\u00f1o y el rendimiento, la expectativa y la presi\u00f3n tambi\u00e9n los acompa\u00f1an. Aunque, como les recuerda su dirigente, ellos tienen el poder de convertir esa presi\u00f3n en motivaci\u00f3n.&nbsp;<\/p><div class=\"notic-content-middle\" id=\"notic-1174616791\"><div class=\"notic-adlabel\">Advertisements<\/div><a data-no-instant=\"1\" href=\"https:\/\/qrco.de\/bgxd5v\" rel=\"noopener\" class=\"a2t-link\" target=\"_blank\" aria-label=\"300X600-SEBUSCA2\"><img loading=\"lazy\" decoding=\"async\" src=\"https:\/\/cdn.noticel.com\/2026\/09\/02194415\/300X600-SEBUSCA2.jpg\" alt=\"\"  srcset=\"https:\/\/cdn.noticel.com\/2026\/09\/02194415\/300X600-SEBUSCA2.jpg 300w, https:\/\/cdn.noticel.com\/2026\/09\/02194415\/300X600-SEBUSCA2-150x300.jpg 150w, https:\/\/cdn.noticel.com\/2026\/09\/02194415\/300X600-SEBUSCA2-6x12.jpg 6w\" sizes=\"(max-width: 300px) 100vw, 300px\" width=\"300\" height=\"600\"   \/><\/a><\/div>\n\n\n\n<p>\u201cEste a\u00f1o todo el mundo est\u00e1 esperando, o por lo menos dentro de nuestra instituci\u00f3n, que estemos nuevamente en la final\u2026 Eso te pone un poco de presi\u00f3n, pero a la vez es motivaci\u00f3n porque todav\u00eda no hemos logrado ser el equipo campe\u00f3n de la UPR de Bayam\u00f3n y poder darle ese primer campeonato siendo egresado es una motivaci\u00f3n muy grande\u201d, expres\u00f3 el dirigente de los Vaqueros con mucha emoci\u00f3n.<\/p>\n\n\n\n<p>El f\u00fatbol es un deporte que se juega en equipo, por lo que la uni\u00f3n entre compa\u00f1eros es vital. El dirigente de los Vaqueros asegur\u00f3 que en su plantilla la uni\u00f3n es uno de los factores en los que m\u00e1s se trabaja. Incluso muchos de estos jugadores hab\u00edan tenido la oportunidad de jugar juntos antes de llegar a la LAI bajo su instrucci\u00f3n, por lo que ya lo conocen y tambi\u00e9n su filosof\u00eda de juego.&nbsp;<\/p>\n\n\n\n<p>\u201cTodos estos equipos grandes que han sido campeones y medallistas en la LAI tienen algo en com\u00fan: mientras est\u00e1n dentro de la cancha, cada uno de los jugadores est\u00e1 dispuesto a pelear por el otro\u201d, reflexion\u00f3 el t\u00e9cnico vaquero.<\/p>\n\n\n\n<p>Reyes Correa escogi\u00f3 la palabra celebraci\u00f3n para describir su equipo, porque seg\u00fan \u00e9l: \u201cvamos a tener muchas victorias para celebrar durante la temporada y, si a eso le agregamos que vamos a estar en la final y que la vamos a ganar, pues ser\u00eda la celebraci\u00f3n total durante este a\u00f1o\u201d.&nbsp;<\/p>\n\n\n\n<p>El torneo iniciar\u00e1 el pr\u00f3ximo jueves para los subcampeones de la LAI con partido ante los Ta\u00ednos de la Universidad Ana G. M\u00e9ndez a la 1:00 p.m. en Torrimar, Guaynabo.&nbsp;<\/p>\n\n\n\n<p>Otros tres juegos est\u00e1n en el calendario. Estos son: los Tigres de la UIPR contra los Leones de la UPR Ponce a las 2:00 p.m. en la Cat\u00f3lica, Ponce; los Lobos de la UPR Arecibo versus la Pontificia Universidad Cat\u00f3lica de Puerto Rico a las 4:00 p.m. en el recinto cat\u00f3lico ponce\u00f1o; y los Toritos de la UPR Cayey visitan a los Delfines de la Universidad del Sagrado Coraz\u00f3n a las 3:00 p.m. en el complejo Quintana, San Juan.&nbsp;<\/p>","protected":false},"excerpt":{"rendered":"<p>El proyecto que empez\u00f3 hace cinco a\u00f1os ya cuenta con un cuarto lugar y un subcampeonato en el torneo de f\u00fatbol de la Liga Atl\u00e9tica Interuniversitaria (LAI). Es por ello que los Vaqueros de la Universidad de Puerto Rico de Bayam\u00f3n est\u00e1n esperanzados en que el campeonato est\u00e9 por llegar esta temporada 2026-2027.&nbsp; \u201cEsta nueva [&hellip;]<\/p>","protected":false},"author":100,"featured_media":1022318,"comment_status":"open","ping_status":"open","sticky":false,"template":"","format":"standard","meta":{"_acf_changed":false,"_monsterinsights_skip_tracking":false,"ep_exclude_from_search":false,"footnotes":""},"categories":[31,39],"tags":[1027,4648],"class_list":["post-1022317","post","type-post","status-publish","format-standard","has-post-thumbnail","hentry","category-deportes","category-futbol","tag-lai","tag-upr-bayamon"],"acf":[],"aioseo_notices":[],"_links":{"self":[{"href":"https:\/\/noticel.com\/en\/wp-json\/wp\/v2\/posts\/1022317","targetHints":{"allow":["GET"]}}],"collection":[{"href":"https:\/\/noticel.com\/en\/wp-json\/wp\/v2\/posts"}],"about":[{"href":"https:\/\/noticel.com\/en\/wp-json\/wp\/v2\/types\/post"}],"author":[{"embeddable":true,"href":"https:\/\/noticel.com\/en\/wp-json\/wp\/v2\/users\/100"}],"replies":[{"embeddable":true,"href":"https:\/\/noticel.com\/en\/wp-json\/wp\/v2\/comments?post=1022317"}],"version-history":[{"count":2,"href":"https:\/\/noticel.com\/en\/wp-json\/wp\/v2\/posts\/1022317\/revisions"}],"predecessor-version":[{"id":1022320,"href":"https:\/\/noticel.com\/en\/wp-json\/wp\/v2\/posts\/1022317\/revisions\/1022320"}],"wp:featuredmedia":[{"embeddable":true,"href":"https:\/\/noticel.com\/en\/wp-json\/wp\/v2\/media\/1022318"}],"wp:attachment":[{"href":"https:\/\/noticel.com\/en\/wp-json\/wp\/v2\/media?parent=1022317"}],"wp:term":[{"taxonomy":"category","embeddable":true,"href":"https:\/\/noticel.com\/en\/wp-json\/wp\/v2\/categories?post=1022317"},{"taxonomy":"post_tag","embeddable":true,"href":"https:\/\/noticel.com\/en\/wp-json\/wp\/v2\/tags?post=1022317"}],"curies":[{"name":"wp","href":"https:\/\/api.w.org\/{rel}","templated":true}]}}