{"id":1022313,"date":"2026-09-03T13:47:47","date_gmt":"2026-09-03T17:47:47","guid":{"rendered":""},"modified":"2026-09-03T13:57:49","modified_gmt":"2026-09-03T17:57:49","slug":"disponible-nuevo-curso-de-arquitectura-en-las-escuelas-publicas","status":"publish","type":"post","link":"https:\/\/noticel.com\/en\/noticias\/20260903\/disponible-nuevo-curso-de-arquitectura-en-las-escuelas-publicas\/","title":{"rendered":"Disponible nuevo curso de arquitectura en las escuelas p\u00fablicas"},"content":{"rendered":"<p>La arquitecta Astrid D\u00edaz ha dise\u00f1ado un modelo de estudio de la arquitectura a aplicarse en las escuelas p\u00fablicas.<\/p>\n\n\n\n<p>El curso, ya probado con estudiantes de la escuela Central High, est\u00e1 titulado \u201cArquitectura de Puerto Rico\u201d y busca a los alumnos al estudio del entorno construido como expresi\u00f3n hist\u00f3rica, cultura, social y comunitaria.<\/p>\n\n\n\n<p>Adem\u00e1s, desarrollar en los estudiantes la inteligencia visual, el entendimiento del desarrollo de la humanidad y el compromiso con el pa\u00eds.<\/p>\n\n\n\n<p>El curso incluye el uso del texto Enciclopedia y Glosario Arquitectura de Puerto Rico, que don\u00f3 D\u00edaz.<\/p><div class=\"notic-content-middle\" id=\"notic-2482422372\"><div class=\"notic-adlabel\">Advertisements<\/div><a data-no-instant=\"1\" href=\"https:\/\/qrco.de\/bgxd5v\" rel=\"noopener\" class=\"a2t-link\" target=\"_blank\" aria-label=\"DisplayAds-970&#215;250\"><img loading=\"lazy\" decoding=\"async\" src=\"https:\/\/cdn.noticel.com\/2026\/09\/02200716\/DisplayAds-970x250-1.jpg\" alt=\"\"  srcset=\"https:\/\/cdn.noticel.com\/2026\/09\/02200716\/DisplayAds-970x250-1.jpg 970w, https:\/\/cdn.noticel.com\/2026\/09\/02200716\/DisplayAds-970x250-1-300x77.jpg 300w, https:\/\/cdn.noticel.com\/2026\/09\/02200716\/DisplayAds-970x250-1-768x198.jpg 768w, https:\/\/cdn.noticel.com\/2026\/09\/02200716\/DisplayAds-970x250-1-18x5.jpg 18w\" sizes=\"(max-width: 970px) 100vw, 970px\" width=\"970\" height=\"250\"   \/><\/a><\/div>\n\n\n\n<p>\u201cEl un proyecto \u00fanico pues hicimos participes a los estudiantes del desarrollo de las lecciones. Los estudiantes de noveno grado de la Central High hicieron historia al ser parte del desarrollo del curso por un a\u00f1o, aportando arte e investigaci\u00f3n a las lecciones. Este curso volver\u00e1 a brindarse all\u00ed este a\u00f1o escolar\u201d, dijo D\u00edaz.<\/p>\n\n\n\n<p>El curso estar\u00e1 disponible para las escuelas que muestren inter\u00e9s y ser\u00e1 sus maestros de estudios sociales&nbsp; los encargados de impartirlo tras recibir talleres y orientaciones.<\/p>\n\n\n\n<p>\u201cA ra\u00edz de la reconstrucci\u00f3n del tercer piso que se lleva a cabo en la Central High y sienndo esta una escuela de Bellas Artes hubo un inter\u00e9s genuino de los estudiantes en conocer un poco m\u00e1s sobre nuestra arquitectura\u201d, dijo el secretario de Educaci\u00f3n, Eliezer Ramos Par\u00e9s.<\/p>\n\n\n\n<p>El curso est\u00e1 dividido en seis unidades.<\/p>","protected":false},"excerpt":{"rendered":"<p>La arquitecta Astrid D\u00edaz ha dise\u00f1ado un modelo de estudio de la arquitectura a aplicarse en las escuelas p\u00fablicas. El curso, ya probado con estudiantes de la escuela Central High, est\u00e1 titulado \u201cArquitectura de Puerto Rico\u201d y busca a los alumnos al estudio del entorno construido como expresi\u00f3n hist\u00f3rica, cultura, social y comunitaria. Adem\u00e1s, desarrollar [&hellip;]<\/p>","protected":false},"author":100,"featured_media":1022314,"comment_status":"open","ping_status":"open","sticky":false,"template":"","format":"standard","meta":{"_acf_changed":false,"_monsterinsights_skip_tracking":false,"ep_exclude_from_search":false,"footnotes":""},"categories":[12,3],"tags":[5666,5665,218],"class_list":["post-1022313","post","type-post","status-publish","format-standard","has-post-thumbnail","hentry","category-la-calle","category-noticias","tag-arquitectura","tag-astrid-diaz","tag-educacion-2"],"acf":[],"aioseo_notices":[],"_links":{"self":[{"href":"https:\/\/noticel.com\/en\/wp-json\/wp\/v2\/posts\/1022313","targetHints":{"allow":["GET"]}}],"collection":[{"href":"https:\/\/noticel.com\/en\/wp-json\/wp\/v2\/posts"}],"about":[{"href":"https:\/\/noticel.com\/en\/wp-json\/wp\/v2\/types\/post"}],"author":[{"embeddable":true,"href":"https:\/\/noticel.com\/en\/wp-json\/wp\/v2\/users\/100"}],"replies":[{"embeddable":true,"href":"https:\/\/noticel.com\/en\/wp-json\/wp\/v2\/comments?post=1022313"}],"version-history":[{"count":1,"href":"https:\/\/noticel.com\/en\/wp-json\/wp\/v2\/posts\/1022313\/revisions"}],"predecessor-version":[{"id":1022315,"href":"https:\/\/noticel.com\/en\/wp-json\/wp\/v2\/posts\/1022313\/revisions\/1022315"}],"wp:featuredmedia":[{"embeddable":true,"href":"https:\/\/noticel.com\/en\/wp-json\/wp\/v2\/media\/1022314"}],"wp:attachment":[{"href":"https:\/\/noticel.com\/en\/wp-json\/wp\/v2\/media?parent=1022313"}],"wp:term":[{"taxonomy":"category","embeddable":true,"href":"https:\/\/noticel.com\/en\/wp-json\/wp\/v2\/categories?post=1022313"},{"taxonomy":"post_tag","embeddable":true,"href":"https:\/\/noticel.com\/en\/wp-json\/wp\/v2\/tags?post=1022313"}],"curies":[{"name":"wp","href":"https:\/\/api.w.org\/{rel}","templated":true}]}}