{"id":1022296,"date":"2026-09-03T12:45:26","date_gmt":"2026-09-03T16:45:26","guid":{"rendered":""},"modified":"2026-09-03T12:48:04","modified_gmt":"2026-09-03T16:48:04","slug":"renuncia-mary-zapata-como-directora-ejecutiva-de-la-aee","status":"publish","type":"post","link":"https:\/\/noticel.com\/en\/ultima-hora\/20260903\/renuncia-mary-zapata-como-directora-ejecutiva-de-la-aee\/","title":{"rendered":"Renuncia Mary Zapata como directora ejecutiva de la AEE"},"content":{"rendered":"<p>La directora ejecutiva de la Autoridad de Energ\u00eda El\u00e9ctrica (AEE), Mary Carmen Zapata Acosta, renunci\u00f3 a su cargo, seg\u00fan indic\u00f3 este jueves la Junta de Gobierno de esa corporaci\u00f3n.<\/p>\n\n\n\n<p>Telenoticias report\u00f3 que Zapata Acosta present\u00f3 la carta en la que anunciaba su dimisi\u00f3n y el cuerpo de la agencia la aprob\u00f3 de manera un\u00e1nime.<\/p><div class=\"notic-content-middle\" id=\"notic-1211865602\"><div class=\"notic-adlabel\">Advertisements<\/div><a data-no-instant=\"1\" href=\"https:\/\/qrco.de\/bgxd5v\" rel=\"noopener\" class=\"a2t-link\" target=\"_blank\" aria-label=\"DisplayAds-300&#215;2502\"><img loading=\"lazy\" decoding=\"async\" src=\"https:\/\/cdn.noticel.com\/2026\/09\/02200544\/DisplayAds-300x2502-1.jpg\" alt=\"\"  srcset=\"https:\/\/cdn.noticel.com\/2026\/09\/02200544\/DisplayAds-300x2502-1.jpg 300w, https:\/\/cdn.noticel.com\/2026\/09\/02200544\/DisplayAds-300x2502-1-14x12.jpg 14w\" sizes=\"(max-width: 300px) 100vw, 300px\" width=\"300\" height=\"250\"   \/><\/a><\/div>\n\n\n\n<p>El ingeniero Fernando Osorio Ca\u00f1o fungir\u00e1 como director interino. Previamente laboraba como Director de Operaciones de HydroCo y Riego, Inc.<\/p>\n\n\n\n<p>El pasado 18 de agosto, Zapata Acosta hab\u00eda notificado en una carta enviada a la empresa Power Expectations LLC que el contrato de generaci\u00f3n de energ\u00eda por $5,900 millones y 10 a\u00f1os de duraci\u00f3n hab\u00eda quedado oficialmente cancelado.<\/p>","protected":false},"excerpt":{"rendered":"<p>La directora ejecutiva de la Autoridad de Energ\u00eda El\u00e9ctrica (AEE), Mary Carmen Zapata Acosta, renunci\u00f3 a su cargo, seg\u00fan indic\u00f3 este jueves la Junta de Gobierno de esa corporaci\u00f3n. Telenoticias report\u00f3 que Zapata Acosta present\u00f3 la carta en la que anunciaba su dimisi\u00f3n y el cuerpo de la agencia la aprob\u00f3 de manera un\u00e1nime. El [&hellip;]<\/p>","protected":false},"author":100,"featured_media":968556,"comment_status":"open","ping_status":"open","sticky":false,"template":"","format":"standard","meta":{"_acf_changed":false,"_monsterinsights_skip_tracking":false,"ep_exclude_from_search":false,"footnotes":""},"categories":[4,3,2],"tags":[200,6943],"class_list":["post-1022296","post","type-post","status-publish","format-standard","has-post-thumbnail","hentry","category-gobierno","category-noticias","category-ultima-hora","tag-aee","tag-mary-zapata"],"acf":[],"aioseo_notices":[],"_links":{"self":[{"href":"https:\/\/noticel.com\/en\/wp-json\/wp\/v2\/posts\/1022296","targetHints":{"allow":["GET"]}}],"collection":[{"href":"https:\/\/noticel.com\/en\/wp-json\/wp\/v2\/posts"}],"about":[{"href":"https:\/\/noticel.com\/en\/wp-json\/wp\/v2\/types\/post"}],"author":[{"embeddable":true,"href":"https:\/\/noticel.com\/en\/wp-json\/wp\/v2\/users\/100"}],"replies":[{"embeddable":true,"href":"https:\/\/noticel.com\/en\/wp-json\/wp\/v2\/comments?post=1022296"}],"version-history":[{"count":1,"href":"https:\/\/noticel.com\/en\/wp-json\/wp\/v2\/posts\/1022296\/revisions"}],"predecessor-version":[{"id":1022297,"href":"https:\/\/noticel.com\/en\/wp-json\/wp\/v2\/posts\/1022296\/revisions\/1022297"}],"wp:featuredmedia":[{"embeddable":true,"href":"https:\/\/noticel.com\/en\/wp-json\/wp\/v2\/media\/968556"}],"wp:attachment":[{"href":"https:\/\/noticel.com\/en\/wp-json\/wp\/v2\/media?parent=1022296"}],"wp:term":[{"taxonomy":"category","embeddable":true,"href":"https:\/\/noticel.com\/en\/wp-json\/wp\/v2\/categories?post=1022296"},{"taxonomy":"post_tag","embeddable":true,"href":"https:\/\/noticel.com\/en\/wp-json\/wp\/v2\/tags?post=1022296"}],"curies":[{"name":"wp","href":"https:\/\/api.w.org\/{rel}","templated":true}]}}