{"id":1022295,"date":"2026-09-03T12:45:05","date_gmt":"2026-09-03T16:45:05","guid":{"rendered":""},"modified":"2026-09-03T12:55:53","modified_gmt":"2026-09-03T16:55:53","slug":"sequia-extrema-se-extiende-por-el-sur-y-este-de-puerto-rico","status":"publish","type":"post","link":"https:\/\/noticel.com\/en\/ultima-hora\/20260903\/sequia-extrema-se-extiende-por-el-sur-y-este-de-puerto-rico\/","title":{"rendered":"Sequ\u00eda extrema se extiende por el sur y este de Puerto Rico"},"content":{"rendered":"<p>\u00a0La sequ\u00eda extrema se extendi\u00f3 esta semana por amplios sectores del litoral sur y el este de Puerto Rico, mientras el 75.2% del territorio se encuentra bajo alg\u00fan nivel de sequ\u00eda, seg\u00fan la actualizaci\u00f3n del Monitor de Sequ\u00eda de Estados Unidos divulgada el jueves.<\/p>\n\n\n\n<p>Los datos, con vigencia al 1 de septiembre, muestran que el 41% de Puerto Rico se encuentra bajo sequ\u00eda extrema, categor\u00eda D3, que aparece principalmente a trav\u00e9s de una franja que cubre buena parte del sur de la isla y otra extensa zona del este.<\/p>\n\n\n\n<p>La sequ\u00eda severa, identificada como D2, afecta otro 21.3% del territorio, mientras el 13% se encuentra bajo sequ\u00eda moderada, categor\u00eda D1.<\/p>\n\n\n\n<p>En conjunto, las tres categor\u00edas de sequ\u00eda cubren el 75.2% de Puerto Rico. Otro 7.7% aparece clasificado como anormalmente seco, categor\u00eda D0, que no se contabiliza como sequ\u00eda.<\/p><div class=\"notic-content-middle\" id=\"notic-1483321635\"><div class=\"notic-adlabel\">Advertisements<\/div><a data-no-instant=\"1\" href=\"https:\/\/qrco.de\/bgxd5v\" rel=\"noopener\" class=\"a2t-link\" target=\"_blank\" aria-label=\"DisplayAds-970&#215;2503\"><img loading=\"lazy\" decoding=\"async\" src=\"https:\/\/cdn.noticel.com\/2026\/09\/02201056\/DisplayAds-970x2503-1.jpg\" alt=\"\"  srcset=\"https:\/\/cdn.noticel.com\/2026\/09\/02201056\/DisplayAds-970x2503-1.jpg 970w, https:\/\/cdn.noticel.com\/2026\/09\/02201056\/DisplayAds-970x2503-1-300x77.jpg 300w, https:\/\/cdn.noticel.com\/2026\/09\/02201056\/DisplayAds-970x2503-1-768x198.jpg 768w, https:\/\/cdn.noticel.com\/2026\/09\/02201056\/DisplayAds-970x2503-1-18x5.jpg 18w\" sizes=\"(max-width: 970px) 100vw, 970px\" width=\"970\" height=\"250\"   \/><\/a><\/div>\n\n\n\n<p>El mapa muestra que las condiciones m\u00e1s cr\u00edticas se concentran en sectores del sur, desde el suroeste hacia el centro-sur, as\u00ed como en una amplia porci\u00f3n del este de Puerto Rico. Vieques tambi\u00e9n aparece bajo sequ\u00eda extrema.<\/p>\n\n\n\n<p>No se reportan \u00e1reas bajo sequ\u00eda excepcional, categor\u00eda D4, el nivel m\u00e1s alto de la clasificaci\u00f3n.<\/p>\n\n\n\n<p>La actualizaci\u00f3n del Monitor de Sequ\u00eda de Estados Unidos utiliza informaci\u00f3n de la Administraci\u00f3n Nacional Oce\u00e1nica y Atmosf\u00e9rica, el Departamento de Agricultura de Estados Unidos, la Administraci\u00f3n Nacional de Aeron\u00e1utica y el Espacio y el Centro Nacional de Mitigaci\u00f3n de Sequ\u00edas.<\/p>","protected":false},"excerpt":{"rendered":"<p>\u00a0La sequ\u00eda extrema se extendi\u00f3 esta semana por amplios sectores del litoral sur y el este de Puerto Rico, mientras el 75.2% del territorio se encuentra bajo alg\u00fan nivel de sequ\u00eda, seg\u00fan la actualizaci\u00f3n del Monitor de Sequ\u00eda de Estados Unidos divulgada el jueves. Los datos, con vigencia al 1 de septiembre, muestran que el [&hellip;]<\/p>","protected":false},"author":101,"featured_media":1022299,"comment_status":"open","ping_status":"open","sticky":false,"template":"","format":"standard","meta":{"_acf_changed":false,"_monsterinsights_skip_tracking":false,"ep_exclude_from_search":false,"footnotes":""},"categories":[18,2],"tags":[],"class_list":["post-1022295","post","type-post","status-publish","format-standard","has-post-thumbnail","hentry","category-el-tiempo","category-ultima-hora"],"acf":[],"aioseo_notices":[],"_links":{"self":[{"href":"https:\/\/noticel.com\/en\/wp-json\/wp\/v2\/posts\/1022295","targetHints":{"allow":["GET"]}}],"collection":[{"href":"https:\/\/noticel.com\/en\/wp-json\/wp\/v2\/posts"}],"about":[{"href":"https:\/\/noticel.com\/en\/wp-json\/wp\/v2\/types\/post"}],"author":[{"embeddable":true,"href":"https:\/\/noticel.com\/en\/wp-json\/wp\/v2\/users\/101"}],"replies":[{"embeddable":true,"href":"https:\/\/noticel.com\/en\/wp-json\/wp\/v2\/comments?post=1022295"}],"version-history":[{"count":1,"href":"https:\/\/noticel.com\/en\/wp-json\/wp\/v2\/posts\/1022295\/revisions"}],"predecessor-version":[{"id":1022300,"href":"https:\/\/noticel.com\/en\/wp-json\/wp\/v2\/posts\/1022295\/revisions\/1022300"}],"wp:featuredmedia":[{"embeddable":true,"href":"https:\/\/noticel.com\/en\/wp-json\/wp\/v2\/media\/1022299"}],"wp:attachment":[{"href":"https:\/\/noticel.com\/en\/wp-json\/wp\/v2\/media?parent=1022295"}],"wp:term":[{"taxonomy":"category","embeddable":true,"href":"https:\/\/noticel.com\/en\/wp-json\/wp\/v2\/categories?post=1022295"},{"taxonomy":"post_tag","embeddable":true,"href":"https:\/\/noticel.com\/en\/wp-json\/wp\/v2\/tags?post=1022295"}],"curies":[{"name":"wp","href":"https:\/\/api.w.org\/{rel}","templated":true}]}}