{"id":1022288,"date":"2026-09-03T12:22:05","date_gmt":"2026-09-03T16:22:05","guid":{"rendered":""},"modified":"2026-09-03T12:30:00","modified_gmt":"2026-09-03T16:30:00","slug":"viva-cristo-rey-el-lema-de-de-la-espriella-que-abre-el-debate-sobre-politica-y-religion","status":"publish","type":"post","link":"https:\/\/noticel.com\/en\/ultima-hora\/20260903\/viva-cristo-rey-el-lema-de-de-la-espriella-que-abre-el-debate-sobre-politica-y-religion\/","title":{"rendered":"\u00abViva Cristo Rey\u00bb, el lema de De la Espriella que abre el debate sobre pol\u00edtica y religi\u00f3n"},"content":{"rendered":"<ul class=\"wp-block-list\">\n<li><\/li>\n<\/ul>\n\n\n\n<p>EFE &#8211; La frase \u00abViva Cristo Rey\u00bb y la presencia de la religi\u00f3n en actos del Gobierno colombiano hacen parte del sello que el presidente, Abelardo de la Espriella, est\u00e1 imponiendo a su mandato, lo que ha abierto un debate sobre si el mandatario est\u00e1 vulnerando la neutralidad religiosa del Estado.<\/p>\n\n\n\n<p>El debate, que tiene ya hasta una derivada judicial, se encarg\u00f3 de azuzarlo el propio De la Espriella en su investidura, el pasado 7 de agosto, en la que intervinieron tres religiosos de distintas confesiones y donde, por primera vez, grit\u00f3 \u00ab\u00a1Viva Cristo Rey!\u00bb, un lema que se ha vuelto ya un cierre habitual de sus alocuciones y mensajes en redes sociales.<\/p>\n\n\n\n<p>La profesora Bibiana Ortega, del departamento de Ciencia Pol\u00edtica de la Universidad Javeriana de Bogot\u00e1, apunta a EFE que este uso de la religi\u00f3n hace parte de \u00abla batalla cultural\u00bb que De la Espriella \u00abha afirmado dar\u00e1 bajo su mandato\u00bb.<\/p>\n\n\n\n<p>Ortega considera que en esta puja el cristianismo, en general, \u00abes un pilar\u00bb que el presidente colombiano destaca como un aspecto clave de \u00abla identidad\u00bb que puede unir a Colombia, pero que no gira s\u00f3lo en torno a la Iglesia cat\u00f3lica, sino alrededor de varios credos, con sus respectivos grupos de inter\u00e9s detr\u00e1s.<\/p>\n\n\n\n<p><strong>El papel de la religi\u00f3n<br><\/strong>Buena parte del electorado del presidente colombiano procede de la feligres\u00eda de las iglesias cat\u00f3lica y evang\u00e9lica, que lo ven como un hombre de familia, contrario al aborto y a lo que denomina \u00abideolog\u00eda de g\u00e9nero\u00bb.<\/p>\n\n\n\n<p>Esto contrasta con videos y mensajes del propio De la Espriella de hace m\u00e1s de una d\u00e9cada en los que en redes sociales se declaraba ateo. El presidente responde que hace seis a\u00f1os recuper\u00f3 la fe y se declar\u00f3 cat\u00f3lico.<\/p>\n\n\n\n<p>Durante la campa\u00f1a que lo llev\u00f3 a la Presidencia, su partido, Defensores de la Patria, se\u00f1al\u00f3 que De la Espriella \u00abno se considera un pol\u00edtico tradicional, sino un instrumento de la voluntad de Dios llamado a cambiar el rumbo de Colombia de manera definitiva\u00bb.<\/p><div class=\"notic-content-middle\" id=\"notic-2473931053\"><div class=\"notic-adlabel\">Advertisements<\/div><a data-no-instant=\"1\" href=\"https:\/\/www.asegurate-bien.com\/\" rel=\"noopener\" class=\"a2t-link\" target=\"_blank\" aria-label=\"Acodese-Adaptaciones-Noticel-300&#215;250\"><img loading=\"lazy\" decoding=\"async\" src=\"https:\/\/cdn.noticel.com\/2026\/05\/30094423\/Acodese-Adaptaciones-Noticel-300x250-1.jpg\" alt=\"\"  srcset=\"https:\/\/cdn.noticel.com\/2026\/05\/30094423\/Acodese-Adaptaciones-Noticel-300x250-1.jpg 300w, https:\/\/cdn.noticel.com\/2026\/05\/30094423\/Acodese-Adaptaciones-Noticel-300x250-1-14x12.jpg 14w\" sizes=\"(max-width: 300px) 100vw, 300px\" width=\"300\" height=\"250\"   \/><\/a><\/div>\n\n\n\n<p>Una vez gan\u00f3 las elecciones el pasado 21 de junio, el peso de la religi\u00f3n se torn\u00f3 a\u00fan m\u00e1s evidente con la designaci\u00f3n del pastor evang\u00e9lico Jaime Andr\u00e9s Beltr\u00e1n como ministro de Vivienda, entre otros gestos.<br>El primero de agosto, seis d\u00edas antes de asumir el cargo, De la Espriella organiz\u00f3 un \u00abretiro espiritual\u00bb con sus ministros en el que asegur\u00f3 que pondr\u00eda a Dios \u00aben el centro de cada decisi\u00f3n\u00bb.<\/p>\n\n\n\n<p>En esa reuni\u00f3n le entreg\u00f3 a cada uno de los asistentes una biblia. Igualmente, en los videos publicados de ese d\u00eda, se ve a De la Espriella arrodillado rezando, as\u00ed como im\u00e1genes de un sacerdote oficiando una misa.<\/p>\n\n\n\n<p>\u00abEs un uso simb\u00f3lico que le permite legitimar el proyecto pol\u00edtico (Defensores de la Patria) que fund\u00f3. Una de las patas de ese proyecto pol\u00edtico se fund\u00f3 en ciertos temas religiosos. Me parece que si \u00e9l est\u00e1 buscando hablarle a un p\u00fablico, pues ah\u00ed le est\u00e1 hablando a su p\u00fablico y su p\u00fablico se siente representado y no se siente amenazado\u00bb, a\u00f1ade la profesora Ortega.<\/p>\n\n\n\n<p><strong>Investidura y manejo<br><\/strong>Pese a que Colombia es un Estado laico, la religi\u00f3n fue protagonista en la investidura. Durante el acto intervino el rabino David Michaan, quien ley\u00f3 vers\u00edculos del Antiguo Testamento y termin\u00f3 su discurso al grito de \u00abViva Colombia y viva Israel\u00bb.<\/p>\n\n\n\n<p>Le siguieron el pastor Eduardo Ca\u00f1as Estrada y el monse\u00f1or Francisco M\u00fanera, que pidieron, por separado, que cesen los atentados terroristas, vuelva la seguridad y prime la uni\u00f3n en Colombia.<br>Por esa raz\u00f3n, un juez orden\u00f3 el mi\u00e9rcoles pasado al mandatario, al resolver en primera instancia una acci\u00f3n de tutela (recurso de amparo), que \u00aben alocuci\u00f3n en radio y televisi\u00f3n a realizarse el martes 30 de septiembre de 2026\u00bb ofreciera disculpas al pa\u00eds \u00abpor haber vulnerado la neutralidad religiosa del Estado\u00bb.<\/p>\n\n\n\n<p>El presidente cumpli\u00f3 con el requerimiento, pero a la vez apel\u00f3 la decisi\u00f3n judicial y ha seguido empleando el controvertido lema religioso en casi todas sus intervenciones p\u00fablicas posteriores.<br>De la Espriella tambi\u00e9n es criticado por sus opositores porque, a pesar de defender los valores cristianos, esta semana difundi\u00f3 un video en el que aparece caminando entre los cad\u00e1veres embolsados de 23 supuestos disidentes de las FARC muertos en una operaci\u00f3n militar en el departamento del Guaviare (centro-sur).<\/p>\n\n\n\n<p>\u00abSe pasea entre las bolsas con los cad\u00e1veres. Casi los pisa con desprecio. Se dice cristiano, pero en realidad es un ser sin escr\u00fapulos y sin el m\u00e1s m\u00ednimo sentido de humanidad\u00bb, se\u00f1al\u00f3 en X el senador opositor Iv\u00e1n Cepeda, el candidato izquierdista derrotado en las elecciones de junio pasado.<br><\/p>","protected":false},"excerpt":{"rendered":"<p>EFE &#8211; La frase \u00abViva Cristo Rey\u00bb y la presencia de la religi\u00f3n en actos del Gobierno colombiano hacen parte del sello que el presidente, Abelardo de la Espriella, est\u00e1 imponiendo a su mandato, lo que ha abierto un debate sobre si el mandatario est\u00e1 vulnerando la neutralidad religiosa del Estado. El debate, que tiene [&hellip;]<\/p>","protected":false},"author":102,"featured_media":1022289,"comment_status":"open","ping_status":"open","sticky":false,"template":"","format":"standard","meta":{"_acf_changed":false,"_monsterinsights_skip_tracking":false,"ep_exclude_from_search":false,"footnotes":""},"categories":[17,3,2],"tags":[232,6819],"class_list":["post-1022288","post","type-post","status-publish","format-standard","has-post-thumbnail","hentry","category-mundo","category-noticias","category-ultima-hora","tag-colombia","tag-religion-2"],"acf":[],"aioseo_notices":[],"_links":{"self":[{"href":"https:\/\/noticel.com\/en\/wp-json\/wp\/v2\/posts\/1022288","targetHints":{"allow":["GET"]}}],"collection":[{"href":"https:\/\/noticel.com\/en\/wp-json\/wp\/v2\/posts"}],"about":[{"href":"https:\/\/noticel.com\/en\/wp-json\/wp\/v2\/types\/post"}],"author":[{"embeddable":true,"href":"https:\/\/noticel.com\/en\/wp-json\/wp\/v2\/users\/102"}],"replies":[{"embeddable":true,"href":"https:\/\/noticel.com\/en\/wp-json\/wp\/v2\/comments?post=1022288"}],"version-history":[{"count":1,"href":"https:\/\/noticel.com\/en\/wp-json\/wp\/v2\/posts\/1022288\/revisions"}],"predecessor-version":[{"id":1022290,"href":"https:\/\/noticel.com\/en\/wp-json\/wp\/v2\/posts\/1022288\/revisions\/1022290"}],"wp:featuredmedia":[{"embeddable":true,"href":"https:\/\/noticel.com\/en\/wp-json\/wp\/v2\/media\/1022289"}],"wp:attachment":[{"href":"https:\/\/noticel.com\/en\/wp-json\/wp\/v2\/media?parent=1022288"}],"wp:term":[{"taxonomy":"category","embeddable":true,"href":"https:\/\/noticel.com\/en\/wp-json\/wp\/v2\/categories?post=1022288"},{"taxonomy":"post_tag","embeddable":true,"href":"https:\/\/noticel.com\/en\/wp-json\/wp\/v2\/tags?post=1022288"}],"curies":[{"name":"wp","href":"https:\/\/api.w.org\/{rel}","templated":true}]}}