{"id":1022278,"date":"2026-09-03T11:39:07","date_gmt":"2026-09-03T15:39:07","guid":{"rendered":""},"modified":"2026-09-03T11:48:31","modified_gmt":"2026-09-03T15:48:31","slug":"alcalde-de-jayuya-le-reclama-al-dtop-por-el-deterioro-en-las-carreteras-del-pueblo","status":"publish","type":"post","link":"https:\/\/noticel.com\/en\/ultima-hora\/20260903\/alcalde-de-jayuya-le-reclama-al-dtop-por-el-deterioro-en-las-carreteras-del-pueblo\/","title":{"rendered":"Alcalde de Jayuya le reclama al DTOP por el deterioro en las carreteras del pueblo"},"content":{"rendered":"<p>El alcalde de Jayuya, Jorge Gonz\u00e1lez, acudi\u00f3 a su cuenta de Facebook para denunciar el mal estado de sus carreteras y le pidi\u00f3 al secretario de Transportaci\u00f3n y Obras P\u00fablicas, Edwin Gonz\u00e1lez Montalvo, que act\u00fae.<\/p>\n\n\n\n<p>\u00abEl deterioro de las carreteras estatales en Jayuya es un asunto de salvar vidas\u00bb, escribi\u00f3 el alcalde al referirse a un incidente ocurrido el s\u00e1bado en que dos j\u00f3venes, seg\u00fan indic\u00f3, se accidentaron \u00aba causa del hundimiento en la carretera PR-141, km 1.3\u00bb.<\/p>\n\n\n\n<p>Seg\u00fan cont\u00f3 el tambi\u00e9n presidente de la Asociaci\u00f3n de Alcaldes, el veh\u00edculo se volc\u00f3 y sufrieron heridas leves. <\/p><div class=\"notic-content-middle\" id=\"notic-3378531470\"><div class=\"notic-adlabel\">Advertisements<\/div><a data-no-instant=\"1\" href=\"https:\/\/qrco.de\/bgxd5v\" rel=\"noopener\" class=\"a2t-link\" target=\"_blank\" aria-label=\"300X600-SEBUSCA\"><img loading=\"lazy\" decoding=\"async\" src=\"https:\/\/cdn.noticel.com\/2026\/09\/02194007\/300X600-SEBUSCA.jpg\" alt=\"\"  srcset=\"https:\/\/cdn.noticel.com\/2026\/09\/02194007\/300X600-SEBUSCA.jpg 300w, https:\/\/cdn.noticel.com\/2026\/09\/02194007\/300X600-SEBUSCA-150x300.jpg 150w, https:\/\/cdn.noticel.com\/2026\/09\/02194007\/300X600-SEBUSCA-6x12.jpg 6w\" sizes=\"(max-width: 300px) 100vw, 300px\" width=\"300\" height=\"600\"   \/><\/a><\/div>\n\n\n\n<p>\u00abEn la noche, el \u00e1rea carece de iluminaci\u00f3n adecuada y resulta inadmisible continuar esperando a que ocurra una fatalidad. Llevamos a\u00f1os denunciando esta situaci\u00f3n: expropiamos estructuras, adquirimos terrenos aleda\u00f1os y preparamos todo el escenario para su reparaci\u00f3n; sin embargo, la acci\u00f3n del Departamento de Transportaci\u00f3n y Obras P\u00fablicas (DTOP) no llega\u00bb, escribi\u00f3 el ejecutivo jayuyano.<\/p>\n\n\n\n<p>El alcalde tambi\u00e9n habl\u00f3 sobre el pobre estado de la carretera PR-5140 donde, seg\u00fan Gonz\u00e1lez, \u00ablas vallas de seguridad contin\u00faan cediendo hacia el precipicio debido a los constantes deslizamientos de terreno\u00bb.<\/p>\n\n\n\n<p>\u00abEn Jayuya estamos ejecutando una reconstrucci\u00f3n hist\u00f3rica en todas las v\u00edas municipales, pero el gobierno central tiene que asumir su responsabilidad y garantizar la seguridad vial en las estatales. Por todo lo anterior, hago nuevamente un llamado urgente al Departamento de Transportaci\u00f3n y Obras P\u00fablicas y a su secretario, el Ing. Edwin Gonz\u00e1lez Montalvo, con el \u00fanico prop\u00f3sito de salvaguardar vidas\u00bb.<\/p>\n\n\n\n<p><\/p>","protected":false},"excerpt":{"rendered":"<p>El alcalde de Jayuya, Jorge Gonz\u00e1lez, acudi\u00f3 a su cuenta de Facebook para denunciar el mal estado de sus carreteras y le pidi\u00f3 al secretario de Transportaci\u00f3n y Obras P\u00fablicas, Edwin Gonz\u00e1lez Montalvo, que act\u00fae. \u00abEl deterioro de las carreteras estatales en Jayuya es un asunto de salvar vidas\u00bb, escribi\u00f3 el alcalde al referirse a [&hellip;]<\/p>","protected":false},"author":100,"featured_media":984177,"comment_status":"open","ping_status":"open","sticky":false,"template":"","format":"standard","meta":{"_acf_changed":false,"_monsterinsights_skip_tracking":false,"ep_exclude_from_search":false,"footnotes":""},"categories":[21,3,2],"tags":[688,1863],"class_list":["post-1022278","post","type-post","status-publish","format-standard","has-post-thumbnail","hentry","category-energia","category-noticias","category-ultima-hora","tag-carreteras","tag-jayuya"],"acf":[],"aioseo_notices":[],"_links":{"self":[{"href":"https:\/\/noticel.com\/en\/wp-json\/wp\/v2\/posts\/1022278","targetHints":{"allow":["GET"]}}],"collection":[{"href":"https:\/\/noticel.com\/en\/wp-json\/wp\/v2\/posts"}],"about":[{"href":"https:\/\/noticel.com\/en\/wp-json\/wp\/v2\/types\/post"}],"author":[{"embeddable":true,"href":"https:\/\/noticel.com\/en\/wp-json\/wp\/v2\/users\/100"}],"replies":[{"embeddable":true,"href":"https:\/\/noticel.com\/en\/wp-json\/wp\/v2\/comments?post=1022278"}],"version-history":[{"count":2,"href":"https:\/\/noticel.com\/en\/wp-json\/wp\/v2\/posts\/1022278\/revisions"}],"predecessor-version":[{"id":1022283,"href":"https:\/\/noticel.com\/en\/wp-json\/wp\/v2\/posts\/1022278\/revisions\/1022283"}],"wp:featuredmedia":[{"embeddable":true,"href":"https:\/\/noticel.com\/en\/wp-json\/wp\/v2\/media\/984177"}],"wp:attachment":[{"href":"https:\/\/noticel.com\/en\/wp-json\/wp\/v2\/media?parent=1022278"}],"wp:term":[{"taxonomy":"category","embeddable":true,"href":"https:\/\/noticel.com\/en\/wp-json\/wp\/v2\/categories?post=1022278"},{"taxonomy":"post_tag","embeddable":true,"href":"https:\/\/noticel.com\/en\/wp-json\/wp\/v2\/tags?post=1022278"}],"curies":[{"name":"wp","href":"https:\/\/api.w.org\/{rel}","templated":true}]}}