{"id":1022268,"date":"2026-09-03T11:23:34","date_gmt":"2026-09-03T15:23:34","guid":{"rendered":""},"modified":"2026-09-03T11:32:19","modified_gmt":"2026-09-03T15:32:19","slug":"hallan-cadaver-en-un-zafacon-en-barrio-obrero","status":"publish","type":"post","link":"https:\/\/noticel.com\/en\/noticias\/20260903\/hallan-cadaver-en-un-zafacon-en-barrio-obrero\/","title":{"rendered":"Hallan cad\u00e1ver en un zafac\u00f3n en Barrio Obrero"},"content":{"rendered":"<p>La Polic\u00eda inform\u00f3 el jueves que una persona fue encontrada sin signos vitales durante la ma\u00f1ana dentro de un zafac\u00f3n en la calle Tommy Olivencia, intersecci\u00f3n con la calle R\u00edo Grande, cerca de la Plaza de los Salseros, en Barrio Obrero.<\/p>\n\n\n\n<p>Seg\u00fan la Uniformada, agentes fueron alertados cerca de las 9:20 de la ma\u00f1ana sobre la situaci\u00f3n y acudieron al lugar.<\/p>\n\n\n\n<p>Las autoridades indicaron que, al momento, no se hab\u00eda determinado si la persona presentaba signos de violencia ni se hab\u00eda establecido su identidad. Tambi\u00e9n permanec\u00edan bajo investigaci\u00f3n las circunstancias en las que la persona termin\u00f3 dentro del zafac\u00f3n.<\/p><div class=\"notic-content-middle\" id=\"notic-217122400\"><div class=\"notic-adlabel\">Advertisements<\/div><a data-no-instant=\"1\" href=\"https:\/\/qrco.de\/bgxd5v\" rel=\"noopener\" class=\"a2t-link\" target=\"_blank\" aria-label=\"DisplayAds-300&#215;2502\"><img loading=\"lazy\" decoding=\"async\" src=\"https:\/\/cdn.noticel.com\/2026\/09\/02200544\/DisplayAds-300x2502-1.jpg\" alt=\"\"  srcset=\"https:\/\/cdn.noticel.com\/2026\/09\/02200544\/DisplayAds-300x2502-1.jpg 300w, https:\/\/cdn.noticel.com\/2026\/09\/02200544\/DisplayAds-300x2502-1-14x12.jpg 14w\" sizes=\"(max-width: 300px) 100vw, 300px\" width=\"300\" height=\"250\"   \/><\/a><\/div>\n\n\n\n<p>Personal de la Divisi\u00f3n de Homicidios del Cuerpo de Investigaciones Criminales (CIC) de San Juan y el fiscal de turno se dirig\u00edan a la escena para asumir la investigaci\u00f3n.<\/p>\n\n\n\n<p>La Polic\u00eda exhort\u00f3 a quien tenga informaci\u00f3n que ayude en el esclarecimiento de casos a comunicarse al 787-343-2020, o escribir a trav\u00e9s de X en @PRPDNoticias o en Facebook en&nbsp;<a href=\"https:\/\/www.facebook.com\/prpdgov\">www.facebook.com\/prpdgov<\/a>.<\/p>","protected":false},"excerpt":{"rendered":"<p>La Polic\u00eda inform\u00f3 el jueves que una persona fue encontrada sin signos vitales durante la ma\u00f1ana dentro de un zafac\u00f3n en la calle Tommy Olivencia, intersecci\u00f3n con la calle R\u00edo Grande, cerca de la Plaza de los Salseros, en Barrio Obrero. Seg\u00fan la Uniformada, agentes fueron alertados cerca de las 9:20 de la ma\u00f1ana sobre [&hellip;]<\/p>","protected":false},"author":101,"featured_media":1022269,"comment_status":"open","ping_status":"open","sticky":false,"template":"","format":"standard","meta":{"_acf_changed":false,"_monsterinsights_skip_tracking":false,"ep_exclude_from_search":false,"footnotes":""},"categories":[3,15],"tags":[1822,786],"class_list":["post-1022268","post","type-post","status-publish","format-standard","has-post-thumbnail","hentry","category-noticias","category-policiacas","tag-barrio-obrero","tag-muerte"],"acf":[],"aioseo_notices":[],"_links":{"self":[{"href":"https:\/\/noticel.com\/en\/wp-json\/wp\/v2\/posts\/1022268","targetHints":{"allow":["GET"]}}],"collection":[{"href":"https:\/\/noticel.com\/en\/wp-json\/wp\/v2\/posts"}],"about":[{"href":"https:\/\/noticel.com\/en\/wp-json\/wp\/v2\/types\/post"}],"author":[{"embeddable":true,"href":"https:\/\/noticel.com\/en\/wp-json\/wp\/v2\/users\/101"}],"replies":[{"embeddable":true,"href":"https:\/\/noticel.com\/en\/wp-json\/wp\/v2\/comments?post=1022268"}],"version-history":[{"count":1,"href":"https:\/\/noticel.com\/en\/wp-json\/wp\/v2\/posts\/1022268\/revisions"}],"predecessor-version":[{"id":1022271,"href":"https:\/\/noticel.com\/en\/wp-json\/wp\/v2\/posts\/1022268\/revisions\/1022271"}],"wp:featuredmedia":[{"embeddable":true,"href":"https:\/\/noticel.com\/en\/wp-json\/wp\/v2\/media\/1022269"}],"wp:attachment":[{"href":"https:\/\/noticel.com\/en\/wp-json\/wp\/v2\/media?parent=1022268"}],"wp:term":[{"taxonomy":"category","embeddable":true,"href":"https:\/\/noticel.com\/en\/wp-json\/wp\/v2\/categories?post=1022268"},{"taxonomy":"post_tag","embeddable":true,"href":"https:\/\/noticel.com\/en\/wp-json\/wp\/v2\/tags?post=1022268"}],"curies":[{"name":"wp","href":"https:\/\/api.w.org\/{rel}","templated":true}]}}