{"id":1022259,"date":"2026-09-03T10:45:19","date_gmt":"2026-09-03T14:45:19","guid":{"rendered":""},"modified":"2026-09-03T11:27:25","modified_gmt":"2026-09-03T15:27:25","slug":"mejoria-en-el-pmi-pero-se-queda-corto-de-la-mejor-marca-del-ano-que-fue-en-marzo","status":"publish","type":"post","link":"https:\/\/noticel.com\/en\/ultima-hora\/20260903\/mejoria-en-el-pmi-pero-se-queda-corto-de-la-mejor-marca-del-ano-que-fue-en-marzo\/","title":{"rendered":"Mejor\u00eda en el PMI, pero se queda corto de la mejor marca del a\u00f1o, que fue en marzo"},"content":{"rendered":"<p>El \u00cdndice de Gerentes de Compras \u00a0(PMI, por sus siglas en ingl\u00e9s) tuvo una nueva mejor\u00eda en el mes de julio al alcanzar 54.6, cuando en junio marc\u00f3 52.4.<\/p>\n\n\n\n<p>El PMI para el sector manufacturero de Puerto Rico es un esfuerzo colaborativo entre la Asociaci\u00f3n de Industriales de Puerto Rico y el Instituto de Estad\u00edsticas de Puerto Rico. &nbsp;Es una especie de encuesta que se realiza dentro del sector manufacturero, tomando en cuenta empresas con 50 empleado o m\u00e1s, y su fin es medir la salud de la econom\u00eda tomando en cuenta el panorama empresarial en diferentes sectores.<\/p>\n\n\n\n<p>Una lectura por encima del umbral de 50 sugiere una expansi\u00f3n en el sector manufacturero con respecto al mes anterior. \u00a0Aunque se trata de una mejor\u00eda al comparar con junio, se queda corto de la marca de marzo, cuando fue de 56.1.<\/p>\n\n\n\n<p>Seg\u00fan el informe publicado por el Instituto de Estad\u00edsticas, el empleo, las entregas de suplidores e inventarios propios registraron mejor\u00edas en comparaci\u00f3n con junio y el empleo, la producci\u00f3n, las nuevas \u00f3rdenes y las entregas de suplidores rebasaron el umbral de 50.<\/p><div class=\"notic-content-middle\" id=\"notic-3734743768\"><div class=\"notic-adlabel\">Advertisements<\/div><a data-no-instant=\"1\" href=\"https:\/\/qrco.de\/bgxd5v\" rel=\"noopener\" class=\"a2t-link\" target=\"_blank\" aria-label=\"300X600-SEBUSCA2\"><img loading=\"lazy\" decoding=\"async\" src=\"https:\/\/cdn.noticel.com\/2026\/09\/02194415\/300X600-SEBUSCA2.jpg\" alt=\"\"  srcset=\"https:\/\/cdn.noticel.com\/2026\/09\/02194415\/300X600-SEBUSCA2.jpg 300w, https:\/\/cdn.noticel.com\/2026\/09\/02194415\/300X600-SEBUSCA2-150x300.jpg 150w, https:\/\/cdn.noticel.com\/2026\/09\/02194415\/300X600-SEBUSCA2-6x12.jpg 6w\" sizes=\"(max-width: 300px) 100vw, 300px\" width=\"300\" height=\"600\"   \/><\/a><\/div>\n\n\n\n<p>Una encuesta suplementaria reflej\u00f3 que los pricipales retos son operaciones (costos 30%) y varias categor\u00edas en 10%, incluyendo falta de confiabilidad en servicios p\u00fablicos.<\/p>\n\n\n\n<p>El PMI ha estado sobre el nivel de 50 en 121 de 195 meses desde que se cre\u00f3 la encuesta.<\/p>\n\n\n\n<p>Las nuevas \u00f3rdenes y la producci\u00f3n se ubican en 57.7. Sin embargo, en el caso de nuevas \u00f3rdenes representa una reducci\u00f3n, aunque se ha mantenido sobre 50 por tres meses seguidos. En el caso de la producci\u00f3n tambi\u00e9n fue una reducci\u00f3n, pero ha estado sobre 50 por seis meses seguidos.<\/p>\n\n\n\n<p>El empleo tuvo el mejor registro con 61.5 y el inventario propio fue el de peor rendimiento con 42.3.<\/p>","protected":false},"excerpt":{"rendered":"<p>El \u00cdndice de Gerentes de Compras \u00a0(PMI, por sus siglas en ingl\u00e9s) tuvo una nueva mejor\u00eda en el mes de julio al alcanzar 54.6, cuando en junio marc\u00f3 52.4. El PMI para el sector manufacturero de Puerto Rico es un esfuerzo colaborativo entre la Asociaci\u00f3n de Industriales de Puerto Rico y el Instituto de Estad\u00edsticas [&hellip;]<\/p>","protected":false},"author":2736,"featured_media":1022266,"comment_status":"open","ping_status":"open","sticky":false,"template":"","format":"standard","meta":{"_acf_changed":false,"_monsterinsights_skip_tracking":false,"ep_exclude_from_search":false,"footnotes":""},"categories":[22,26,2],"tags":[1660,4054],"class_list":["post-1022259","post","type-post","status-publish","format-standard","has-post-thumbnail","hentry","category-economia","category-empresarismo","category-ultima-hora","tag-manufactura","tag-pmi"],"acf":[],"aioseo_notices":[],"_links":{"self":[{"href":"https:\/\/noticel.com\/en\/wp-json\/wp\/v2\/posts\/1022259","targetHints":{"allow":["GET"]}}],"collection":[{"href":"https:\/\/noticel.com\/en\/wp-json\/wp\/v2\/posts"}],"about":[{"href":"https:\/\/noticel.com\/en\/wp-json\/wp\/v2\/types\/post"}],"author":[{"embeddable":true,"href":"https:\/\/noticel.com\/en\/wp-json\/wp\/v2\/users\/2736"}],"replies":[{"embeddable":true,"href":"https:\/\/noticel.com\/en\/wp-json\/wp\/v2\/comments?post=1022259"}],"version-history":[{"count":1,"href":"https:\/\/noticel.com\/en\/wp-json\/wp\/v2\/posts\/1022259\/revisions"}],"predecessor-version":[{"id":1022267,"href":"https:\/\/noticel.com\/en\/wp-json\/wp\/v2\/posts\/1022259\/revisions\/1022267"}],"wp:featuredmedia":[{"embeddable":true,"href":"https:\/\/noticel.com\/en\/wp-json\/wp\/v2\/media\/1022266"}],"wp:attachment":[{"href":"https:\/\/noticel.com\/en\/wp-json\/wp\/v2\/media?parent=1022259"}],"wp:term":[{"taxonomy":"category","embeddable":true,"href":"https:\/\/noticel.com\/en\/wp-json\/wp\/v2\/categories?post=1022259"},{"taxonomy":"post_tag","embeddable":true,"href":"https:\/\/noticel.com\/en\/wp-json\/wp\/v2\/tags?post=1022259"}],"curies":[{"name":"wp","href":"https:\/\/api.w.org\/{rel}","templated":true}]}}