{"id":1022219,"date":"2026-09-03T08:11:46","date_gmt":"2026-09-03T12:11:46","guid":{"rendered":""},"modified":"2026-09-03T08:21:22","modified_gmt":"2026-09-03T12:21:22","slug":"fallece-la-escritora-y-periodista-gloria-steinem-leyenda-del-feminismo","status":"publish","type":"post","link":"https:\/\/noticel.com\/en\/ultima-hora\/20260903\/fallece-la-escritora-y-periodista-gloria-steinem-leyenda-del-feminismo\/","title":{"rendered":"Fallece la escritora y periodista Gloria Steinem, leyenda del feminismo"},"content":{"rendered":"<ul class=\"wp-block-list\">\n<li><\/li>\n<\/ul>\n\n\n\n<p>EFE &#8211; La escritora y periodista estadounidense Gloria Steinem, una leyenda del activismo feminista, falleci\u00f3 en su casa de Nueva York a los 92 a\u00f1os, seg\u00fan inform\u00f3 su perfil de Instagram.<\/p>\n\n\n\n<p>La autora, nacida en Toledo (Ohio), falleci\u00f3 ayer \u00aben paz en su casa de Nueva York, rodeada de muchos de sus seres queridos. Sus casi cien a\u00f1os de vida fueron plenos y sigui\u00f3 trabajando por la igualdad hasta el final\u00bb, indica el mensaje colgado en la red social.<\/p>\n\n\n\n<p>\u00abEl mayor don de Gloria era su capacidad para escuchar a los dem\u00e1s, para hacer que se sintieran comprendidos y escuchados. Sus palabras, acciones y ejemplo les daban a las personas la libertad de ser ellas mismas. Gloria vivi\u00f3 fiel a su esp\u00edritu independiente, siempre con curiosidad y un gran sentido del humor\u00bb, agrega.<\/p>\n\n\n\n<p>Steinem naci\u00f3 el 25 de marzo de 1934 y por traslados de su familia a lo largo de Estados Unidos no acudi\u00f3 con regularidad al colegio hasta los 11 a\u00f1os.<\/p>\n\n\n\n<p>Estudi\u00f3 Gobierno en la universidad estadounidense Smith College, una carrera poco habitual entre las mujeres. Al terminar, pas\u00f3 por la experiencia de abortar de forma ilegal.<\/p><div class=\"notic-content-middle\" id=\"notic-1839807689\"><div class=\"notic-adlabel\">Advertisements<\/div><a data-no-instant=\"1\" href=\"https:\/\/qrco.de\/bgxd5v\" rel=\"noopener\" class=\"a2t-link\" target=\"_blank\" aria-label=\"DisplayAds-300&#215;250\"><img loading=\"lazy\" decoding=\"async\" src=\"https:\/\/cdn.noticel.com\/2026\/09\/02200431\/DisplayAds-300x250-1.jpg\" alt=\"\"  srcset=\"https:\/\/cdn.noticel.com\/2026\/09\/02200431\/DisplayAds-300x250-1.jpg 300w, https:\/\/cdn.noticel.com\/2026\/09\/02200431\/DisplayAds-300x250-1-14x12.jpg 14w\" sizes=\"(max-width: 300px) 100vw, 300px\" width=\"300\" height=\"250\"   \/><\/a><\/div>\n\n\n\n<p>Trabaj\u00f3 como directora de la \u00abIndependent Research Service\u00bb, organizaci\u00f3n financiada por la CIA, pero pronto se volc\u00f3 en el periodismo como \u00abfreelance\u00bb, escribiendo en la revista \u00abEsquire\u00bb, con temas que afectaban a las mujeres.<\/p>\n\n\n\n<p>En los a\u00f1os sesenta tambi\u00e9n colabora con la revista \u00abHuntington Hartford&#8217;s Show\u00bb y se infiltra en el Playboy Club de Nueva York como \u00abconejita\u00bb para destapar las condiciones en las que viv\u00edan esas mujeres.<\/p>\n\n\n\n<p>Fue miembro del equipo fundacional de \u00abNew York Magazine\u00bb en 1968 y, tras cubrir un acto sobre el aborto, invent\u00f3 el concepto &#8216;libertad de reproducci\u00f3n&#8217;, es decir, la libertad de tener hijos o no tenerlos.<br>Cre\u00f3 junto a otras feministas como Bella Abzug y Betty Friedan el \u00abCaucus Pol\u00edtico Nacional de Mujeres\u00bb y fue fundadora en los a\u00f1os setenta junto con Dorothy Pitman Hughes de la primera revista feminista \u00abMs\u00bb (\u00abSe\u00f1ora\u00bb).<\/p>\n\n\n\n<p>El mensaje escrito en su perfil indica que Steinem \u00abpas\u00f3 sus \u00faltimos a\u00f1os haciendo las dos cosas que m\u00e1s amaba: compartir con los dem\u00e1s y escribir\u00bb.<\/p>\n\n\n\n<p>La escritora, que sufri\u00f3 c\u00e1ncer de mama en la d\u00e9cada de los ochenta, gan\u00f3 en 2021 en Espa\u00f1a el Premio Princesa de Asturias de Comunicaci\u00f3n y Humanidades.<\/p>","protected":false},"excerpt":{"rendered":"<p>EFE &#8211; La escritora y periodista estadounidense Gloria Steinem, una leyenda del activismo feminista, falleci\u00f3 en su casa de Nueva York a los 92 a\u00f1os, seg\u00fan inform\u00f3 su perfil de Instagram. La autora, nacida en Toledo (Ohio), falleci\u00f3 ayer \u00aben paz en su casa de Nueva York, rodeada de muchos de sus seres queridos. Sus [&hellip;]<\/p>","protected":false},"author":102,"featured_media":1022226,"comment_status":"open","ping_status":"open","sticky":false,"template":"","format":"standard","meta":{"_acf_changed":false,"_monsterinsights_skip_tracking":false,"ep_exclude_from_search":false,"footnotes":""},"categories":[16,3,2],"tags":[6941],"class_list":["post-1022219","post","type-post","status-publish","format-standard","has-post-thumbnail","hentry","category-estados-unidos","category-noticias","category-ultima-hora","tag-gloria-steinem"],"acf":[],"aioseo_notices":[],"_links":{"self":[{"href":"https:\/\/noticel.com\/en\/wp-json\/wp\/v2\/posts\/1022219","targetHints":{"allow":["GET"]}}],"collection":[{"href":"https:\/\/noticel.com\/en\/wp-json\/wp\/v2\/posts"}],"about":[{"href":"https:\/\/noticel.com\/en\/wp-json\/wp\/v2\/types\/post"}],"author":[{"embeddable":true,"href":"https:\/\/noticel.com\/en\/wp-json\/wp\/v2\/users\/102"}],"replies":[{"embeddable":true,"href":"https:\/\/noticel.com\/en\/wp-json\/wp\/v2\/comments?post=1022219"}],"version-history":[{"count":1,"href":"https:\/\/noticel.com\/en\/wp-json\/wp\/v2\/posts\/1022219\/revisions"}],"predecessor-version":[{"id":1022227,"href":"https:\/\/noticel.com\/en\/wp-json\/wp\/v2\/posts\/1022219\/revisions\/1022227"}],"wp:featuredmedia":[{"embeddable":true,"href":"https:\/\/noticel.com\/en\/wp-json\/wp\/v2\/media\/1022226"}],"wp:attachment":[{"href":"https:\/\/noticel.com\/en\/wp-json\/wp\/v2\/media?parent=1022219"}],"wp:term":[{"taxonomy":"category","embeddable":true,"href":"https:\/\/noticel.com\/en\/wp-json\/wp\/v2\/categories?post=1022219"},{"taxonomy":"post_tag","embeddable":true,"href":"https:\/\/noticel.com\/en\/wp-json\/wp\/v2\/tags?post=1022219"}],"curies":[{"name":"wp","href":"https:\/\/api.w.org\/{rel}","templated":true}]}}