{"id":1022213,"date":"2026-09-03T07:55:28","date_gmt":"2026-09-03T11:55:28","guid":{"rendered":""},"modified":"2026-09-03T08:24:26","modified_gmt":"2026-09-03T12:24:26","slug":"municipio-autonomo-de-vega-baja-solicita-propuestas-para-instalacion-de-divisiones-de-cristal-templado","status":"publish","type":"post","link":"https:\/\/noticel.com\/en\/uncategorized\/20260903\/municipio-autonomo-de-vega-baja-solicita-propuestas-para-instalacion-de-divisiones-de-cristal-templado\/","title":{"rendered":"Municipio Aut\u00f3nomo de Vega Baja solicita propuestas para instalaci\u00f3n de divisiones de cristal templado"},"content":{"rendered":"<p>El Municipio Aut\u00f3nomo de Vega Baja, a trav\u00e9s de su Junta de Subastas, solicita propuestas (RFP) de personas naturales o jur\u00eddicas cualificadas para el suministro, transporte, ensamble e instalaci\u00f3n de los sistemas de divisiones interiores en cristal templado con soportes\/perfiler\u00eda de aluminio y sus respectivas puertas, seg\u00fan la distribuci\u00f3n del conceptual arquitect\u00f3nico a suministrarse en el pliego de la propuesta. El alcance del trabajo excluye trabajos de construcci\u00f3n civil, demoliciones, obras el\u00e9ctricas, acabados de pintura y suministro de mobiliario.<\/p>\n\n\n\n<p><strong>Suministro, transporte, ensamble e instalaci\u00f3n de los sistemas de divisiones interiores en cristal templado con soportes\/perfiler\u00eda de aluminio y sus puertas.<\/strong><\/p>\n\n\n\n<p><strong>Disponibilidad de documentos:<\/strong>\u00a0Desde la publicaci\u00f3n del aviso hasta el domingo 13 de septiembre de 2026, hasta las 4:30 p.m., a trav\u00e9s del portal\u00a0<a href=\"https:\/\/vegabaja.streamlinegov.com\/\">https:\/\/vegabaja.streamlinegov.com<\/a>, o accediendo al c\u00f3digo QR al final del aviso. No se aceptar\u00e1n ofertas cuyos pliegos no fueron obtenidos a trav\u00e9s de la plataforma Streamline.<\/p>\n\n\n\n<p><strong>Reuni\u00f3n pre-subasta:<\/strong>&nbsp;Lunes 14 de septiembre, 9:30 a.m., Escuela de Bellas Artes.<\/p>\n\n\n\n<p><strong>Someter ofertas:<\/strong>&nbsp;Viernes 18 de septiembre de 2026, hasta las 8:00 a.m., a trav\u00e9s del portal&nbsp;<a href=\"https:\/\/vegabaja.streamlinegov.com\/\">https:\/\/vegabaja.streamlinegov.com<\/a>&nbsp;o el c\u00f3digo QR al final del aviso. No se aceptar\u00e1n ofertas a trav\u00e9s de correo electr\u00f3nico ni entregadas a mano.<\/p>\n\n\n\n<p><strong>Apertura de ofertas, evaluaci\u00f3n, adjudicaci\u00f3n y notificaci\u00f3n:<\/strong>&nbsp;Viernes 18 de septiembre de 2026, a las 9:00 a.m., en el Sal\u00f3n de Conferencias de la Casa Alcald\u00eda, Calle Jos\u00e9 F. N\u00e1ter N\u00fam. 1, Casco Urbano de Vega Baja.<\/p><div class=\"notic-content-middle\" id=\"notic-456253517\"><div class=\"notic-adlabel\">Advertisements<\/div><img loading=\"lazy\" decoding=\"async\" src=\"https:\/\/cdn.noticel.com\/2026\/09\/02203441\/728x90.jpg\" alt=\"\"  srcset=\"https:\/\/cdn.noticel.com\/2026\/09\/02203441\/728x90.jpg 728w, https:\/\/cdn.noticel.com\/2026\/09\/02203441\/728x90-300x37.jpg 300w, https:\/\/cdn.noticel.com\/2026\/09\/02203441\/728x90-18x2.jpg 18w\" sizes=\"(max-width: 728px) 100vw, 728px\" width=\"728\" height=\"90\"   \/><\/div>\n\n\n\n<p><strong>Breve descripci\u00f3n del proyecto:\u00a0<\/strong>Suministro e instalaci\u00f3n de perfiler\u00eda, montaje de paneles de cristal, instalaci\u00f3n de puertas y herrajes, sellado y calafateado, limpieza, y entrega e inspecci\u00f3n final.<\/p>\n\n\n\n<p>Requisitos B\u00e1sicos de Participaci\u00f3n:<\/p>\n\n\n\n<ol class=\"wp-block-list\">\n<li>Ser una persona natural o jur\u00eddica con las credenciales para hacer negocios en Puerto Rico.<\/li>\n\n\n\n<li>Seguros: Capacidad para presentar P\u00f3lizas endosadas a favor del municipio, Responsabilidad P\u00fablica por $500.000, P\u00f3liza de la CFDSE, Patente Municipal.<\/li>\n\n\n\n<li>Certificaci\u00f3n de Deudas: Los licitadores no deber\u00e1n tener deudas pendientes con el Municipio Aut\u00f3nomo de Vega Baja o el gobierno estatal. De ser as\u00ed, deber\u00e1 tener vigente un plan de pago.<\/li>\n<\/ol>\n\n\n\n<p>Para comunicarse favor de llamar a la Junta de Subasta al (787) 855-2500 Ext. 2402 o al siguiente correo electr\u00f3nico,&nbsp;<a href=\"mailto:juntasubasta@vegabaja.gov.pr\">juntasubasta@vegabaja.gov.pr<\/a>&nbsp;.<\/p>\n\n\n\n<p>El Municipio Aut\u00f3nomo de Vega Baja se reserva el derecho de cancelar el aviso publicado, sin penalidad. El Municipio se reserva el derecho de rechazar una o todas las proposiciones recibidas, cambiar esta solicitud de propuesta y de aceptar y adjudicar, tomando en consideraci\u00f3n no solo el precio, si no todas las condiciones que resulten favorables a los mejores intereses del municipio.<\/p>\n\n\n\n<p>El Municipio Aut\u00f3nomo de Vega Baja no discrimina por raz\u00f3n de edad, raza, color, sexo, nacimiento, condici\u00f3n de veterano, ideolog\u00eda pol\u00edtica o religiosa, origen o condici\u00f3n social, orientaci\u00f3n sexual o identidad de g\u00e9nero, discapacidad o impedimento f\u00edsico o mental, ni por ser v\u00edctima de violencia dom\u00e9stica, agresi\u00f3n sexual o acecho. La publicaci\u00f3n de este anuncio es requerida por la Ley 107 del 14 de agosto de 2020, seg\u00fan enmendada \u2013 Libro II, Cap. V, Art. 2.035 subasta p\u00fablica \u2013 norma general (21L.P.R.A. \u00a77211). Compra de equipos, suministro y servicios. A tenor con lo dispuesto en la Ley 58-2020, a la Ley 222 -2011.<\/p>","protected":false},"excerpt":{"rendered":"<p>El Municipio Aut\u00f3nomo de Vega Baja, a trav\u00e9s de su Junta de Subastas, solicita propuestas (RFP) de personas naturales o jur\u00eddicas cualificadas para el suministro, transporte, ensamble e instalaci\u00f3n de los sistemas de divisiones interiores en cristal templado con soportes\/perfiler\u00eda de aluminio y sus respectivas puertas, seg\u00fan la distribuci\u00f3n del conceptual arquitect\u00f3nico a suministrarse en [&hellip;]<\/p>","protected":false},"author":100,"featured_media":1022222,"comment_status":"open","ping_status":"open","sticky":false,"template":"","format":"standard","meta":{"_acf_changed":false,"_monsterinsights_skip_tracking":false,"ep_exclude_from_search":false,"footnotes":""},"categories":[1],"tags":[],"class_list":["post-1022213","post","type-post","status-publish","format-standard","has-post-thumbnail","hentry","category-uncategorized"],"acf":[],"aioseo_notices":[],"_links":{"self":[{"href":"https:\/\/noticel.com\/en\/wp-json\/wp\/v2\/posts\/1022213","targetHints":{"allow":["GET"]}}],"collection":[{"href":"https:\/\/noticel.com\/en\/wp-json\/wp\/v2\/posts"}],"about":[{"href":"https:\/\/noticel.com\/en\/wp-json\/wp\/v2\/types\/post"}],"author":[{"embeddable":true,"href":"https:\/\/noticel.com\/en\/wp-json\/wp\/v2\/users\/100"}],"replies":[{"embeddable":true,"href":"https:\/\/noticel.com\/en\/wp-json\/wp\/v2\/comments?post=1022213"}],"version-history":[{"count":3,"href":"https:\/\/noticel.com\/en\/wp-json\/wp\/v2\/posts\/1022213\/revisions"}],"predecessor-version":[{"id":1022229,"href":"https:\/\/noticel.com\/en\/wp-json\/wp\/v2\/posts\/1022213\/revisions\/1022229"}],"wp:featuredmedia":[{"embeddable":true,"href":"https:\/\/noticel.com\/en\/wp-json\/wp\/v2\/media\/1022222"}],"wp:attachment":[{"href":"https:\/\/noticel.com\/en\/wp-json\/wp\/v2\/media?parent=1022213"}],"wp:term":[{"taxonomy":"category","embeddable":true,"href":"https:\/\/noticel.com\/en\/wp-json\/wp\/v2\/categories?post=1022213"},{"taxonomy":"post_tag","embeddable":true,"href":"https:\/\/noticel.com\/en\/wp-json\/wp\/v2\/tags?post=1022213"}],"curies":[{"name":"wp","href":"https:\/\/api.w.org\/{rel}","templated":true}]}}